{"id":2001,"date":"2026-01-17T06:11:15","date_gmt":"2026-01-17T09:11:15","guid":{"rendered":"https:\/\/oexpressobr.com.br\/?p=2001"},"modified":"2026-01-17T06:11:16","modified_gmt":"2026-01-17T09:11:16","slug":"verao-aumenta-riscos-de-esporotricose-em-gatos-e-alerta-autoridades-de-saude-para-o-avanco-da-zoonose","status":"publish","type":"post","link":"https:\/\/oexpressobr.com.br\/?p=2001","title":{"rendered":"Ver\u00e3o aumenta riscos de esporotricose em gatos e alerta autoridades de sa\u00fade para o avan\u00e7o da zoonose"},"content":{"rendered":"\n<p class=\"wp-block-paragraph\">Com a chegada das f\u00e9rias de ver\u00e3o e o aumento das temperaturas, as fam\u00edlias brasileiras ocupam cada vez mais parques, pra\u00e7as e \u00e1reas livres. No entanto, o per\u00edodo exige aten\u00e7\u00e3o redobrada de tutores de animais e frequentadores desses espa\u00e7os. O aumento das horas de luz natural nesta esta\u00e7\u00e3o estimula o ciclo reprodutivo dos felinos, resultando em uma maior circula\u00e7\u00e3o de gatos pelas ruas em busca de parceiros. Esse comportamento, embora natural, tem impulsionado a propaga\u00e7\u00e3o da <strong>esporotricose<\/strong>, uma micose profunda causada por fungos do g\u00eanero <em>Sporothrix spp<\/em>.<\/p>\n\n\n\n<h3 class=\"wp-block-heading\">O avan\u00e7o da &#8220;doen\u00e7a do jardineiro&#8221; entre os felinos<\/h3>\n\n\n\n<p class=\"wp-block-paragraph\">A esporotricose, historicamente conhecida como &#8220;doen\u00e7a do jardineiro&#8221; por estar presente na terra e em vegetais, encontrou nos gatos um hospedeiro e vetor importante em \u00e1reas urbanas. O fungo penetra na pele atrav\u00e9s de arranhaduras, mordeduras ou contato direto com as feridas de animais infectados.<\/p>\n\n\n\n<p class=\"wp-block-paragraph\">As les\u00f5es caracter\u00edsticas s\u00e3o feridas profundas na pele que n\u00e3o cicatrizam e podem evoluir para n\u00f3dulos e ulcera\u00e7\u00f5es graves. Como os gatos t\u00eam o h\u00e1bito de enterrar dejetos e afiar unhas em troncos, o ambiente externo torna-se um reservat\u00f3rio cont\u00ednuo para o fungo, criando um ciclo de contamina\u00e7\u00e3o dif\u00edcil de romper sem interven\u00e7\u00e3o m\u00e9dica.<\/p>\n\n\n\n<h3 class=\"wp-block-heading\">\u00daltimas atualiza\u00e7\u00f5es: O cen\u00e1rio em 2025 e 2026<\/h3>\n\n\n\n<p class=\"wp-block-paragraph\">Dados recentes de secretarias de sa\u00fade em grandes capitais brasileiras indicam que a esporotricose deixou de ser uma doen\u00e7a regional para se tornar uma <strong>emerg\u00eancia de sa\u00fade p\u00fablica<\/strong> em diversas regi\u00f5es:<\/p>\n\n\n\n<ul class=\"wp-block-list\">\n<li><strong>Resist\u00eancia a Medicamentos:<\/strong> Pesquisas recentes apontam para o surgimento de linhagens de <em>Sporothrix brasiliensis<\/em> (a variante mais agressiva) que apresentam maior resist\u00eancia aos tratamentos convencionais com itraconazol, exigindo protocolos veterin\u00e1rios mais longos e custosos.<\/li>\n\n\n\n<li><strong>Expans\u00e3o Geogr\u00e1fica:<\/strong> O fungo, que antes se concentrava no Sudeste, agora registra picos de casos no Nordeste e Sul do pa\u00eds, acompanhando o fluxo migrat\u00f3rio e o abandono de animais.<\/li>\n\n\n\n<li><strong>Zoonose de Alerta:<\/strong> Especialistas refor\u00e7am que a doen\u00e7a \u00e9 uma zoonose \u2014 pode ser transmitida de animais para humanos. Em humanos, a infec\u00e7\u00e3o geralmente se manifesta por feridas nos bra\u00e7os e m\u00e3os, mas em pessoas imunossuprimidas, pode atingir \u00f3rg\u00e3os internos.<\/li>\n<\/ul>\n\n\n\n<h3 class=\"wp-block-heading\">Como prevenir e agir<\/h3>\n\n\n\n<p class=\"wp-block-paragraph\">O Conselho Federal de Medicina Veterin\u00e1ria (CFMV) e \u00f3rg\u00e3os de vigil\u00e2ncia sanit\u00e1ria recomendam medidas rigorosas para conter o surto durante o ver\u00e3o:<\/p>\n\n\n\n<ol start=\"1\" class=\"wp-block-list\">\n<li><strong>Castra\u00e7\u00e3o:<\/strong> \u00c9 a medida mais eficaz para reduzir as sa\u00eddas dos gatos e as brigas por territ\u00f3rio\/acasalamento.<\/li>\n\n\n\n<li><strong>Telas de Prote\u00e7\u00e3o:<\/strong> Manter os felinos dentro de casa impede o contato com animais de rua infectados.<\/li>\n\n\n\n<li><strong>Higiene:<\/strong> Ao manipular gatos desconhecidos ou com feridas, o uso de luvas \u00e9 indispens\u00e1vel.<\/li>\n\n\n\n<li><strong>Tratamento e N\u00e3o Abandono:<\/strong> A esporotricose <strong>tem cura<\/strong>. O abandono de animais doentes \u00e9 crime e agrava a crise de sa\u00fade p\u00fablica, pois o cad\u00e1ver do animal morto pelo fungo tamb\u00e9m contamina o solo se n\u00e3o for cremado.<\/li>\n<\/ol>\n\n\n\n<blockquote class=\"wp-block-quote is-layout-flow wp-block-quote-is-layout-flow\">\n<p class=\"wp-block-paragraph\"><strong>Nota de alerta:<\/strong> Caso note feridas que n\u00e3o cicatrizam no seu pet, procure imediatamente um m\u00e9dico veterin\u00e1rio. O diagn\u00f3stico precoce \u00e9 a chave para evitar a transmiss\u00e3o para a fam\u00edlia e garantir a recupera\u00e7\u00e3o do animal.<\/p>\n<\/blockquote>\n","protected":false},"excerpt":{"rendered":"<p>Com a chegada das f\u00e9rias de ver\u00e3o e o aumento das temperaturas, as fam\u00edlias brasileiras ocupam cada vez mais parques, pra\u00e7as e \u00e1reas livres. No [&#8230;]<\/p>\n","protected":false},"author":1,"featured_media":2002,"comment_status":"open","ping_status":"open","sticky":false,"template":"","format":"standard","meta":{"_crdt_document":"","_jetpack_memberships_contains_paid_content":false,"footnotes":"","jetpack_publicize_message":"","jetpack_publicize_feature_enabled":true,"jetpack_social_post_already_shared":true,"jetpack_social_options":{"image_generator_settings":{"template":"highway","default_image_id":0,"font":"","enabled":false},"version":2}},"categories":[34],"tags":[],"class_list":["post-2001","post","type-post","status-publish","format-standard","has-post-thumbnail","hentry","category-agro"],"jetpack_publicize_connections":[],"jetpack_featured_media_url":"https:\/\/i0.wp.com\/oexpressobr.com.br\/wp-content\/uploads\/2026\/01\/Gato_Parque.jpeg?fit=1600%2C896&ssl=1","jetpack_likes_enabled":true,"jetpack_sharing_enabled":true,"_links":{"self":[{"href":"https:\/\/oexpressobr.com.br\/index.php?rest_route=\/wp\/v2\/posts\/2001","targetHints":{"allow":["GET"]}}],"collection":[{"href":"https:\/\/oexpressobr.com.br\/index.php?rest_route=\/wp\/v2\/posts"}],"about":[{"href":"https:\/\/oexpressobr.com.br\/index.php?rest_route=\/wp\/v2\/types\/post"}],"author":[{"embeddable":true,"href":"https:\/\/oexpressobr.com.br\/index.php?rest_route=\/wp\/v2\/users\/1"}],"replies":[{"embeddable":true,"href":"https:\/\/oexpressobr.com.br\/index.php?rest_route=%2Fwp%2Fv2%2Fcomments&post=2001"}],"version-history":[{"count":1,"href":"https:\/\/oexpressobr.com.br\/index.php?rest_route=\/wp\/v2\/posts\/2001\/revisions"}],"predecessor-version":[{"id":2003,"href":"https:\/\/oexpressobr.com.br\/index.php?rest_route=\/wp\/v2\/posts\/2001\/revisions\/2003"}],"wp:featuredmedia":[{"embeddable":true,"href":"https:\/\/oexpressobr.com.br\/index.php?rest_route=\/wp\/v2\/media\/2002"}],"wp:attachment":[{"href":"https:\/\/oexpressobr.com.br\/index.php?rest_route=%2Fwp%2Fv2%2Fmedia&parent=2001"}],"wp:term":[{"taxonomy":"category","embeddable":true,"href":"https:\/\/oexpressobr.com.br\/index.php?rest_route=%2Fwp%2Fv2%2Fcategories&post=2001"},{"taxonomy":"post_tag","embeddable":true,"href":"https:\/\/oexpressobr.com.br\/index.php?rest_route=%2Fwp%2Fv2%2Ftags&post=2001"}],"curies":[{"name":"wp","href":"https:\/\/api.w.org\/{rel}","templated":true}]}}