{"id":2004,"date":"2026-01-17T06:18:21","date_gmt":"2026-01-17T09:18:21","guid":{"rendered":"https:\/\/oexpressobr.com.br\/?p=2004"},"modified":"2026-01-17T06:18:22","modified_gmt":"2026-01-17T09:18:22","slug":"carnaval-2026-casatemporada-aponta-recorde-no-aluguel-de-temporada","status":"publish","type":"post","link":"https:\/\/oexpressobr.com.br\/?p=2004","title":{"rendered":"Carnaval 2026: CasaTemporada aponta recorde no aluguel de temporada"},"content":{"rendered":"\n<p class=\"wp-block-paragraph\">O Carnaval de 2026 confirma uma mudan\u00e7a estrutural no turismo brasileiro: o <strong>aluguel de temporada<\/strong> se consolida como a principal alternativa de hospedagem durante o feriado. De acordo com dados recentes da plataforma <strong>CasaTemporada<\/strong>, o setor vive seu maior pico hist\u00f3rico, impulsionado pela ocupa\u00e7\u00e3o m\u00e1xima da rede hoteleira e por uma nova din\u00e2mica de consumo dos viajantes.<\/p>\n\n\n\n<h3 class=\"wp-block-heading\">Rio e Salvador: o luxo que custa caro<\/h3>\n\n\n\n<p class=\"wp-block-paragraph\">As capitais fluminense e baiana continuam no topo da pir\u00e2mide de pre\u00e7os. No <strong>Rio de Janeiro<\/strong>, onde a Riotur projeta a circula\u00e7\u00e3o de <strong>6 milh\u00f5es de foli\u00f5es<\/strong> e mais de 460 desfiles de blocos, a busca por apartamentos na Zona Sul e no Centro atingiu n\u00edveis cr\u00edticos de disponibilidade.<\/p>\n\n\n\n<p class=\"wp-block-paragraph\">J\u00e1 em <strong>Salvador<\/strong>, o mercado imobili\u00e1rio de temporada registrou cifras impressionantes: no circuito <strong>Barra-Ondina (Dod\u00f4)<\/strong>, pacotes para o per\u00edodo da folia chegam a custar <strong>R$ 42 mil<\/strong>. Im\u00f3veis com vista privilegiada para a passagem dos trios el\u00e9tricos superam, em muitos casos, as di\u00e1rias de hot\u00e9is de alto padr\u00e3o, refletindo a exclusividade de &#8220;camarotes particulares&#8221; dentro de apartamentos residenciais.<\/p>\n\n\n\n<h3 class=\"wp-block-heading\">A ascens\u00e3o dos destinos alternativos<\/h3>\n\n\n\n<p class=\"wp-block-paragraph\">Enquanto o agito tradicional inflaciona as metr\u00f3poles, o levantamento da CasaTemporada destaca uma migra\u00e7\u00e3o para destinos que oferecem melhor <strong>custo-benef\u00edcio<\/strong> ou propostas de &#8220;escape&#8221;.<\/p>\n\n\n\n<ul class=\"wp-block-list\">\n<li><strong>P\u00f3los Emergentes:<\/strong> Cidades como <strong>Belo Horizonte<\/strong> e <strong>S\u00e3o Paulo<\/strong> consolidam-se como pot\u00eancias da folia com pre\u00e7os mais competitivos de loca\u00e7\u00e3o.<\/li>\n\n\n\n<li><strong>Ref\u00fagios de Natureza:<\/strong> Destinos como a <strong>Serra da Canastra (MG)<\/strong>, <strong>Urubici (SC)<\/strong> e a <strong>Chapada das Mesas (MA)<\/strong> registram alta procura por fam\u00edlias que buscam casas de campo para fugir do barulho, priorizando o ecoturismo.<\/li>\n\n\n\n<li><strong>Tend\u00eancias para 2026:<\/strong> Cidades como <strong>Arma\u00e7\u00e3o dos B\u00fazios (RJ)<\/strong> e <strong>Juquehy (SP)<\/strong> aparecem como favoritos para quem n\u00e3o abre m\u00e3o da praia, mas prefere a estrutura de uma resid\u00eancia completa para grupos maiores.<\/li>\n<\/ul>\n\n\n\n<h3 class=\"wp-block-heading\">Mudan\u00e7a no perfil do viajante<\/h3>\n\n\n\n<p class=\"wp-block-paragraph\">A prefer\u00eancia pelo aluguel de temporada em 2026 \u00e9 explicada por tr\u00eas fatores principais:<\/p>\n\n\n\n<ol start=\"1\" class=\"wp-block-list\">\n<li><strong>Economia em Grupo:<\/strong> O rateio de grandes casas permite estadias em locais nobres que seriam invi\u00e1veis individualmente em hot\u00e9is.<\/li>\n\n\n\n<li><strong>Infraestrutura:<\/strong> A busca por im\u00f3veis com cozinha equipada e \u00e1reas de lazer privativas (piscinas e churrasqueiras) cresceu 35% em rela\u00e7\u00e3o ao \u00faltimo ano.<\/li>\n\n\n\n<li><strong>Seguran\u00e7a e Conforto:<\/strong> O desejo por um ambiente controlado, longe das aglomera\u00e7\u00f5es constantes, atrai o p\u00fablico que quer curtir os blocos, mas ter um &#8220;porto seguro&#8221; para descansar.<\/li>\n<\/ol>\n\n\n\n<p class=\"wp-block-paragraph\">O setor de turismo deve movimentar cerca de <strong>R$ 218 bilh\u00f5es<\/strong> nesta temporada de ver\u00e3o, e o aluguel por temporada \u00e9, sem d\u00favida, o protagonista financeiro dessa engrenagem em 2026.<\/p>\n","protected":false},"excerpt":{"rendered":"<p>O Carnaval de 2026 confirma uma mudan\u00e7a estrutural no turismo brasileiro: o aluguel de temporada se consolida como a principal alternativa de hospedagem durante o [&#8230;]<\/p>\n","protected":false},"author":1,"featured_media":2005,"comment_status":"open","ping_status":"open","sticky":false,"template":"","format":"standard","meta":{"_crdt_document":"","_jetpack_memberships_contains_paid_content":false,"footnotes":"","jetpack_publicize_message":"","jetpack_publicize_feature_enabled":true,"jetpack_social_post_already_shared":true,"jetpack_social_options":{"image_generator_settings":{"template":"highway","default_image_id":0,"font":"","enabled":false},"version":2}},"categories":[3],"tags":[],"class_list":["post-2004","post","type-post","status-publish","format-standard","has-post-thumbnail","hentry","category-brasil"],"jetpack_publicize_connections":[],"jetpack_featured_media_url":"https:\/\/i0.wp.com\/oexpressobr.com.br\/wp-content\/uploads\/2026\/01\/f7d8ad96-c895-4440-b464-7aaec8b2ae65-scaled.jpg?fit=2560%2C1707&ssl=1","jetpack_likes_enabled":true,"jetpack_sharing_enabled":true,"_links":{"self":[{"href":"https:\/\/oexpressobr.com.br\/index.php?rest_route=\/wp\/v2\/posts\/2004","targetHints":{"allow":["GET"]}}],"collection":[{"href":"https:\/\/oexpressobr.com.br\/index.php?rest_route=\/wp\/v2\/posts"}],"about":[{"href":"https:\/\/oexpressobr.com.br\/index.php?rest_route=\/wp\/v2\/types\/post"}],"author":[{"embeddable":true,"href":"https:\/\/oexpressobr.com.br\/index.php?rest_route=\/wp\/v2\/users\/1"}],"replies":[{"embeddable":true,"href":"https:\/\/oexpressobr.com.br\/index.php?rest_route=%2Fwp%2Fv2%2Fcomments&post=2004"}],"version-history":[{"count":1,"href":"https:\/\/oexpressobr.com.br\/index.php?rest_route=\/wp\/v2\/posts\/2004\/revisions"}],"predecessor-version":[{"id":2006,"href":"https:\/\/oexpressobr.com.br\/index.php?rest_route=\/wp\/v2\/posts\/2004\/revisions\/2006"}],"wp:featuredmedia":[{"embeddable":true,"href":"https:\/\/oexpressobr.com.br\/index.php?rest_route=\/wp\/v2\/media\/2005"}],"wp:attachment":[{"href":"https:\/\/oexpressobr.com.br\/index.php?rest_route=%2Fwp%2Fv2%2Fmedia&parent=2004"}],"wp:term":[{"taxonomy":"category","embeddable":true,"href":"https:\/\/oexpressobr.com.br\/index.php?rest_route=%2Fwp%2Fv2%2Fcategories&post=2004"},{"taxonomy":"post_tag","embeddable":true,"href":"https:\/\/oexpressobr.com.br\/index.php?rest_route=%2Fwp%2Fv2%2Ftags&post=2004"}],"curies":[{"name":"wp","href":"https:\/\/api.w.org\/{rel}","templated":true}]}}