{"id":2014,"date":"2026-01-17T07:01:07","date_gmt":"2026-01-17T10:01:07","guid":{"rendered":"https:\/\/oexpressobr.com.br\/?p=2014"},"modified":"2026-01-17T07:01:08","modified_gmt":"2026-01-17T10:01:08","slug":"unesc-consolida-protagonismo-internacional-ao-integrar-ciencia-de-ponta-e-desenvolvimento-regional-no-sul-do-brasil","status":"publish","type":"post","link":"https:\/\/oexpressobr.com.br\/?p=2014","title":{"rendered":"Unesc consolida protagonismo internacional ao integrar ci\u00eancia de ponta e desenvolvimento regional no Sul do Brasil"},"content":{"rendered":"\n<p class=\"wp-block-paragraph\">Localizada estrategicamente entre a Serra Catarinense e o litoral sul, a <strong>Unesc (Universidade do Extremo Sul Catarinense)<\/strong> reafirma sua posi\u00e7\u00e3o como uma das principais universidades comunit\u00e1rias do pa\u00eds. Mais do que um centro de ensino, a institui\u00e7\u00e3o tem se destacado por converter pesquisa cient\u00edfica de alto impacto em solu\u00e7\u00f5es pr\u00e1ticas para o territ\u00f3rio, operando sob um modelo que alia o rigor acad\u00eamico global ao compromisso social local.<\/p>\n\n\n\n<h3 class=\"wp-block-heading\">Ci\u00eancia com DNA Comunit\u00e1rio e Reconhecimento Global<\/h3>\n\n\n\n<p class=\"wp-block-paragraph\">A Unesc n\u00e3o apenas educa; ela produz ci\u00eancia que reverbera nos principais rankings mundiais. Recentemente, pesquisadores da institui\u00e7\u00e3o figuraram novamente na lista da <em>Stanford University<\/em> como alguns dos cientistas mais influentes do mundo, especialmente nas \u00e1reas de <strong>Ci\u00eancias Biol\u00f3gicas e Biomedicina<\/strong>.<\/p>\n\n\n\n<p class=\"wp-block-paragraph\">Esse desempenho de padr\u00e3o internacional \u00e9 sustentado por uma infraestrutura robusta:<\/p>\n\n\n\n<ul class=\"wp-block-list\">\n<li><strong>Parque Cient\u00edfico e Tecnol\u00f3gico (Iparque):<\/strong> Um hub de inova\u00e7\u00e3o que conecta a universidade ao setor produtivo, prestando servi\u00e7os tecnol\u00f3gicos que impulsionam a economia regional.<\/li>\n\n\n\n<li><strong>Programas de P\u00f3s-Gradua\u00e7\u00e3o (Mestrados e Doutorados):<\/strong> Com conceitos de excel\u00eancia junto \u00e0 CAPES, os programas focam em \u00e1reas estrat\u00e9gicas como Sa\u00fade, Educa\u00e7\u00e3o, Ci\u00eancias Ambientais e Desenvolvimento Socioecon\u00f4mico.<\/li>\n<\/ul>\n\n\n\n<h3 class=\"wp-block-heading\">Inova\u00e7\u00e3o Pedag\u00f3gica: O &#8220;Gradua\u00e7\u00e3o Multi&#8221;<\/h3>\n\n\n\n<p class=\"wp-block-paragraph\">Para acompanhar as mudan\u00e7as do mercado de trabalho em 2026, a Unesc implementou o modelo <strong>Gradua\u00e7\u00e3o Multi<\/strong>. Essa proposta pedag\u00f3gica rompe com o ensino tradicional, focando em:<\/p>\n\n\n\n<ol start=\"1\" class=\"wp-block-list\">\n<li><strong>Experi\u00eancias Pr\u00e1ticas desde o 1\u00ba Semestre:<\/strong> O aluno resolve problemas reais da comunidade.<\/li>\n\n\n\n<li><strong>Multidisciplinaridade:<\/strong> Integra\u00e7\u00e3o entre diferentes cursos para fomentar a criatividade e o pensamento cr\u00edtico.<\/li>\n\n\n\n<li><strong>Conex\u00e3o com o Ecossistema:<\/strong> Parcerias com empresas e \u00f3rg\u00e3os p\u00fablicos para garantir que o curr\u00edculo esteja alinhado \u00e0s demandas reais.<\/li>\n<\/ol>\n\n\n\n<blockquote class=\"wp-block-quote is-layout-flow wp-block-quote-is-layout-flow\">\n<p class=\"wp-block-paragraph\">&#8220;A Unesc \u00e9 um patrim\u00f4nio da regi\u00e3o. Nosso compromisso \u00e9 garantir que o conhecimento gerado aqui cruze fronteiras, mas sempre retorne em forma de qualidade de vida para a nossa popula\u00e7\u00e3o&#8221;, afirma a Reitoria da institui\u00e7\u00e3o.<\/p>\n<\/blockquote>\n\n\n\n<h3 class=\"wp-block-heading\">Compromisso P\u00fablico e Impacto no Territ\u00f3rio<\/h3>\n\n\n\n<p class=\"wp-block-paragraph\">Sendo uma <strong>Universidade Comunit\u00e1ria<\/strong>, todo o super\u00e1vit da Unesc \u00e9 reinvestido na pr\u00f3pria institui\u00e7\u00e3o e em projetos sociais. A universidade atua como um bra\u00e7o direito do poder p\u00fablico na regi\u00e3o sul de Santa Catarina, oferecendo:<\/p>\n\n\n\n<ul class=\"wp-block-list\">\n<li><strong>Cl\u00ednicas Integradas:<\/strong> Atendimentos gratuitos em sa\u00fade que reduzem as filas do SUS.<\/li>\n\n\n\n<li><strong>Projetos de Extens\u00e3o:<\/strong> A\u00e7\u00f5es que levam educa\u00e7\u00e3o e sustentabilidade para comunidades vulner\u00e1veis e associa\u00e7\u00f5es de munic\u00edpios.<\/li>\n<\/ul>\n\n\n\n<h3 class=\"wp-block-heading\">Perspectivas para o Futuro<\/h3>\n\n\n\n<p class=\"wp-block-paragraph\">Com a acelera\u00e7\u00e3o da economia verde e da transforma\u00e7\u00e3o digital, a Unesc tem liderado debates sobre a <strong>transi\u00e7\u00e3o energ\u00e9tica<\/strong> na regi\u00e3o carbon\u00edfera, buscando alternativas sustent\u00e1veis e tecnol\u00f3gicas para o desenvolvimento econ\u00f4mico do territ\u00f3rio. A conex\u00e3o &#8220;serra e mar&#8221; deixa de ser apenas geogr\u00e1fica para se tornar um corredor de inova\u00e7\u00e3o, onde a educa\u00e7\u00e3o \u00e9 o principal motor.<\/p>\n","protected":false},"excerpt":{"rendered":"<p>Localizada estrategicamente entre a Serra Catarinense e o litoral sul, a Unesc (Universidade do Extremo Sul Catarinense) reafirma sua posi\u00e7\u00e3o como uma das principais universidades [&#8230;]<\/p>\n","protected":false},"author":1,"featured_media":2015,"comment_status":"open","ping_status":"open","sticky":false,"template":"","format":"standard","meta":{"_crdt_document":"","_jetpack_memberships_contains_paid_content":false,"footnotes":"","jetpack_publicize_message":"","jetpack_publicize_feature_enabled":true,"jetpack_social_post_already_shared":true,"jetpack_social_options":{"image_generator_settings":{"template":"highway","default_image_id":0,"font":"","enabled":false},"version":2}},"categories":[6],"tags":[],"class_list":["post-2014","post","type-post","status-publish","format-standard","has-post-thumbnail","hentry","category-educacao"],"jetpack_publicize_connections":[],"jetpack_featured_media_url":"https:\/\/i0.wp.com\/oexpressobr.com.br\/wp-content\/uploads\/2026\/01\/32b30cce-873f-4d9c-826a-3e635f34a591.jpg?fit=1024%2C683&ssl=1","jetpack_likes_enabled":true,"jetpack_sharing_enabled":true,"_links":{"self":[{"href":"https:\/\/oexpressobr.com.br\/index.php?rest_route=\/wp\/v2\/posts\/2014","targetHints":{"allow":["GET"]}}],"collection":[{"href":"https:\/\/oexpressobr.com.br\/index.php?rest_route=\/wp\/v2\/posts"}],"about":[{"href":"https:\/\/oexpressobr.com.br\/index.php?rest_route=\/wp\/v2\/types\/post"}],"author":[{"embeddable":true,"href":"https:\/\/oexpressobr.com.br\/index.php?rest_route=\/wp\/v2\/users\/1"}],"replies":[{"embeddable":true,"href":"https:\/\/oexpressobr.com.br\/index.php?rest_route=%2Fwp%2Fv2%2Fcomments&post=2014"}],"version-history":[{"count":1,"href":"https:\/\/oexpressobr.com.br\/index.php?rest_route=\/wp\/v2\/posts\/2014\/revisions"}],"predecessor-version":[{"id":2016,"href":"https:\/\/oexpressobr.com.br\/index.php?rest_route=\/wp\/v2\/posts\/2014\/revisions\/2016"}],"wp:featuredmedia":[{"embeddable":true,"href":"https:\/\/oexpressobr.com.br\/index.php?rest_route=\/wp\/v2\/media\/2015"}],"wp:attachment":[{"href":"https:\/\/oexpressobr.com.br\/index.php?rest_route=%2Fwp%2Fv2%2Fmedia&parent=2014"}],"wp:term":[{"taxonomy":"category","embeddable":true,"href":"https:\/\/oexpressobr.com.br\/index.php?rest_route=%2Fwp%2Fv2%2Fcategories&post=2014"},{"taxonomy":"post_tag","embeddable":true,"href":"https:\/\/oexpressobr.com.br\/index.php?rest_route=%2Fwp%2Fv2%2Ftags&post=2014"}],"curies":[{"name":"wp","href":"https:\/\/api.w.org\/{rel}","templated":true}]}}