{"id":2017,"date":"2026-01-17T07:07:01","date_gmt":"2026-01-17T10:07:01","guid":{"rendered":"https:\/\/oexpressobr.com.br\/?p=2017"},"modified":"2026-01-17T07:07:02","modified_gmt":"2026-01-17T10:07:02","slug":"ibge-projeta-safra-de-3327-milhoes-de-toneladas-para-2026-e-sinaliza-novos-desafios-para-a-logistica-nacional","status":"publish","type":"post","link":"https:\/\/oexpressobr.com.br\/?p=2017","title":{"rendered":"IBGE projeta safra de 332,7 milh\u00f5es de toneladas para 2026 e sinaliza novos desafios para a log\u00edstica nacional"},"content":{"rendered":"\n<p class=\"wp-block-paragraph\">A produ\u00e7\u00e3o brasileira de cereais, leguminosas e oleaginosas deve passar por um per\u00edodo de ajuste no pr\u00f3ximo ano. Segundo o primeiro progn\u00f3stico do <strong>Levantamento Sistem\u00e1tico da Produ\u00e7\u00e3o Agr\u00edcola (LSPA)<\/strong>, divulgado pelo <strong>IBGE<\/strong>, a estimativa para a safra de 2026 \u00e9 de <strong>332,7 milh\u00f5es de toneladas<\/strong>. O n\u00famero representa uma retra\u00e7\u00e3o de <strong>3,7%<\/strong> em compara\u00e7\u00e3o ao recorde hist\u00f3rico registrado em 2025, que atingiu a marca de 345,6 milh\u00f5es de toneladas.<\/p>\n\n\n\n<p class=\"wp-block-paragraph\">Apesar da leve queda no volume total, o patamar permanece entre os maiores da hist\u00f3ria, mantendo a press\u00e3o sobre a infraestrutura de escoamento e armazenamento do pa\u00eds.<\/p>\n\n\n\n<h3 class=\"wp-block-heading\">Os principais impactos por cultura<\/h3>\n\n\n\n<p class=\"wp-block-paragraph\">O ajuste na produ\u00e7\u00e3o \u00e9 puxado, principalmente, pela varia\u00e7\u00e3o na \u00e1rea plantada e por quest\u00f5es clim\u00e1ticas que influenciam a produtividade das principais commodities:<\/p>\n\n\n\n<ul class=\"wp-block-list\">\n<li><strong>Soja:<\/strong> O &#8220;carro-chefe&#8221; do agroneg\u00f3cio brasileiro deve apresentar uma estabilidade com vi\u00e9s de baixa, refletindo a cautela dos produtores diante dos custos de produ\u00e7\u00e3o e pre\u00e7os internacionais.<\/li>\n\n\n\n<li><strong>Milho:<\/strong> Espera-se uma redu\u00e7\u00e3o mais acentuada na segunda safra (safrinha), caso as janelas de plantio sejam afetadas por varia\u00e7\u00f5es na pluviosidade.<\/li>\n\n\n\n<li><strong>Arroz e Feij\u00e3o:<\/strong> Mant\u00eam-se em n\u00edveis estrat\u00e9gicos para o mercado interno, com proje\u00e7\u00f5es de manuten\u00e7\u00e3o de \u00e1rea.<\/li>\n<\/ul>\n\n\n\n<h3 class=\"wp-block-heading\">Gargalos log\u00edsticos e o &#8220;Custo Brasil&#8221;<\/h3>\n\n\n\n<p class=\"wp-block-paragraph\">A ligeira redu\u00e7\u00e3o no volume total n\u00e3o significa al\u00edvio imediato para o setor de transportes. Especialistas do setor log\u00edstico apontam que o Brasil ainda corre contra o tempo para reduzir o d\u00e9ficit de armazenagem.<\/p>\n\n\n\n<p class=\"wp-block-paragraph\">Com uma safra superior a 330 milh\u00f5es de toneladas, os portos de <strong>Santos (SP)<\/strong> e o <strong>Arco Norte<\/strong> continuar\u00e3o operando pr\u00f3ximos do limite. A redu\u00e7\u00e3o de 3,7% pode, na verdade, ser uma oportunidade para que o setor de infraestrutura realize manuten\u00e7\u00f5es necess\u00e1rias e acelere obras em ferrovias, como a <strong>Ferrogr\u00e3o<\/strong> e a <strong>FIOL<\/strong>, fundamentais para a competitividade do gr\u00e3o brasileiro no exterior.<\/p>\n\n\n\n<h3 class=\"wp-block-heading\">Contexto econ\u00f4mico<\/h3>\n\n\n\n<p class=\"wp-block-paragraph\">A queda na estimativa de produ\u00e7\u00e3o tamb\u00e9m acende o alerta para o PIB agropecu\u00e1rio. Ap\u00f3s o desempenho excepcional de 2025, o setor deve focar em efici\u00eancia operacional para compensar a menor oferta de gr\u00e3os. O mercado agora observa atentamente o comportamento do d\u00f3lar e as pol\u00edticas de cr\u00e9dito agr\u00edcola para o pr\u00f3ximo ciclo.<\/p>\n\n\n\n<p class=\"wp-block-paragraph\"><strong>Nota do IBGE:<\/strong> &#8220;O primeiro progn\u00f3stico \u00e9 uma inten\u00e7\u00e3o de plantio e uma estimativa de rendimento baseada em condi\u00e7\u00f5es m\u00e9dias. Fatores clim\u00e1ticos e o mercado internacional podem alterar esses n\u00fameros ao longo dos pr\u00f3ximos meses.&#8221;<\/p>\n","protected":false},"excerpt":{"rendered":"<p>A produ\u00e7\u00e3o brasileira de cereais, leguminosas e oleaginosas deve passar por um per\u00edodo de ajuste no pr\u00f3ximo ano. Segundo o primeiro progn\u00f3stico do Levantamento Sistem\u00e1tico [&#8230;]<\/p>\n","protected":false},"author":1,"featured_media":2018,"comment_status":"open","ping_status":"open","sticky":false,"template":"","format":"standard","meta":{"_crdt_document":"","_jetpack_memberships_contains_paid_content":false,"footnotes":"","jetpack_publicize_message":"","jetpack_publicize_feature_enabled":true,"jetpack_social_post_already_shared":true,"jetpack_social_options":{"image_generator_settings":{"template":"highway","default_image_id":0,"font":"","enabled":false},"version":2}},"categories":[34],"tags":[],"class_list":["post-2017","post","type-post","status-publish","format-standard","has-post-thumbnail","hentry","category-agro"],"jetpack_publicize_connections":[],"jetpack_featured_media_url":"https:\/\/i0.wp.com\/oexpressobr.com.br\/wp-content\/uploads\/2026\/01\/97ed7d8e-c286-4454-879a-086bdd3b01c7.png?fit=1200%2C788&ssl=1","jetpack_likes_enabled":true,"jetpack_sharing_enabled":true,"_links":{"self":[{"href":"https:\/\/oexpressobr.com.br\/index.php?rest_route=\/wp\/v2\/posts\/2017","targetHints":{"allow":["GET"]}}],"collection":[{"href":"https:\/\/oexpressobr.com.br\/index.php?rest_route=\/wp\/v2\/posts"}],"about":[{"href":"https:\/\/oexpressobr.com.br\/index.php?rest_route=\/wp\/v2\/types\/post"}],"author":[{"embeddable":true,"href":"https:\/\/oexpressobr.com.br\/index.php?rest_route=\/wp\/v2\/users\/1"}],"replies":[{"embeddable":true,"href":"https:\/\/oexpressobr.com.br\/index.php?rest_route=%2Fwp%2Fv2%2Fcomments&post=2017"}],"version-history":[{"count":1,"href":"https:\/\/oexpressobr.com.br\/index.php?rest_route=\/wp\/v2\/posts\/2017\/revisions"}],"predecessor-version":[{"id":2019,"href":"https:\/\/oexpressobr.com.br\/index.php?rest_route=\/wp\/v2\/posts\/2017\/revisions\/2019"}],"wp:featuredmedia":[{"embeddable":true,"href":"https:\/\/oexpressobr.com.br\/index.php?rest_route=\/wp\/v2\/media\/2018"}],"wp:attachment":[{"href":"https:\/\/oexpressobr.com.br\/index.php?rest_route=%2Fwp%2Fv2%2Fmedia&parent=2017"}],"wp:term":[{"taxonomy":"category","embeddable":true,"href":"https:\/\/oexpressobr.com.br\/index.php?rest_route=%2Fwp%2Fv2%2Fcategories&post=2017"},{"taxonomy":"post_tag","embeddable":true,"href":"https:\/\/oexpressobr.com.br\/index.php?rest_route=%2Fwp%2Fv2%2Ftags&post=2017"}],"curies":[{"name":"wp","href":"https:\/\/api.w.org\/{rel}","templated":true}]}}