{"id":2020,"date":"2026-01-17T07:14:02","date_gmt":"2026-01-17T10:14:02","guid":{"rendered":"https:\/\/oexpressobr.com.br\/?p=2020"},"modified":"2026-01-17T07:14:03","modified_gmt":"2026-01-17T10:14:03","slug":"senado-italiano-aprova-centralizacao-da-cidadania-no-maeci-e-impoe-envio-de-documentos-fisicos-a-partir-de-2029","status":"publish","type":"post","link":"https:\/\/oexpressobr.com.br\/?p=2020","title":{"rendered":"Senado italiano aprova centraliza\u00e7\u00e3o da cidadania no MAECI e imp\u00f5e envio de documentos f\u00edsicos a partir de 2029"},"content":{"rendered":"\n<p class=\"wp-block-paragraph\"><strong>ROMA<\/strong> \u2013 Em uma decis\u00e3o que altera drasticamente as regras para milh\u00f5es de \u00edtalo-descendentes, o <strong>Senado da It\u00e1lia<\/strong> aprovou definitivamente, nesta quarta-feira (14\/01\/2026), o projeto de lei <strong>A.C. 2369-A<\/strong>. A medida retira dos consulados a compet\u00eancia de processar pedidos de cidadania para maiores de idade, transferindo a responsabilidade para um novo <strong>Servi\u00e7o Central<\/strong> do Minist\u00e9rio das Rela\u00e7\u00f5es Exteriores (<strong>MAECI<\/strong>), em Roma.<\/p>\n\n\n\n<p class=\"wp-block-paragraph\">A reforma, proposta pelo governo de Giorgia Meloni e defendida pelo ministro Antonio Tajani, foi aprovada com <strong>76 votos favor\u00e1veis<\/strong> e <strong>55 contr\u00e1rios<\/strong>. O texto agora segue para a promulga\u00e7\u00e3o do presidente Sergio Mattarella e publica\u00e7\u00e3o na <em>Gazzetta Ufficiale<\/em>.<\/p>\n\n\n\n<h3 class=\"wp-block-heading\">Os principais pontos da nova lei<\/h3>\n\n\n\n<p class=\"wp-block-paragraph\">A mudan\u00e7a faz parte de uma ampla reforma dos servi\u00e7os prestados a cidad\u00e3os e empresas no exterior. Confira o que muda na pr\u00e1tica para quem busca o reconhecimento <em>iure sanguinis<\/em>:<\/p>\n\n\n\n<ul class=\"wp-block-list\">\n<li><strong>Centraliza\u00e7\u00e3o em Roma (2029):<\/strong> A partir de 1\u00ba de janeiro de 2029, os consulados deixam de analisar processos de cidadania para maiores de idade. Todas as solicita\u00e7\u00f5es dever\u00e3o ser enviadas ao novo Servi\u00e7o Central do MAECI.<\/li>\n\n\n\n<li><strong>Retrocesso Digital:<\/strong> Contrariando as tend\u00eancias de moderniza\u00e7\u00e3o, a nova lei exige que os requerentes enviem <strong>documentos originais em papel<\/strong> via correio para a sede em Roma. Especialistas e parlamentares da oposi\u00e7\u00e3o criticam a medida, alertando para o alto risco de extravio de certid\u00f5es hist\u00f3ricas.<\/li>\n\n\n\n<li><strong>Novos Prazos:<\/strong> O tempo m\u00e1ximo para a conclus\u00e3o do processo administrativo foi alterado de 24 para <strong>36 meses<\/strong>.<\/li>\n\n\n\n<li><strong>Limites na Transi\u00e7\u00e3o:<\/strong> No per\u00edodo que antecede a centraliza\u00e7\u00e3o total, os consulados ter\u00e3o &#8220;tetos&#8221; de atendimento, podendo aceitar apenas a mesma quantidade de pedidos conclu\u00eddos no ano anterior (com um m\u00ednimo de 100 por sede).<\/li>\n\n\n\n<li><strong>Exce\u00e7\u00e3o para Menores:<\/strong> Os consulados permanecer\u00e3o respons\u00e1veis apenas pelos pedidos de filhos menores de idade de cidad\u00e3os italianos j\u00e1 reconhecidos.<\/li>\n<\/ul>\n\n\n\n<h3 class=\"wp-block-heading\">Rea\u00e7\u00f5es e pol\u00eamicas<\/h3>\n\n\n\n<p class=\"wp-block-paragraph\">A vota\u00e7\u00e3o foi marcada por debates intensos. A oposi\u00e7\u00e3o, liderada por parlamentares eleitos no exterior como Fabio Porta e Francesco Giacobbe, classificou a lei como um &#8220;retrocesso tecnol\u00f3gico&#8221;. Segundo cr\u00edticos, a exig\u00eancia de documentos f\u00edsicos e a centraliza\u00e7\u00e3o em um \u00fanico \u00f3rg\u00e3o podem gerar um gargalo administrativo sem precedentes em Roma.<\/p>\n\n\n\n<blockquote class=\"wp-block-quote is-layout-flow wp-block-quote-is-layout-flow\">\n<p class=\"wp-block-paragraph\">&#8220;Estamos em 2026 e o governo imp\u00f5e um modelo anal\u00f3gico que ignora a digitaliza\u00e7\u00e3o e dificulta o acesso a um direito fundamental&#8221;, declarou Porta durante a sess\u00e3o.<\/p>\n<\/blockquote>\n\n\n\n<p class=\"wp-block-paragraph\">Por outro lado, o governo sustenta que a medida trar\u00e1 uniformidade aos processos, evitando que diferentes consulados apliquem crit\u00e9rios distintos para casos semelhantes. Para viabilizar a estrutura, o MAECI receber\u00e1 um refor\u00e7o de <strong>87 novos servidores<\/strong> e um investimento anual de cerca de 8 milh\u00f5es de euros.<\/p>\n\n\n\n<h3 class=\"wp-block-heading\">Via judicial como alternativa<\/h3>\n\n\n\n<p class=\"wp-block-paragraph\">Especialistas em direito migrat\u00f3rio apontam que, com o aumento da burocracia e o prazo estendido para 3 anos na via administrativa, a busca pelo reconhecimento via <strong>Tribunais Italianos<\/strong> (via judicial contra as filas consulares) deve se consolidar como o caminho mais c\u00e9lere e seguro para os descendentes.<\/p>\n","protected":false},"excerpt":{"rendered":"<p>ROMA \u2013 Em uma decis\u00e3o que altera drasticamente as regras para milh\u00f5es de \u00edtalo-descendentes, o Senado da It\u00e1lia aprovou definitivamente, nesta quarta-feira (14\/01\/2026), o projeto [&#8230;]<\/p>\n","protected":false},"author":1,"featured_media":2021,"comment_status":"open","ping_status":"open","sticky":false,"template":"","format":"standard","meta":{"_crdt_document":"","_jetpack_memberships_contains_paid_content":false,"footnotes":"","jetpack_publicize_message":"","jetpack_publicize_feature_enabled":true,"jetpack_social_post_already_shared":true,"jetpack_social_options":{"image_generator_settings":{"template":"highway","default_image_id":0,"font":"","enabled":false},"version":2}},"categories":[15],"tags":[],"class_list":["post-2020","post","type-post","status-publish","format-standard","has-post-thumbnail","hentry","category-internacional"],"jetpack_publicize_connections":[],"jetpack_featured_media_url":"https:\/\/i0.wp.com\/oexpressobr.com.br\/wp-content\/uploads\/2026\/01\/50edf414-fc94-4660-a604-e695fceeb81b.jpg?fit=1200%2C800&ssl=1","jetpack_likes_enabled":true,"jetpack_sharing_enabled":true,"_links":{"self":[{"href":"https:\/\/oexpressobr.com.br\/index.php?rest_route=\/wp\/v2\/posts\/2020","targetHints":{"allow":["GET"]}}],"collection":[{"href":"https:\/\/oexpressobr.com.br\/index.php?rest_route=\/wp\/v2\/posts"}],"about":[{"href":"https:\/\/oexpressobr.com.br\/index.php?rest_route=\/wp\/v2\/types\/post"}],"author":[{"embeddable":true,"href":"https:\/\/oexpressobr.com.br\/index.php?rest_route=\/wp\/v2\/users\/1"}],"replies":[{"embeddable":true,"href":"https:\/\/oexpressobr.com.br\/index.php?rest_route=%2Fwp%2Fv2%2Fcomments&post=2020"}],"version-history":[{"count":1,"href":"https:\/\/oexpressobr.com.br\/index.php?rest_route=\/wp\/v2\/posts\/2020\/revisions"}],"predecessor-version":[{"id":2022,"href":"https:\/\/oexpressobr.com.br\/index.php?rest_route=\/wp\/v2\/posts\/2020\/revisions\/2022"}],"wp:featuredmedia":[{"embeddable":true,"href":"https:\/\/oexpressobr.com.br\/index.php?rest_route=\/wp\/v2\/media\/2021"}],"wp:attachment":[{"href":"https:\/\/oexpressobr.com.br\/index.php?rest_route=%2Fwp%2Fv2%2Fmedia&parent=2020"}],"wp:term":[{"taxonomy":"category","embeddable":true,"href":"https:\/\/oexpressobr.com.br\/index.php?rest_route=%2Fwp%2Fv2%2Fcategories&post=2020"},{"taxonomy":"post_tag","embeddable":true,"href":"https:\/\/oexpressobr.com.br\/index.php?rest_route=%2Fwp%2Fv2%2Ftags&post=2020"}],"curies":[{"name":"wp","href":"https:\/\/api.w.org\/{rel}","templated":true}]}}