{"id":2023,"date":"2026-01-17T07:25:59","date_gmt":"2026-01-17T10:25:59","guid":{"rendered":"https:\/\/oexpressobr.com.br\/?p=2023"},"modified":"2026-01-17T07:25:59","modified_gmt":"2026-01-17T10:25:59","slug":"portugal-decide-futuro-em-pleito-acirrado-seguro-ventura-e-gouveia-e-melo-disputam-sucessao-de-marcelo","status":"publish","type":"post","link":"https:\/\/oexpressobr.com.br\/?p=2023","title":{"rendered":"PORTUGAL decide futuro em pleito acirrado: Seguro, Ventura e Gouveia e Melo disputam sucess\u00e3o de Marcelo"},"content":{"rendered":"\n<p class=\"wp-block-paragraph\"> Neste domingo, 18 de janeiro de 2026, os eleitores portugueses v\u00e3o \u00e0s urnas para o primeiro turno de uma das elei\u00e7\u00f5es presidenciais mais imprevis\u00edveis desde a Revolu\u00e7\u00e3o dos Cravos. Com a sa\u00edda de <strong>Marcelo Rebelo de Sousa<\/strong>, impedido constitucionalmente de buscar um terceiro mandato, o pa\u00eds enfrenta um cen\u00e1rio de fragmenta\u00e7\u00e3o pol\u00edtica sem precedentes, onde a estabilidade institucional e a gest\u00e3o da crise habitacional tornaram-se os eixos centrais do debate.<\/p>\n\n\n\n<h2 class=\"wp-block-heading\">Um cen\u00e1rio de incerteza e polariza\u00e7\u00e3o<\/h2>\n\n\n\n<p class=\"wp-block-paragraph\">As sondagens mais recentes, divulgadas nesta sexta-feira (16), apontam um empate t\u00e9cnico triplo na lideran\u00e7a. O ex-l\u00edder socialista <strong>Ant\u00f3nio Jos\u00e9 Seguro<\/strong> aparece com uma leve vantagem num\u00e9rica, mas \u00e9 seguido de perto pelo expoente da direita radical, <strong>Andr\u00e9 Ventura (Chega)<\/strong>, e pelo almirante na reserva <strong>Henrique Gouveia e Melo<\/strong>, que corre como independente e atrai eleitores desiludidos com o sistema partid\u00e1rio tradicional.<\/p>\n\n\n\n<p class=\"wp-block-paragraph\">O pleito conta com um recorde de 11 candidatos habilitados, incluindo nomes como <strong>Lu\u00eds Marques Mendes<\/strong> (apoiado pelo PSD\/CDS-PP) e <strong>Jo\u00e3o Cotrim de Figueiredo<\/strong> (Iniciativa Liberal). Especialistas indicam que a probabilidade de um segundo turno \u00e9 de quase 100%, j\u00e1 que nenhum candidato parece reunir os 50% de votos necess\u00e1rios para encerrar a disputa j\u00e1 neste domingo.<\/p>\n\n\n\n<h3 class=\"wp-block-heading\">Por que esta elei\u00e7\u00e3o \u00e9 vital para o Brasil?<\/h3>\n\n\n\n<p class=\"wp-block-paragraph\">Ainda que o cargo de Presidente da Rep\u00fablica em Portugal seja majoritariamente cerimonial, o ocupante possui o &#8220;poder da palavra&#8221; e a capacidade de dissolver a Assembleia da Rep\u00fablica, funcionando como um moderador cr\u00edtico. Para o Brasil, os desdobramentos s\u00e3o diretos:<\/p>\n\n\n\n<ul class=\"wp-block-list\">\n<li><strong>Comunidade Brasileira:<\/strong> Com o n\u00famero de brasileiros trabalhando em Portugal dobrando nos \u00faltimos cinco anos, o novo presidente herdar\u00e1 o desafio de gerir pol\u00edticas de imigra\u00e7\u00e3o que se tornaram um &#8220;tema t\u00f3xico&#8221; na campanha. Candidatos como Ventura prop\u00f5em regras mais r\u00edgidas, enquanto Seguro defende a manuten\u00e7\u00e3o dos la\u00e7os da Lusofonia.<\/li>\n\n\n\n<li><strong>Diplomacia e Economia:<\/strong> Portugal \u00e9 a principal porta de entrada do Brasil na Uni\u00e3o Europeia. A vit\u00f3ria de um candidato mais nacionalista poderia esfriar acordos de coopera\u00e7\u00e3o t\u00e9cnica e fluxos de investimento que foram revitalizados nos \u00faltimos anos.<\/li>\n\n\n\n<li><strong>Geopol\u00edtica e o &#8220;Efeito Trump&#8221;:<\/strong> O retorno de Donald Trump \u00e0 Casa Branca e suas recentes amea\u00e7as de tarifas sobre a Uni\u00e3o Europeia colocam Portugal em uma posi\u00e7\u00e3o defensiva. O pr\u00f3ximo presidente portugu\u00eas precisar\u00e1 articular a posi\u00e7\u00e3o do pa\u00eds em um bloco europeu que come\u00e7a a ver os EUA como um concorrente econ\u00f4mico agressivo, impactando indiretamente as exporta\u00e7\u00f5es brasileiras que utilizam Portugal como hub.<\/li>\n<\/ul>\n\n\n\n<h3 class=\"wp-block-heading\">Os temas que decidem o voto<\/h3>\n\n\n\n<p class=\"wp-block-paragraph\">Al\u00e9m da imigra\u00e7\u00e3o, a <strong>crise na habita\u00e7\u00e3o<\/strong> domina os discursos. Com pre\u00e7os de arrendamento proibitivos em Lisboa e no Porto, candidatos como Gouveia e Melo prop\u00f5em solu\u00e7\u00f5es modulares e incentivos fiscais, enquanto a esquerda, representada por <strong>Catarina Martins (BE)<\/strong> e <strong>Ant\u00f3nio Filipe (PCP)<\/strong>, foca no controle estatal de pre\u00e7os.<\/p>\n\n\n\n<figure class=\"wp-block-table\"><table class=\"has-fixed-layout\"><thead><tr><td><strong>Candidato<\/strong><\/td><td><strong>Alinhamento<\/strong><\/td><td><strong>Principal Bandeira<\/strong><\/td><\/tr><\/thead><tbody><tr><td><strong>Ant\u00f3nio Jos\u00e9 Seguro<\/strong><\/td><td>Centro-esquerda (PS)<\/td><td>Estabilidade institucional e di\u00e1logo social.<\/td><\/tr><tr><td><strong>Andr\u00e9 Ventura<\/strong><\/td><td>Direita Radical (Chega)<\/td><td>Controle de imigra\u00e7\u00e3o e reforma do sistema pol\u00edtico.<\/td><\/tr><tr><td><strong>Gouveia e Melo<\/strong><\/td><td>Independente<\/td><td>Efici\u00eancia administrativa e coes\u00e3o social.<\/td><\/tr><tr><td><strong>Marques Mendes<\/strong><\/td><td>Centro-direita (PSD)<\/td><td>Experi\u00eancia pol\u00edtica e reformas econ\u00f4micas.<\/td><\/tr><\/tbody><\/table><\/figure>\n\n\n\n<p class=\"wp-block-paragraph\">\u00c0 medida que as urnas abrem, o mundo \u2014 e especialmente o Brasil \u2014 observa se Portugal optar\u00e1 pela continuidade moderada ou se mergulhar\u00e1 na onda de populismo que tem redesenhado democracias pelo globo.<\/p>\n\n\n\n<p class=\"wp-block-paragraph\">Gostaria que eu fizesse uma an\u00e1lise detalhada sobre as propostas espec\u00edficas de cada candidato para a comunidade brasileira em Portugal?<\/p>\n\n\n\n<p class=\"wp-block-paragraph\">Entenda as compet\u00eancias do Presidente da Rep\u00fablica em Portugal<\/p>\n\n\n\n<p class=\"wp-block-paragraph\">Este v\u00eddeo contextualiza como o papel do Presidente, embora moderador, pode influenciar o futuro governo e as rela\u00e7\u00f5es internacionais diante de mudan\u00e7as globais como as pol\u00edticas de Donald Trump.<\/p>\n\n\n\n<figure class=\"wp-block-embed is-type-video is-provider-youtube wp-block-embed-youtube wp-embed-aspect-16-9 wp-has-aspect-ratio\"><div class=\"wp-block-embed__wrapper\">\n<iframe loading=\"lazy\" title=\"Como Donald Trump pode influenciar o futuro Governo de Portugal\" width=\"900\" height=\"506\" src=\"https:\/\/www.youtube.com\/embed\/6hMI4-2T6fs?feature=oembed\" frameborder=\"0\" allow=\"accelerometer; autoplay; clipboard-write; encrypted-media; gyroscope; picture-in-picture; web-share\" referrerpolicy=\"strict-origin-when-cross-origin\" allowfullscreen><\/iframe>\n<\/div><\/figure>\n","protected":false},"excerpt":{"rendered":"<p>Neste domingo, 18 de janeiro de 2026, os eleitores portugueses v\u00e3o \u00e0s urnas para o primeiro turno de uma das elei\u00e7\u00f5es presidenciais mais imprevis\u00edveis desde [&#8230;]<\/p>\n","protected":false},"author":1,"featured_media":2024,"comment_status":"open","ping_status":"open","sticky":false,"template":"","format":"standard","meta":{"_crdt_document":"","_jetpack_memberships_contains_paid_content":false,"footnotes":"","jetpack_publicize_message":"","jetpack_publicize_feature_enabled":true,"jetpack_social_post_already_shared":true,"jetpack_social_options":{"image_generator_settings":{"template":"highway","default_image_id":0,"font":"","enabled":false},"version":2}},"categories":[15],"tags":[],"class_list":["post-2023","post","type-post","status-publish","format-standard","has-post-thumbnail","hentry","category-internacional"],"jetpack_publicize_connections":[],"jetpack_featured_media_url":"https:\/\/i0.wp.com\/oexpressobr.com.br\/wp-content\/uploads\/2026\/01\/ae515368-af38-44ef-8fed-775692dff4f1.png?fit=1536%2C1024&ssl=1","jetpack_likes_enabled":true,"jetpack_sharing_enabled":true,"_links":{"self":[{"href":"https:\/\/oexpressobr.com.br\/index.php?rest_route=\/wp\/v2\/posts\/2023","targetHints":{"allow":["GET"]}}],"collection":[{"href":"https:\/\/oexpressobr.com.br\/index.php?rest_route=\/wp\/v2\/posts"}],"about":[{"href":"https:\/\/oexpressobr.com.br\/index.php?rest_route=\/wp\/v2\/types\/post"}],"author":[{"embeddable":true,"href":"https:\/\/oexpressobr.com.br\/index.php?rest_route=\/wp\/v2\/users\/1"}],"replies":[{"embeddable":true,"href":"https:\/\/oexpressobr.com.br\/index.php?rest_route=%2Fwp%2Fv2%2Fcomments&post=2023"}],"version-history":[{"count":1,"href":"https:\/\/oexpressobr.com.br\/index.php?rest_route=\/wp\/v2\/posts\/2023\/revisions"}],"predecessor-version":[{"id":2025,"href":"https:\/\/oexpressobr.com.br\/index.php?rest_route=\/wp\/v2\/posts\/2023\/revisions\/2025"}],"wp:featuredmedia":[{"embeddable":true,"href":"https:\/\/oexpressobr.com.br\/index.php?rest_route=\/wp\/v2\/media\/2024"}],"wp:attachment":[{"href":"https:\/\/oexpressobr.com.br\/index.php?rest_route=%2Fwp%2Fv2%2Fmedia&parent=2023"}],"wp:term":[{"taxonomy":"category","embeddable":true,"href":"https:\/\/oexpressobr.com.br\/index.php?rest_route=%2Fwp%2Fv2%2Fcategories&post=2023"},{"taxonomy":"post_tag","embeddable":true,"href":"https:\/\/oexpressobr.com.br\/index.php?rest_route=%2Fwp%2Fv2%2Ftags&post=2023"}],"curies":[{"name":"wp","href":"https:\/\/api.w.org\/{rel}","templated":true}]}}