{"id":2036,"date":"2026-01-18T05:13:57","date_gmt":"2026-01-18T08:13:57","guid":{"rendered":"https:\/\/oexpressobr.com.br\/?p=2036"},"modified":"2026-01-18T05:13:58","modified_gmt":"2026-01-18T08:13:58","slug":"acordo-mercosul-ue-amplia-acesso-brasileiro-ao-mercado-global-para-36-destaca-cni","status":"publish","type":"post","link":"https:\/\/oexpressobr.com.br\/?p=2036","title":{"rendered":"Acordo Mercosul-UE amplia acesso brasileiro ao mercado global para 36%, destaca CNI"},"content":{"rendered":"\n<p class=\"wp-block-paragraph\"> Em um desdobramento que redefine o posicionamento estrat\u00e9gico do Brasil no cen\u00e1rio internacional, a assinatura formal do acordo de livre com\u00e9rcio entre o <strong>Mercosul<\/strong> e a <strong>Uni\u00e3o Europeia<\/strong>, ocorrida neste s\u00e1bado (17 de janeiro de 2026), foi classificada pela Confedera\u00e7\u00e3o Nacional da Ind\u00fastria (CNI) como uma &#8220;virada de chave&#8221;. Segundo levantamento da entidade, o tratado permitir\u00e1 que o Brasil salte de um acesso de apenas 8% para <strong>36% do mercado mundial<\/strong> de importa\u00e7\u00f5es de bens.<\/p>\n\n\n\n<p class=\"wp-block-paragraph\">O pacto, conclu\u00eddo ap\u00f3s mais de 25 anos de negocia\u00e7\u00f5es, cria uma das maiores zonas de livre com\u00e9rcio do planeta, integrando um mercado de 720 milh\u00f5es de pessoas e um PIB combinado que supera os <strong>US$ 22 trilh\u00f5es<\/strong>.<\/p>\n\n\n\n<h3 class=\"wp-block-heading\">Transi\u00e7\u00e3o gradual e prote\u00e7\u00e3o \u00e0 ind\u00fastria nacional<\/h3>\n\n\n\n<p class=\"wp-block-paragraph\">A an\u00e1lise t\u00e9cnica da CNI detalha que, embora a abertura seja ambiciosa, o cronograma foi desenhado para mitigar choques na produ\u00e7\u00e3o local. Enquanto a Uni\u00e3o Europeia zerar\u00e1 tarifas para <strong>95% dos bens do Mercosul<\/strong> em at\u00e9 12 anos, o bloco sul-americano ter\u00e1 um prazo mais estendido, de at\u00e9 <strong>15 anos<\/strong>, para eliminar impostos sobre 91% dos produtos europeus.<\/p>\n\n\n\n<ul class=\"wp-block-list\">\n<li><strong>Vantagem no Prazo:<\/strong> Em m\u00e9dia, o Brasil ter\u00e1 <strong>oito anos a mais<\/strong> que os europeus para se adaptar plenamente \u00e0s novas regras tarif\u00e1rias.<\/li>\n\n\n\n<li><strong>Setores Sens\u00edveis:<\/strong> Segmentos como o automotivo possuem os prazos mais longos. Carros a combust\u00e3o ter\u00e3o redu\u00e7\u00e3o gradual em 15 anos, enquanto ve\u00edculos el\u00e9tricos podem chegar a <strong>18 anos<\/strong> de transi\u00e7\u00e3o, visando o desenvolvimento tecnol\u00f3gico interno.<\/li>\n<\/ul>\n\n\n\n<h3 class=\"wp-block-heading\">Impactos imediatos e ganhos para o agroneg\u00f3cio<\/h3>\n\n\n\n<p class=\"wp-block-paragraph\">Apesar da transi\u00e7\u00e3o lenta para alguns setores industriais, o agroneg\u00f3cio e certas categorias de manufaturados devem sentir efeitos positivos j\u00e1 no &#8220;Dia 1&#8221; ap\u00f3s a ratifica\u00e7\u00e3o.<\/p>\n\n\n\n<ul class=\"wp-block-list\">\n<li><strong>Exporta\u00e7\u00f5es:<\/strong> Estima-se que, para cada R$ 1 bilh\u00e3o exportado para a UE, sejam gerados mais de <strong>21 mil empregos<\/strong> no Brasil.<\/li>\n\n\n\n<li><strong>Cotas Agr\u00edcolas:<\/strong> O acordo estabelece cotas preferenciais para carnes, a\u00e7\u00facar e arroz. No caso da carne bovina, a cota de 99 mil toneladas \u00e9 o dobro da concedida pela UE ao Canad\u00e1.<\/li>\n\n\n\n<li><strong>Insumos:<\/strong> A redu\u00e7\u00e3o de custos em m\u00e1quinas, equipamentos e produtos qu\u00edmicos importados da Europa deve reduzir o chamado &#8220;Custo Brasil&#8221;, aumentando a competitividade das f\u00e1bricas nacionais.<\/li>\n<\/ul>\n\n\n\n<h3 class=\"wp-block-heading\">Pr\u00f3ximos passos<\/h3>\n\n\n\n<p class=\"wp-block-paragraph\">A assinatura em Assun\u00e7\u00e3o \u00e9 o primeiro ato pol\u00edtico definitivo de 2026, mas o texto ainda precisa passar pela aprova\u00e7\u00e3o do <strong>Parlamento Europeu<\/strong> e dos congressos nacionais dos pa\u00edses membros do Mercosul. A expectativa \u00e9 que a &#8220;vig\u00eancia provis\u00f3ria&#8221; da parte comercial ocorra ainda este ano, permitindo o in\u00edcio imediato da queda de tarifas para itens selecionados.<\/p>\n\n\n\n<blockquote class=\"wp-block-quote is-layout-flow wp-block-quote-is-layout-flow\">\n<p class=\"wp-block-paragraph\">&#8220;Este acordo garante acesso imediato ao mercado europeu e reposiciona o Brasil globalmente, criando um incentivo para avan\u00e7armos na nossa agenda de competitividade estrutural&#8221;, afirmou Ricardo Alban, presidente da CNI.<\/p>\n<\/blockquote>\n\n\n\n<p class=\"wp-block-paragraph\">Voc\u00ea gostaria que eu detalhasse quais categorias de produtos industriais ter\u00e3o tarifa zero imediata com o in\u00edcio da vig\u00eancia do acordo?<\/p>\n\n\n\n<hr class=\"wp-block-separator has-alpha-channel-opacity\"\/>\n\n\n\n<p class=\"wp-block-paragraph\"><a target=\"_blank\" rel=\"noreferrer noopener\" href=\"https:\/\/www.youtube.com\/watch?v=Wb6N9na8C54\">CNI classifica acordo Mercosul-UE como avan\u00e7o hist\u00f3rico<\/a><\/p>\n\n\n\n<p class=\"wp-block-paragraph\">Este v\u00eddeo apresenta a an\u00e1lise detalhada de especialistas e representantes da CNI sobre os impactos diretos do acordo na competitividade e tecnologia da ind\u00fastria brasileira.<\/p>\n\n\n\n<figure class=\"wp-block-embed is-type-video is-provider-youtube wp-block-embed-youtube wp-embed-aspect-16-9 wp-has-aspect-ratio\"><div class=\"wp-block-embed__wrapper\">\n<iframe loading=\"lazy\" title=\"CNI classifica acordo Mercosul-UE como um avan\u00e7o relevante para ind\u00fastria; Krigner e Jesualdo opinam\" width=\"900\" height=\"506\" src=\"https:\/\/www.youtube.com\/embed\/Wb6N9na8C54?feature=oembed\" frameborder=\"0\" allow=\"accelerometer; autoplay; clipboard-write; encrypted-media; gyroscope; picture-in-picture; web-share\" referrerpolicy=\"strict-origin-when-cross-origin\" allowfullscreen><\/iframe>\n<\/div><\/figure>\n","protected":false},"excerpt":{"rendered":"<p>Em um desdobramento que redefine o posicionamento estrat\u00e9gico do Brasil no cen\u00e1rio internacional, a assinatura formal do acordo de livre com\u00e9rcio entre o Mercosul e [&#8230;]<\/p>\n","protected":false},"author":1,"featured_media":2037,"comment_status":"open","ping_status":"open","sticky":false,"template":"","format":"standard","meta":{"_crdt_document":"","_jetpack_memberships_contains_paid_content":false,"footnotes":"","jetpack_publicize_message":"","jetpack_publicize_feature_enabled":true,"jetpack_social_post_already_shared":true,"jetpack_social_options":{"image_generator_settings":{"template":"highway","default_image_id":0,"font":"","enabled":false},"version":2}},"categories":[17],"tags":[],"class_list":["post-2036","post","type-post","status-publish","format-standard","has-post-thumbnail","hentry","category-comercio"],"jetpack_publicize_connections":[],"jetpack_featured_media_url":"https:\/\/i0.wp.com\/oexpressobr.com.br\/wp-content\/uploads\/2026\/01\/a2aa95a8-40b3-4e63-8fa3-81df8cfb63f1.jpg?fit=800%2C533&ssl=1","jetpack_likes_enabled":true,"jetpack_sharing_enabled":true,"_links":{"self":[{"href":"https:\/\/oexpressobr.com.br\/index.php?rest_route=\/wp\/v2\/posts\/2036","targetHints":{"allow":["GET"]}}],"collection":[{"href":"https:\/\/oexpressobr.com.br\/index.php?rest_route=\/wp\/v2\/posts"}],"about":[{"href":"https:\/\/oexpressobr.com.br\/index.php?rest_route=\/wp\/v2\/types\/post"}],"author":[{"embeddable":true,"href":"https:\/\/oexpressobr.com.br\/index.php?rest_route=\/wp\/v2\/users\/1"}],"replies":[{"embeddable":true,"href":"https:\/\/oexpressobr.com.br\/index.php?rest_route=%2Fwp%2Fv2%2Fcomments&post=2036"}],"version-history":[{"count":1,"href":"https:\/\/oexpressobr.com.br\/index.php?rest_route=\/wp\/v2\/posts\/2036\/revisions"}],"predecessor-version":[{"id":2038,"href":"https:\/\/oexpressobr.com.br\/index.php?rest_route=\/wp\/v2\/posts\/2036\/revisions\/2038"}],"wp:featuredmedia":[{"embeddable":true,"href":"https:\/\/oexpressobr.com.br\/index.php?rest_route=\/wp\/v2\/media\/2037"}],"wp:attachment":[{"href":"https:\/\/oexpressobr.com.br\/index.php?rest_route=%2Fwp%2Fv2%2Fmedia&parent=2036"}],"wp:term":[{"taxonomy":"category","embeddable":true,"href":"https:\/\/oexpressobr.com.br\/index.php?rest_route=%2Fwp%2Fv2%2Fcategories&post=2036"},{"taxonomy":"post_tag","embeddable":true,"href":"https:\/\/oexpressobr.com.br\/index.php?rest_route=%2Fwp%2Fv2%2Ftags&post=2036"}],"curies":[{"name":"wp","href":"https:\/\/api.w.org\/{rel}","templated":true}]}}