{"id":2039,"date":"2026-01-18T05:47:57","date_gmt":"2026-01-18T08:47:57","guid":{"rendered":"https:\/\/oexpressobr.com.br\/?p=2039"},"modified":"2026-01-18T05:47:59","modified_gmt":"2026-01-18T08:47:59","slug":"ratinho-junior-veta-apoio-a-sergio-moro-para-o-governo-do-parana-e-cita-falta-de-clima","status":"publish","type":"post","link":"https:\/\/oexpressobr.com.br\/?p=2039","title":{"rendered":"Ratinho Junior veta apoio a Sergio Moro para o Governo do Paran\u00e1 e cita &#8220;falta de clima&#8221;"},"content":{"rendered":"\n<p class=\"wp-block-paragraph\">O cen\u00e1rio pol\u00edtico para a sucess\u00e3o estadual no Paran\u00e1 em 2026 ganhou contornos definitivos ap\u00f3s um encontro reservado entre o senador <strong>Sergio Moro (Uni\u00e3o Brasil)<\/strong> e o governador <strong>Ratinho Junior (PSD)<\/strong>. No di\u00e1logo, ocorrido no Pal\u00e1cio Igua\u00e7u, Moro buscou formalizar um pedido de apoio \u00e0 sua candidatura ao governo do estado, mas recebeu uma negativa enf\u00e1tica do atual mandat\u00e1rio paranaense.<\/p>\n\n\n\n<p class=\"wp-block-paragraph\">Apesar de Moro liderar as pesquisas de inten\u00e7\u00e3o de voto \u2014 impulsionado por seu recall como ex-juiz e senador \u2014, Ratinho Junior foi direto ao afirmar que <strong>&#8220;n\u00e3o existe clima&#8221;<\/strong> para uma alian\u00e7a. O governador, que ostenta uma aprova\u00e7\u00e3o superior a 80% em levantamentos recentes, justificou o veto com base em escolhas pol\u00edticas feitas por Moro nas elei\u00e7\u00f5es municipais de 2024, que teriam rompido a confian\u00e7a entre os grupos.<\/p>\n\n\n\n<h3 class=\"wp-block-heading\">Os motivos do racha: Curitiba no centro da disputa<\/h3>\n\n\n\n<p class=\"wp-block-paragraph\">A resist\u00eancia de Ratinho Junior fundamenta-se em epis\u00f3dios recentes que feriram a articula\u00e7\u00e3o pol\u00edtica do PSD no estado:<\/p>\n\n\n\n<ul class=\"wp-block-list\">\n<li><strong>Veto a Pimentel:<\/strong> Em 2024, o Uni\u00e3o Brasil sinalizava apoio a <strong>Eduardo Pimentel (PSD)<\/strong>, candidato de Ratinho e vencedor do pleito em Curitiba. No entanto, Moro utilizou seu peso pol\u00edtico para vetar a coliga\u00e7\u00e3o, lan\u00e7ando <strong>Ney Leprevost<\/strong> (com Rosangela Moro como vice).<\/li>\n\n\n\n<li><strong>Apoio \u00e0 oposi\u00e7\u00e3o no 2\u00ba turno:<\/strong> Ap\u00f3s a derrota de Leprevost, o senador anunciou apoio p\u00fablico a <strong>Cristina Graeml (PMB)<\/strong> no segundo turno, posicionando-se contra o candidato oficial do governador.<\/li>\n\n\n\n<li><strong>Oposi\u00e7\u00e3o regional:<\/strong> O governador argumentou que Moro optou por fazer oposi\u00e7\u00e3o ao PSD n\u00e3o apenas na capital, mas em v\u00e1rias cidades estrat\u00e9gicas, tornando invi\u00e1vel o pedido de apoio atual.<\/li>\n<\/ul>\n\n\n\n<h3 class=\"wp-block-heading\">O Tabuleiro para 2026: Sucess\u00e3o e Presid\u00eancia<\/h3>\n\n\n\n<p class=\"wp-block-paragraph\">A negativa de Ratinho Junior coloca Moro em uma encruzilhada partid\u00e1ria. Enquanto o senador tenta viabilizar seu nome, enfrenta resist\u00eancias internas no pr\u00f3prio Uni\u00e3o Brasil e agora o isolamento por parte da maior for\u00e7a pol\u00edtica do estado.<\/p>\n\n\n\n<p class=\"wp-block-paragraph\">Por outro lado, Ratinho Junior vive um momento de proje\u00e7\u00e3o nacional. Impedido de disputar a reelei\u00e7\u00e3o, o governador intensificou reuni\u00f5es nesta semana e, em declara\u00e7\u00f5es recentes em janeiro de 2026, afirmou que <strong>aceitar\u00e1 o desafio de disputar a Presid\u00eancia da Rep\u00fablica<\/strong> caso seja o nome escolhido pelo PSD.<\/p>\n\n\n\n<figure class=\"wp-block-table\"><table class=\"has-fixed-layout\"><thead><tr><td><strong>Candidato Pro prov\u00e1vel<\/strong><\/td><td><strong>Partido<\/strong><\/td><td><strong>Status Atual<\/strong><\/td><\/tr><\/thead><tbody><tr><td><strong>Sergio Moro<\/strong><\/td><td>Uni\u00e3o Brasil<\/td><td>L\u00edder nas pesquisas, mas sem apoio do governo estadual.<\/td><\/tr><tr><td><strong>Eduardo Pimentel<\/strong><\/td><td>PSD<\/td><td>Prefeito de Curitiba; nome forte no grupo de Ratinho.<\/td><\/tr><tr><td><strong>Alexandre Curi<\/strong><\/td><td>PSD<\/td><td>Nome de resist\u00eancia e articula\u00e7\u00e3o na Assembleia Legislativa.<\/td><\/tr><tr><td><strong>Guto Silva<\/strong><\/td><td>PP<\/td><td>Frequentemente citado como o &#8220;sucessor do cora\u00e7\u00e3o&#8221; de Ratinho.<\/td><\/tr><\/tbody><\/table><\/figure>\n\n\n\n<p class=\"wp-block-paragraph\">A decis\u00e3o de Ratinho Junior em isolar Moro fortalece nomes de sua base aliada e consolida o PSD como o principal obst\u00e1culo \u00e0s pretens\u00f5es do ex-juiz da Lava Jato de chegar ao Pal\u00e1cio Igua\u00e7u.<\/p>\n","protected":false},"excerpt":{"rendered":"<p>O cen\u00e1rio pol\u00edtico para a sucess\u00e3o estadual no Paran\u00e1 em 2026 ganhou contornos definitivos ap\u00f3s um encontro reservado entre o senador Sergio Moro (Uni\u00e3o Brasil) [&#8230;]<\/p>\n","protected":false},"author":1,"featured_media":2040,"comment_status":"open","ping_status":"open","sticky":false,"template":"","format":"standard","meta":{"_crdt_document":"","_jetpack_memberships_contains_paid_content":false,"footnotes":"","jetpack_publicize_message":"","jetpack_publicize_feature_enabled":true,"jetpack_social_post_already_shared":true,"jetpack_social_options":{"image_generator_settings":{"template":"highway","default_image_id":0,"font":"","enabled":false},"version":2}},"categories":[5],"tags":[],"class_list":["post-2039","post","type-post","status-publish","format-standard","has-post-thumbnail","hentry","category-parana"],"jetpack_publicize_connections":[],"jetpack_featured_media_url":"https:\/\/i0.wp.com\/oexpressobr.com.br\/wp-content\/uploads\/2026\/01\/ratinho-junior-sergio-moro-rfl-aen.jpg.webp?fit=1200%2C706&ssl=1","jetpack_likes_enabled":true,"jetpack_sharing_enabled":true,"_links":{"self":[{"href":"https:\/\/oexpressobr.com.br\/index.php?rest_route=\/wp\/v2\/posts\/2039","targetHints":{"allow":["GET"]}}],"collection":[{"href":"https:\/\/oexpressobr.com.br\/index.php?rest_route=\/wp\/v2\/posts"}],"about":[{"href":"https:\/\/oexpressobr.com.br\/index.php?rest_route=\/wp\/v2\/types\/post"}],"author":[{"embeddable":true,"href":"https:\/\/oexpressobr.com.br\/index.php?rest_route=\/wp\/v2\/users\/1"}],"replies":[{"embeddable":true,"href":"https:\/\/oexpressobr.com.br\/index.php?rest_route=%2Fwp%2Fv2%2Fcomments&post=2039"}],"version-history":[{"count":1,"href":"https:\/\/oexpressobr.com.br\/index.php?rest_route=\/wp\/v2\/posts\/2039\/revisions"}],"predecessor-version":[{"id":2041,"href":"https:\/\/oexpressobr.com.br\/index.php?rest_route=\/wp\/v2\/posts\/2039\/revisions\/2041"}],"wp:featuredmedia":[{"embeddable":true,"href":"https:\/\/oexpressobr.com.br\/index.php?rest_route=\/wp\/v2\/media\/2040"}],"wp:attachment":[{"href":"https:\/\/oexpressobr.com.br\/index.php?rest_route=%2Fwp%2Fv2%2Fmedia&parent=2039"}],"wp:term":[{"taxonomy":"category","embeddable":true,"href":"https:\/\/oexpressobr.com.br\/index.php?rest_route=%2Fwp%2Fv2%2Fcategories&post=2039"},{"taxonomy":"post_tag","embeddable":true,"href":"https:\/\/oexpressobr.com.br\/index.php?rest_route=%2Fwp%2Fv2%2Ftags&post=2039"}],"curies":[{"name":"wp","href":"https:\/\/api.w.org\/{rel}","templated":true}]}}