{"id":2046,"date":"2026-01-18T11:32:31","date_gmt":"2026-01-18T14:32:31","guid":{"rendered":"https:\/\/oexpressobr.com.br\/?p=2046"},"modified":"2026-01-18T11:32:31","modified_gmt":"2026-01-18T14:32:31","slug":"vereadores-de-mato-rico-aprovam-reforma-administrativa-sob-acusacao-de-legalizar-o-nepotismo","status":"publish","type":"post","link":"https:\/\/oexpressobr.com.br\/?p=2046","title":{"rendered":"Vereadores de Mato Rico aprovam reforma administrativa sob acusa\u00e7\u00e3o de &#8220;legalizar o nepotismo&#8221;"},"content":{"rendered":"\n<p class=\"wp-block-paragraph\">Em uma sess\u00e3o extraordin\u00e1ria marcada por forte tens\u00e3o e trocas de acusa\u00e7\u00f5es, a C\u00e2mara Municipal de Mato Rico aprovou, nesta sexta-feira (16), um projeto de lei que altera a estrutura administrativa da prefeitura. A medida, apoiada pela maioria da base governista, \u00e9 alvo de duras cr\u00edticas por parte da oposi\u00e7\u00e3o, que classifica a manobra como uma tentativa de &#8220;legalizar o nepotismo&#8221; e desmantelar o quadro de servidores de carreira no munic\u00edpio.<\/p>\n\n\n\n<h3 class=\"wp-block-heading\">\u200bO ponto da disc\u00f3rdia: Cargos de confian\u00e7a vs. Concursados<\/h3>\n\n\n\n<p class=\"wp-block-paragraph\">\u200bO cerne da pol\u00eamica reside na substitui\u00e7\u00e3o de fun\u00e7\u00f5es anteriormente ocupadas por profissionais t\u00e9cnicos e servidores de carreira (efetivos e contratados via PSS) por <strong>cargos em comiss\u00e3o<\/strong>. De acordo com dois vereadores da bancada oposicionista, o projeto abre uma &#8220;brecha perigosa&#8221; para que o Poder Executivo nomeie pessoas sem a devida qualifica\u00e7\u00e3o t\u00e9cnica, privilegiando crit\u00e9rios puramente pol\u00edticos e familiares.<\/p>\n\n\n\n<blockquote class=\"wp-block-quote is-layout-flow wp-block-quote-is-layout-flow\">\n<p class=\"wp-block-paragraph\">\u200b&#8221;O que estamos vendo \u00e9 um ataque direto \u00e0 meritocracia. Querem administrar a cidade apenas com cargos de confian\u00e7a, permitindo que parentes de secret\u00e1rios e at\u00e9 de vereadores ocupem vagas que deveriam ser de profissionais concursados&#8221;, afirmou um dos parlamentares durante o debate em plen\u00e1rio.<\/p>\n<\/blockquote>\n\n\n\n<h3 class=\"wp-block-heading\">\u200bHist\u00f3rico de investiga\u00e7\u00f5es e o cen\u00e1rio atual<\/h3>\n\n\n\n<p class=\"wp-block-paragraph\">\u200bA discuss\u00e3o ganha contornos ainda mais graves devido ao hist\u00f3rico recente do munic\u00edpio. Em 2023, o <strong>Minist\u00e9rio P\u00fablico do Paran\u00e1 (MPPR)<\/strong> j\u00e1 havia instaurado inqu\u00e9rito civil para apurar pr\u00e1ticas de nepotismo e &#8220;nepotismo cruzado&#8221; na prefeitura, envolvendo familiares de diversos vereadores em cargos estrat\u00e9gicos.<\/p>\n\n\n\n<p class=\"wp-block-paragraph\">\u200bAl\u00e9m disso, o atual prefeito enfrenta a\u00e7\u00f5es civis p\u00fablicas por improbidade administrativa no \u00e2mbito da <strong>&#8220;Opera\u00e7\u00e3o Cercados&#8221;<\/strong>, que investiga desvios de recursos p\u00fablicos. Para a oposi\u00e7\u00e3o, a nova lei aprovada nesta sexta-feira serve como uma &#8220;blindagem jur\u00eddica&#8221; para perpetuar o favorecimento de aliados, contrariando o princ\u00edpio constitucional da impessoalidade.<\/p>\n\n\n\n<h3 class=\"wp-block-heading\">\u200bPrincipais pontos de cr\u00edtica ao projeto:<\/h3>\n\n\n\n<ul class=\"wp-block-list\">\n<li>\u200b<strong>Desvaloriza\u00e7\u00e3o do Servidor:<\/strong> Redu\u00e7\u00e3o do espa\u00e7o para profissionais concursados e do Processo Seletivo Simplificado (PSS).<\/li>\n\n\n\n<li>\u200b<strong>Risco de Incompet\u00eancia T\u00e9cnica:<\/strong> Nomea\u00e7\u00e3o de pessoas desqualificadas para fun\u00e7\u00f5es que exigem conhecimento espec\u00edfico.<\/li>\n\n\n\n<li>\u200b<strong>Nepotismo Institucionalizado:<\/strong> Facilita\u00e7\u00e3o da entrada de parentes de agentes pol\u00edticos na folha de pagamento municipal.<\/li>\n\n\n\n<li>\u200b<strong>Interesse Pol\u00edtico:<\/strong> Fortalecimento do uso da m\u00e1quina p\u00fablica como moeda de troca eleitoral pelo prefeito.<\/li>\n<\/ul>\n\n\n\n<h3 class=\"wp-block-heading\">\u200bPr\u00f3ximos passos<\/h3>\n\n\n\n<p class=\"wp-block-paragraph\">\u200bCom a aprova\u00e7\u00e3o pela maioria dos vereadores, o texto segue agora para a san\u00e7\u00e3o do prefeito. No entanto, lideran\u00e7as comunit\u00e1rias e a minoria parlamentar j\u00e1 articulam uma representa\u00e7\u00e3o junto ao Minist\u00e9rio P\u00fablico para tentar barrar a efic\u00e1cia da lei, alegando inconstitucionalidade e dano ao patrim\u00f4nio p\u00fablico.<\/p>\n\n\n\n<p class=\"wp-block-paragraph\">\u200bA popula\u00e7\u00e3o de Mato Rico, que acompanhou a sess\u00e3o com indigna\u00e7\u00e3o nas redes sociais, aguarda agora o posicionamento oficial do Executivo sobre as nomea\u00e7\u00f5es que devem ocorrer nos pr\u00f3ximos dias.<\/p>\n","protected":false},"excerpt":{"rendered":"<p>Em uma sess\u00e3o extraordin\u00e1ria marcada por forte tens\u00e3o e trocas de acusa\u00e7\u00f5es, a C\u00e2mara Municipal de Mato Rico aprovou, nesta sexta-feira (16), um projeto de [&#8230;]<\/p>\n","protected":false},"author":1,"featured_media":2047,"comment_status":"open","ping_status":"open","sticky":false,"template":"","format":"standard","meta":{"_crdt_document":"","_jetpack_memberships_contains_paid_content":false,"footnotes":"","jetpack_publicize_message":"","jetpack_publicize_feature_enabled":true,"jetpack_social_post_already_shared":true,"jetpack_social_options":{"image_generator_settings":{"template":"highway","default_image_id":0,"font":"","enabled":false},"version":2}},"categories":[5],"tags":[],"class_list":["post-2046","post","type-post","status-publish","format-standard","has-post-thumbnail","hentry","category-parana"],"jetpack_publicize_connections":[],"jetpack_featured_media_url":"https:\/\/i0.wp.com\/oexpressobr.com.br\/wp-content\/uploads\/2026\/01\/VotacaoMatoRico.jpg.webp?fit=800%2C530&ssl=1","jetpack_likes_enabled":true,"jetpack_sharing_enabled":true,"_links":{"self":[{"href":"https:\/\/oexpressobr.com.br\/index.php?rest_route=\/wp\/v2\/posts\/2046","targetHints":{"allow":["GET"]}}],"collection":[{"href":"https:\/\/oexpressobr.com.br\/index.php?rest_route=\/wp\/v2\/posts"}],"about":[{"href":"https:\/\/oexpressobr.com.br\/index.php?rest_route=\/wp\/v2\/types\/post"}],"author":[{"embeddable":true,"href":"https:\/\/oexpressobr.com.br\/index.php?rest_route=\/wp\/v2\/users\/1"}],"replies":[{"embeddable":true,"href":"https:\/\/oexpressobr.com.br\/index.php?rest_route=%2Fwp%2Fv2%2Fcomments&post=2046"}],"version-history":[{"count":1,"href":"https:\/\/oexpressobr.com.br\/index.php?rest_route=\/wp\/v2\/posts\/2046\/revisions"}],"predecessor-version":[{"id":2048,"href":"https:\/\/oexpressobr.com.br\/index.php?rest_route=\/wp\/v2\/posts\/2046\/revisions\/2048"}],"wp:featuredmedia":[{"embeddable":true,"href":"https:\/\/oexpressobr.com.br\/index.php?rest_route=\/wp\/v2\/media\/2047"}],"wp:attachment":[{"href":"https:\/\/oexpressobr.com.br\/index.php?rest_route=%2Fwp%2Fv2%2Fmedia&parent=2046"}],"wp:term":[{"taxonomy":"category","embeddable":true,"href":"https:\/\/oexpressobr.com.br\/index.php?rest_route=%2Fwp%2Fv2%2Fcategories&post=2046"},{"taxonomy":"post_tag","embeddable":true,"href":"https:\/\/oexpressobr.com.br\/index.php?rest_route=%2Fwp%2Fv2%2Ftags&post=2046"}],"curies":[{"name":"wp","href":"https:\/\/api.w.org\/{rel}","templated":true}]}}