{"id":2049,"date":"2026-01-18T11:47:50","date_gmt":"2026-01-18T14:47:50","guid":{"rendered":"https:\/\/oexpressobr.com.br\/?p=2049"},"modified":"2026-01-18T11:47:51","modified_gmt":"2026-01-18T14:47:51","slug":"jamaiquinos-desafiam-governo-e-resorts-para-derrubar-lei-de-1956-e-retomar-acesso-as-praias","status":"publish","type":"post","link":"https:\/\/oexpressobr.com.br\/?p=2049","title":{"rendered":"JAMAIQUINOS desafiam governo e resorts para derrubar lei de 1956 e retomar acesso \u00e0s praias"},"content":{"rendered":"\n<p class=\"wp-block-paragraph\">Uma heran\u00e7a da era colonial brit\u00e2nica tornou-se o centro de uma intensa batalha jur\u00eddica e social na Jamaica. A Lei de Controle de Praias (Beach Control Act), de 1956, que concede ao Estado o direito de transferir \u00e1reas costeiras para a iniciativa privada, \u00e9 hoje o principal alvo do movimento <strong>JaBBEM<\/strong> (Jamaica Beach Birthright Environmental Movement). O grupo lidera uma mobiliza\u00e7\u00e3o nacional para que os cidad\u00e3os locais deixem de ser &#8220;estrangeiros em sua pr\u00f3pria terra&#8221;.<\/p>\n\n\n\n<h3 class=\"wp-block-heading\">\u200bO conflito: Resorts de luxo vs. Direito de nascen\u00e7a<\/h3>\n\n\n\n<p class=\"wp-block-paragraph\">\u200bAtualmente, estima-se que <strong>menos de 1% da costa jamaicana<\/strong> esteja livremente acess\u00edvel ao p\u00fablico. Com a expans\u00e3o agressiva do turismo de massa, centenas de praias foram cercadas por resorts <em>all-inclusive<\/em> e vilas de luxo pertencentes a investidores estrangeiros. Para os moradores locais, o que antes era um espa\u00e7o de lazer, pesca e rituais religiosos, tornou-se propriedade privada protegida por cercas, arames farpados e seguran\u00e7a armada.<\/p>\n\n\n\n<p class=\"wp-block-paragraph\">\u200bA lei vigente, criada seis anos antes da independ\u00eancia da Jamaica, estabelece que os direitos sobre o solo marinho e as praias pertencem \u00e0 &#8220;Coroa&#8221; (atualmente representada pelo Estado). Na pr\u00e1tica, isso permitiu que o governo arrendasse ou vendesse esses espa\u00e7os, excluindo a popula\u00e7\u00e3o que n\u00e3o pode pagar as altas taxas de entrada cobradas por alguns clubes de praia.<\/p>\n\n\n\n<h3 class=\"wp-block-heading\">\u200bAtualiza\u00e7\u00f5es: A ofensiva jur\u00eddica e a resposta de Andrew Holness<\/h3>\n\n\n\n<p class=\"wp-block-paragraph\">\u200bO movimento pela revoga\u00e7\u00e3o da lei ganhou novos cap\u00edtulos em 2024 e no in\u00edcio de 2025:<\/p>\n\n\n\n<ul class=\"wp-block-list\">\n<li>\u200b<strong>Batalha nos Tribunais:<\/strong> O JaBBEM ingressou com a\u00e7\u00f5es judiciais contra gigantes do setor, como a <strong>Sandals Resorts International<\/strong>, e contra o pr\u00f3prio governo. Eles utilizam a &#8220;Lei de Prescri\u00e7\u00e3o de 1882&#8221; para argumentar que as comunidades locais t\u00eam direitos consuetudin\u00e1rios de uso das praias que antecedem qualquer legisla\u00e7\u00e3o moderna de turismo.<\/li>\n\n\n\n<li>\u200b<strong>A Promessa do Governo:<\/strong> Pressionado pela crescente insatisfa\u00e7\u00e3o popular e por protestos em locais ic\u00f4nicos como <em>Bob Marley Beach<\/em> e <em>Blue Lagoon<\/em>, o Primeiro-Ministro <strong>Andrew Holness<\/strong> anunciou que uma nova &#8220;Pol\u00edtica de Gest\u00e3o e Acesso \u00e0s Praias&#8221; est\u00e1 em fase final de revis\u00e3o pelo Gabinete. Holness prometeu investir na melhoria de praias comunit\u00e1rias gratuitas, mas os ativistas criticam a medida, afirmando que &#8220;dar algumas praias&#8221; n\u00e3o resolve a raiz do problema: a falta de um direito constitucional de acesso a toda a costa.<\/li>\n\n\n\n<li>\u200b<strong>Press\u00e3o Internacional:<\/strong> A disputa j\u00e1 atrai aten\u00e7\u00e3o de organismos de direitos humanos, que comparam a situa\u00e7\u00e3o na Jamaica com a de outras ilhas caribenhas, como Ant\u00edgua e Barbuda e Porto Rico, onde as leis de acesso s\u00e3o significativamente mais favor\u00e1veis aos cidad\u00e3os locais.<\/li>\n<\/ul>\n\n\n\n<h3 class=\"wp-block-heading\">\u200bO que est\u00e1 em jogo?<\/h3>\n\n\n\n<p class=\"wp-block-paragraph\">\u200bPara os ativistas, n\u00e3o se trata apenas de lazer. &#8220;\u00c9 uma quest\u00e3o de sobreviv\u00eancia cultural e econ\u00f4mica&#8221;, afirma o Dr. Devon Taylor, presidente do JaBBEM. Pescadores artesanais est\u00e3o perdendo seus pontos de desembarque e fam\u00edlias perdem a conex\u00e3o com o mar, elemento central da identidade jamaicana.<\/p>\n\n\n\n<p class=\"wp-block-paragraph\">\u200bEnquanto o governo tenta equilibrar a depend\u00eancia econ\u00f4mica do turismo \u2014 que representa cerca de 30% do PIB da ilha \u2014 com as demandas sociais, a popula\u00e7\u00e3o segue vigilante. O debate agora caminha para o Parlamento, onde a reforma da lei de 1956 promete ser um dos temas mais divisivos e fundamentais para o futuro da autonomia da Jamaica sobre seu pr\u00f3prio territ\u00f3rio.<\/p>\n","protected":false},"excerpt":{"rendered":"<p>Uma heran\u00e7a da era colonial brit\u00e2nica tornou-se o centro de uma intensa batalha jur\u00eddica e social na Jamaica. A Lei de Controle de Praias (Beach [&#8230;]<\/p>\n","protected":false},"author":1,"featured_media":2050,"comment_status":"open","ping_status":"open","sticky":false,"template":"","format":"standard","meta":{"_crdt_document":"","_jetpack_memberships_contains_paid_content":false,"footnotes":"","jetpack_publicize_message":"","jetpack_publicize_feature_enabled":true,"jetpack_social_post_already_shared":true,"jetpack_social_options":{"image_generator_settings":{"template":"highway","default_image_id":0,"font":"","enabled":false},"version":2}},"categories":[13],"tags":[],"class_list":["post-2049","post","type-post","status-publish","format-standard","has-post-thumbnail","hentry","category-turismo"],"jetpack_publicize_connections":[],"jetpack_featured_media_url":"https:\/\/i0.wp.com\/oexpressobr.com.br\/wp-content\/uploads\/2026\/01\/b249fed0-eccd-11f0-a422-4ba8a094a8fa.jpg.webp?fit=800%2C450&ssl=1","jetpack_likes_enabled":true,"jetpack_sharing_enabled":true,"_links":{"self":[{"href":"https:\/\/oexpressobr.com.br\/index.php?rest_route=\/wp\/v2\/posts\/2049","targetHints":{"allow":["GET"]}}],"collection":[{"href":"https:\/\/oexpressobr.com.br\/index.php?rest_route=\/wp\/v2\/posts"}],"about":[{"href":"https:\/\/oexpressobr.com.br\/index.php?rest_route=\/wp\/v2\/types\/post"}],"author":[{"embeddable":true,"href":"https:\/\/oexpressobr.com.br\/index.php?rest_route=\/wp\/v2\/users\/1"}],"replies":[{"embeddable":true,"href":"https:\/\/oexpressobr.com.br\/index.php?rest_route=%2Fwp%2Fv2%2Fcomments&post=2049"}],"version-history":[{"count":1,"href":"https:\/\/oexpressobr.com.br\/index.php?rest_route=\/wp\/v2\/posts\/2049\/revisions"}],"predecessor-version":[{"id":2051,"href":"https:\/\/oexpressobr.com.br\/index.php?rest_route=\/wp\/v2\/posts\/2049\/revisions\/2051"}],"wp:featuredmedia":[{"embeddable":true,"href":"https:\/\/oexpressobr.com.br\/index.php?rest_route=\/wp\/v2\/media\/2050"}],"wp:attachment":[{"href":"https:\/\/oexpressobr.com.br\/index.php?rest_route=%2Fwp%2Fv2%2Fmedia&parent=2049"}],"wp:term":[{"taxonomy":"category","embeddable":true,"href":"https:\/\/oexpressobr.com.br\/index.php?rest_route=%2Fwp%2Fv2%2Fcategories&post=2049"},{"taxonomy":"post_tag","embeddable":true,"href":"https:\/\/oexpressobr.com.br\/index.php?rest_route=%2Fwp%2Fv2%2Ftags&post=2049"}],"curies":[{"name":"wp","href":"https:\/\/api.w.org\/{rel}","templated":true}]}}