{"id":205,"date":"2025-12-01T20:38:30","date_gmt":"2025-12-01T23:38:30","guid":{"rendered":"https:\/\/oexpressobr.com.br\/?p=205"},"modified":"2025-12-01T20:38:30","modified_gmt":"2025-12-01T23:38:30","slug":"secretario-roni-miranda-e-colegio-prometem-acompanhamento-contra-violencia-e-discriminacao","status":"publish","type":"post","link":"https:\/\/oexpressobr.com.br\/?p=205","title":{"rendered":"Secret\u00e1rio Roni Miranda e Col\u00e9gio Prometem Acompanhamento Contra Viol\u00eancia e Discrimina\u00e7\u00e3o"},"content":{"rendered":"\n<p class=\"wp-block-paragraph\">\u200bO secret\u00e1rio de Educa\u00e7\u00e3o do Paran\u00e1, Roni Miranda, anunciou que a pasta ir\u00e1 iniciar um <strong>acompanhamento especial<\/strong> em um col\u00e9gio da rede estadual para intensificar o combate \u00e0 <strong>viol\u00eancia e \u00e0 discrimina\u00e7\u00e3o<\/strong>. A medida surge como resposta direta a incidentes recentes e \u00e0 crescente necessidade de garantir um ambiente escolar seguro e inclusivo para todos os estudantes e profissionais.<\/p>\n\n\n\n<p class=\"wp-block-paragraph\">\u200bMiranda n\u00e3o detalhou imediatamente qual col\u00e9gio espec\u00edfico ser\u00e1 o foco inicial desse acompanhamento, mas ressaltou a urg\u00eancia da a\u00e7\u00e3o. &#8220;N\u00e3o podemos tolerar que a viol\u00eancia e a discrimina\u00e7\u00e3o encontrem espa\u00e7o dentro dos muros de nossas escolas. O ambiente escolar deve ser um santu\u00e1rio de aprendizado e respeito m\u00fatuo&#8221;, afirmou o secret\u00e1rio.<\/p>\n\n\n\n<h3 class=\"wp-block-heading\">\u200b<strong>Foco na Preven\u00e7\u00e3o e Forma\u00e7\u00e3o<\/strong><\/h3>\n\n\n\n<p class=\"wp-block-paragraph\">\u200bO acompanhamento, segundo o Secret\u00e1rio, envolver\u00e1 uma s\u00e9rie de a\u00e7\u00f5es coordenadas:<\/p>\n\n\n\n<ul class=\"wp-block-list\">\n<li>\u200b<strong>Aumento da Orienta\u00e7\u00e3o:<\/strong> Refor\u00e7o na presen\u00e7a e atua\u00e7\u00e3o de psic\u00f3logos e pedagogos para media\u00e7\u00e3o de conflitos e suporte emocional aos alunos.<\/li>\n\n\n\n<li>\u200b<strong>Capacita\u00e7\u00e3o de Educadores:<\/strong> Treinamentos espec\u00edficos para professores e gestores sobre como identificar, intervir e prevenir atos de viol\u00eancia, <em>bullying<\/em> e discrimina\u00e7\u00e3o de todas as naturezas (racial, de g\u00eanero, socioecon\u00f4mica, etc.).<\/li>\n\n\n\n<li>\u200b<strong>Envolvimento Comunit\u00e1rio:<\/strong> Promo\u00e7\u00e3o de di\u00e1logo com pais e respons\u00e1veis para construir uma rede de apoio s\u00f3lida.<\/li>\n\n\n\n<li>\u200b<strong>Revis\u00e3o de Protocolos:<\/strong> Avalia\u00e7\u00e3o e atualiza\u00e7\u00e3o dos protocolos internos da escola para garantir respostas r\u00e1pidas e eficazes a qualquer den\u00fancia.<\/li>\n<\/ul>\n\n\n\n<h3 class=\"wp-block-heading\">\u200b<strong>Contexto Nacional e Estadual<\/strong><\/h3>\n\n\n\n<p class=\"wp-block-paragraph\">\u200bA iniciativa do Paran\u00e1 se alinha a um debate nacional sobre a seguran\u00e7a nas escolas. Nos \u00faltimos anos, casos de viol\u00eancia t\u00eam exigido das Secretarias de Educa\u00e7\u00e3o e Seguran\u00e7a P\u00fablica respostas mais robustas e focadas na sa\u00fade mental e no clima escolar. O Paran\u00e1, por sua vez, tem investido em programas como o <strong>Forma\u00e7\u00e3o pela Escola<\/strong>, que inclui m\u00f3dulos sobre Direitos Humanos e conviv\u00eancia democr\u00e1tica.<\/p>\n\n\n\n<p class=\"wp-block-paragraph\">\u200bO secret\u00e1rio Miranda enfatizou que o compromisso vai al\u00e9m da puni\u00e7\u00e3o. &#8220;A puni\u00e7\u00e3o \u00e9 necess\u00e1ria, mas a <strong>preven\u00e7\u00e3o e a conscientiza\u00e7\u00e3o<\/strong> s\u00e3o as ferramentas mais poderosas. Vamos trabalhar a cultura da paz e do respeito, garantindo que o direito de aprender seja exercido plenamente, sem medo.&#8221;<\/p>\n\n\n\n<p class=\"wp-block-paragraph\">\u200bOs resultados e desdobramentos desse acompanhamento ser\u00e3o monitorados de perto pela Secretaria, que espera replicar as boas pr\u00e1ticas em outras unidades da rede, caso o modelo se mostre eficaz. A comunidade escolar aguarda agora os detalhes da implementa\u00e7\u00e3o para saber como as mudan\u00e7as impactar\u00e3o o dia a dia.<\/p>\n","protected":false},"excerpt":{"rendered":"<p>\u200bO secret\u00e1rio de Educa\u00e7\u00e3o do Paran\u00e1, Roni Miranda, anunciou que a pasta ir\u00e1 iniciar um acompanhamento especial em um col\u00e9gio da rede estadual para intensificar [&#8230;]<\/p>\n","protected":false},"author":1,"featured_media":206,"comment_status":"open","ping_status":"open","sticky":false,"template":"","format":"standard","meta":{"_crdt_document":"","_jetpack_memberships_contains_paid_content":false,"footnotes":"","jetpack_publicize_message":"","jetpack_publicize_feature_enabled":true,"jetpack_social_post_already_shared":false,"jetpack_social_options":{"image_generator_settings":{"template":"highway","default_image_id":0,"font":"","enabled":false},"version":2}},"categories":[5],"tags":[],"class_list":["post-205","post","type-post","status-publish","format-standard","has-post-thumbnail","hentry","category-parana"],"jetpack_publicize_connections":[],"jetpack_featured_media_url":"https:\/\/i0.wp.com\/oexpressobr.com.br\/wp-content\/uploads\/2025\/12\/novo-projeto.jpg?fit=984%2C517&ssl=1","jetpack_likes_enabled":true,"jetpack_sharing_enabled":true,"_links":{"self":[{"href":"https:\/\/oexpressobr.com.br\/index.php?rest_route=\/wp\/v2\/posts\/205","targetHints":{"allow":["GET"]}}],"collection":[{"href":"https:\/\/oexpressobr.com.br\/index.php?rest_route=\/wp\/v2\/posts"}],"about":[{"href":"https:\/\/oexpressobr.com.br\/index.php?rest_route=\/wp\/v2\/types\/post"}],"author":[{"embeddable":true,"href":"https:\/\/oexpressobr.com.br\/index.php?rest_route=\/wp\/v2\/users\/1"}],"replies":[{"embeddable":true,"href":"https:\/\/oexpressobr.com.br\/index.php?rest_route=%2Fwp%2Fv2%2Fcomments&post=205"}],"version-history":[{"count":0,"href":"https:\/\/oexpressobr.com.br\/index.php?rest_route=\/wp\/v2\/posts\/205\/revisions"}],"wp:featuredmedia":[{"embeddable":true,"href":"https:\/\/oexpressobr.com.br\/index.php?rest_route=\/wp\/v2\/media\/206"}],"wp:attachment":[{"href":"https:\/\/oexpressobr.com.br\/index.php?rest_route=%2Fwp%2Fv2%2Fmedia&parent=205"}],"wp:term":[{"taxonomy":"category","embeddable":true,"href":"https:\/\/oexpressobr.com.br\/index.php?rest_route=%2Fwp%2Fv2%2Fcategories&post=205"},{"taxonomy":"post_tag","embeddable":true,"href":"https:\/\/oexpressobr.com.br\/index.php?rest_route=%2Fwp%2Fv2%2Ftags&post=205"}],"curies":[{"name":"wp","href":"https:\/\/api.w.org\/{rel}","templated":true}]}}