{"id":2062,"date":"2026-01-19T05:47:15","date_gmt":"2026-01-19T08:47:15","guid":{"rendered":"https:\/\/oexpressobr.com.br\/?p=2062"},"modified":"2026-01-19T05:47:17","modified_gmt":"2026-01-19T08:47:17","slug":"clientes-relatam-prejuizos-em-empresa-ligada-a-vice-presidente-do-sismmar-em-maringa","status":"publish","type":"post","link":"https:\/\/oexpressobr.com.br\/?p=2062","title":{"rendered":"CLIENTES RELATAM preju\u00edzos em empresa ligada a vice-presidente do Sismmar em Maring\u00e1"},"content":{"rendered":"\n<p class=\"wp-block-paragraph\">Uma s\u00e9rie de den\u00fancias envolvendo a falta de entrega de mercadorias e o encerramento repentino das atividades de uma loja de colch\u00f5es em Maring\u00e1 ganhou novos desdobramentos nesta segunda-feira (19). Consumidores relatam ter efetuado pagamentos por produtos que nunca foram entregues pela <strong>Z7 Colch\u00f5es<\/strong>, empresa cujas opera\u00e7\u00f5es e divulga\u00e7\u00e3o comercial estariam vinculadas a <strong>Caldeci Bezerra Chaves<\/strong>, atual vice-presidente do Sindicato dos Servidores P\u00fablicos Municipais de Maring\u00e1 (Sismmar).<\/p>\n\n\n\n<p class=\"wp-block-paragraph\">\u200bDe acordo com informa\u00e7\u00f5es apuradas pelo portal <em>O Di\u00e1rio de Maring\u00e1<\/em>, o estabelecimento f\u00edsico da loja foi fechado e os canais de comunica\u00e7\u00e3o direta com os clientes foram interrompidos. Relatos indicam que o telefone fixo n\u00e3o atende e os perfis oficiais da empresa nas redes sociais foram desativados nos \u00faltimos dias, deixando dezenas de compradores sem respostas sobre o paradeiro de seus pedidos ou a devolu\u00e7\u00e3o de valores.<\/p>\n\n\n\n<h3 class=\"wp-block-heading\">\u200bCasos cr\u00edticos e perfis dos afetados<\/h3>\n\n\n\n<p class=\"wp-block-paragraph\">\u200bEntre as v\u00edtimas, destacam-se consumidores idosos que adquiriram colch\u00f5es espec\u00edficos para tratamentos de sa\u00fade e mobilidade. Em alguns casos, o preju\u00edzo financeiro \u00e9 acompanhado pelo agravamento de condi\u00e7\u00f5es f\u00edsicas, j\u00e1 que os itens s\u00e3o considerados essenciais para o bem-estar dos compradores.<\/p>\n\n\n\n<p class=\"wp-block-paragraph\">\u200bAl\u00e9m do atraso nas entregas, os clientes apontam diverg\u00eancias nos dados fornecidos no momento da compra e a dificuldade em obter o estorno junto \u00e0s operadoras de cart\u00e3o de cr\u00e9dito, uma vez que a empresa n\u00e3o formalizou o cancelamento das vendas.<\/p>\n\n\n\n<h3 class=\"wp-block-heading\">\u200bEnvolvimento de figura p\u00fablica<\/h3>\n\n\n\n<p class=\"wp-block-paragraph\">\u200bO caso ganha contornos pol\u00edticos e sindicais devido \u00e0 liga\u00e7\u00e3o de Caldeci Bezerra com o neg\u00f3cio. Embora a identidade visual e o cotidiano da loja fossem associados publicamente ao seu nome, ainda h\u00e1 d\u00favidas sobre a composi\u00e7\u00e3o legal da empresa no papel. Vale destacar que, at\u00e9 o momento, <strong>n\u00e3o h\u00e1 decis\u00e3o judicial<\/strong> que atribua responsabilidade civil ou criminal ao dirigente sindical, mas a press\u00e3o por esclarecimentos p\u00fablicos tem crescido entre os servidores e a comunidade local.<\/p>\n\n\n\n<p class=\"wp-block-paragraph\">\u200bCaldeci Bezerra j\u00e1 vinha enfrentando desgastes internos no Sismmar. Em fevereiro de 2025, o coletivo &#8220;Somos Todos Sismmar&#8221; chegou a emitir uma nota de rep\u00fadio contra atitudes do vice-presidente, citando diverg\u00eancias internas e comportamentos individualistas que estariam prejudicando a atua\u00e7\u00e3o do sindicato.<\/p>\n\n\n\n<h3 class=\"wp-block-heading\">\u200bOrienta\u00e7\u00f5es aos consumidores<\/h3>\n\n\n\n<p class=\"wp-block-paragraph\">\u200bEspecialistas em Direito do Consumidor orientam que os cidad\u00e3os prejudicados devem:<\/p>\n\n\n\n<ul class=\"wp-block-list\">\n<li>\u200b<strong>Registrar queixa no Procon de Maring\u00e1:<\/strong> Fundamental para documentar a tentativa de resolu\u00e7\u00e3o administrativa.<\/li>\n\n\n\n<li>\u200b<strong>Boletim de Ocorr\u00eancia:<\/strong> A formaliza\u00e7\u00e3o junto \u00e0 Pol\u00edcia Civil \u00e9 recomendada para casos em que h\u00e1 suspeita de estelionato ou encerramento irregular de atividades.<\/li>\n\n\n\n<li>\u200b<strong>Provas:<\/strong> Reunir comprovantes de pagamento, notas fiscais, prints de conversas por aplicativos e an\u00fancios publicit\u00e1rios.<\/li>\n<\/ul>\n\n\n\n<p class=\"wp-block-paragraph\">\u200bA reportagem buscou contato com Caldeci Bezerra Chaves e com os n\u00fameros anteriormente divulgados pela Z7 Colch\u00f5es, mas n\u00e3o obteve retorno at\u00e9 o fechamento desta edi\u00e7\u00e3o. O espa\u00e7o segue aberto para manifesta\u00e7\u00f5es.<\/p>\n","protected":false},"excerpt":{"rendered":"<p>Uma s\u00e9rie de den\u00fancias envolvendo a falta de entrega de mercadorias e o encerramento repentino das atividades de uma loja de colch\u00f5es em Maring\u00e1 ganhou [&#8230;]<\/p>\n","protected":false},"author":1,"featured_media":2063,"comment_status":"open","ping_status":"open","sticky":false,"template":"","format":"standard","meta":{"_crdt_document":"","_jetpack_memberships_contains_paid_content":false,"footnotes":"","jetpack_publicize_message":"","jetpack_publicize_feature_enabled":true,"jetpack_social_post_already_shared":true,"jetpack_social_options":{"image_generator_settings":{"template":"highway","default_image_id":0,"font":"","enabled":false},"version":2}},"categories":[4],"tags":[],"class_list":["post-2062","post","type-post","status-publish","format-standard","has-post-thumbnail","hentry","category-maringa"],"jetpack_publicize_connections":[],"jetpack_featured_media_url":"https:\/\/i0.wp.com\/oexpressobr.com.br\/wp-content\/uploads\/2026\/01\/Z7.png?fit=1536%2C1024&ssl=1","jetpack_likes_enabled":true,"jetpack_sharing_enabled":true,"_links":{"self":[{"href":"https:\/\/oexpressobr.com.br\/index.php?rest_route=\/wp\/v2\/posts\/2062","targetHints":{"allow":["GET"]}}],"collection":[{"href":"https:\/\/oexpressobr.com.br\/index.php?rest_route=\/wp\/v2\/posts"}],"about":[{"href":"https:\/\/oexpressobr.com.br\/index.php?rest_route=\/wp\/v2\/types\/post"}],"author":[{"embeddable":true,"href":"https:\/\/oexpressobr.com.br\/index.php?rest_route=\/wp\/v2\/users\/1"}],"replies":[{"embeddable":true,"href":"https:\/\/oexpressobr.com.br\/index.php?rest_route=%2Fwp%2Fv2%2Fcomments&post=2062"}],"version-history":[{"count":1,"href":"https:\/\/oexpressobr.com.br\/index.php?rest_route=\/wp\/v2\/posts\/2062\/revisions"}],"predecessor-version":[{"id":2064,"href":"https:\/\/oexpressobr.com.br\/index.php?rest_route=\/wp\/v2\/posts\/2062\/revisions\/2064"}],"wp:featuredmedia":[{"embeddable":true,"href":"https:\/\/oexpressobr.com.br\/index.php?rest_route=\/wp\/v2\/media\/2063"}],"wp:attachment":[{"href":"https:\/\/oexpressobr.com.br\/index.php?rest_route=%2Fwp%2Fv2%2Fmedia&parent=2062"}],"wp:term":[{"taxonomy":"category","embeddable":true,"href":"https:\/\/oexpressobr.com.br\/index.php?rest_route=%2Fwp%2Fv2%2Fcategories&post=2062"},{"taxonomy":"post_tag","embeddable":true,"href":"https:\/\/oexpressobr.com.br\/index.php?rest_route=%2Fwp%2Fv2%2Ftags&post=2062"}],"curies":[{"name":"wp","href":"https:\/\/api.w.org\/{rel}","templated":true}]}}