{"id":2065,"date":"2026-01-19T05:53:13","date_gmt":"2026-01-19T08:53:13","guid":{"rendered":"https:\/\/oexpressobr.com.br\/?p=2065"},"modified":"2026-01-19T05:53:14","modified_gmt":"2026-01-19T08:53:14","slug":"acordo-historico-entre-uniao-incra-e-araupel-encerra-tres-decadas-de-conflitos-fundiarios-no-parana","status":"publish","type":"post","link":"https:\/\/oexpressobr.com.br\/?p=2065","title":{"rendered":"Acordo hist\u00f3rico entre Uni\u00e3o, Incra e Araupel encerra tr\u00eas d\u00e9cadas de conflitos fundi\u00e1rios no Paran\u00e1"},"content":{"rendered":"\n<p class=\"wp-block-paragraph\">Em um desfecho aguardado h\u00e1 mais de 30 anos, um acordo judicial de propor\u00e7\u00f5es hist\u00f3ricas foi assinado na \u00faltima quinta-feira (16 de janeiro de 2026), colocando fim a um dos maiores e mais emblem\u00e1ticos conflitos de terra da Am\u00e9rica Latina. A negocia\u00e7\u00e3o envolve a Uni\u00e3o, o Incra, as empresas Araupel S\/A e Rio das Cobras Florestal Ltda., al\u00e9m de contar com a media\u00e7\u00e3o direta do Tribunal de Justi\u00e7a do Paran\u00e1 (TJPR) e do Tribunal Regional Federal da 4\u00aa Regi\u00e3o (TRF4).<\/p>\n\n\n\n<p class=\"wp-block-paragraph\">\u200bO entendimento garante a destina\u00e7\u00e3o definitiva de aproximadamente <strong>34 mil hectares<\/strong> para a reforma agr\u00e1ria, abrangendo \u00e1reas nos munic\u00edpios de Rio Bonito do Igua\u00e7u, Quedas do Igua\u00e7u, Espig\u00e3o Alto do Igua\u00e7u e Nova Laranjeiras. Para viabilizar a pacifica\u00e7\u00e3o, o Governo Federal pagar\u00e1 uma indeniza\u00e7\u00e3o total de <strong>R$ 584,7 milh\u00f5es<\/strong> \u00e0s empresas via precat\u00f3rios judiciais, sendo R$ 552,6 milh\u00f5es destinados \u00e0 Araupel e R$ 32,1 milh\u00f5es \u00e0 Rio das Cobras Florestal.<\/p>\n\n\n\n<h3 class=\"wp-block-heading\">\u200bBenef\u00edcios diretos para milhares de fam\u00edlias<\/h3>\n\n\n\n<p class=\"wp-block-paragraph\">\u200bO acordo traz dignidade e seguran\u00e7a jur\u00eddica para cerca de <strong>3 mil fam\u00edlias<\/strong> camponesas que vivem na regi\u00e3o. Entre os beneficiados est\u00e3o moradores de assentamentos j\u00e1 consolidados e acampamentos que aguardavam a titula\u00e7\u00e3o h\u00e1 d\u00e9cadas. As \u00e1reas contempladas incluem:<\/p>\n\n\n\n<ul class=\"wp-block-list\">\n<li>\u200b<strong>Assentamentos:<\/strong> Celso Furtado e Dez de Maio.<\/li>\n\n\n\n<li>\u200b<strong>Comunidades em regulariza\u00e7\u00e3o:<\/strong> Herdeiros da Terra, Dom Tom\u00e1s Balduino, Nova Conquista, Nova Vit\u00f3ria e Arauc\u00e1ria.<\/li>\n<\/ul>\n\n\n\n<p class=\"wp-block-paragraph\">\u200bCom a homologa\u00e7\u00e3o judicial, essas fam\u00edlias passam a ter acesso formal a pol\u00edticas p\u00fablicas essenciais, como cr\u00e9ditos agr\u00edcolas, recursos para constru\u00e7\u00e3o de moradias, infraestrutura de energia el\u00e9trica, saneamento e a oficializa\u00e7\u00e3o de escolas itinerantes que j\u00e1 operam nos territ\u00f3rios.<\/p>\n\n\n\n<h3 class=\"wp-block-heading\">\u200bFim da inseguran\u00e7a jur\u00eddica e foco na produ\u00e7\u00e3o<\/h3>\n\n\n\n<p class=\"wp-block-paragraph\">\u200bPara o setor produtivo, o acordo representa um marco de estabilidade. A Araupel, que atua h\u00e1 mais de 40 anos no beneficiamento de madeira, poder\u00e1 preservar suas \u00e1reas produtivas remanescentes e dar continuidade \u00e0s atividades industriais sem o risco de novos lit\u00edgios ou ocupa\u00e7\u00f5es nas glebas Pinhal Ralo e Rio das Cobras, agora oficialmente integradas ao Programa Nacional de Reforma Agr\u00e1ria.<\/p>\n\n\n\n<h3 class=\"wp-block-heading\">\u200bContexto hist\u00f3rico<\/h3>\n\n\n\n<p class=\"wp-block-paragraph\">\u200bA disputa remonta aos anos 1990, marcada pela ocupa\u00e7\u00e3o hist\u00f3rica de 1996, quando milhares de fam\u00edlias ocuparam terras da ent\u00e3o Giacomet-Marodin (hoje Araupel). Ao longo dos anos, o conflito foi pontuado por decis\u00f5es judiciais complexas \u2014 incluindo uma senten\u00e7a do TRF4 em 2017 que declarou nulos t\u00edtulos de propriedade da empresa por ind\u00edcios de grilagem \u2014 e epis\u00f3dios de viol\u00eancia que ganharam repercuss\u00e3o internacional.<\/p>\n\n\n\n<p class=\"wp-block-paragraph\">\u200bO desfecho atual, constru\u00eddo por meio das Comiss\u00f5es de Solu\u00e7\u00f5es Fundi\u00e1rias, \u00e9 visto por juristas e movimentos sociais como uma vit\u00f3ria do di\u00e1logo institucional. &#8220;\u00c9 a renova\u00e7\u00e3o da esperan\u00e7a para milhares de pessoas que transformaram a luta em produ\u00e7\u00e3o de alimentos e preserva\u00e7\u00e3o ambiental&#8221;, destacaram representantes do Incra durante a assinatura.<\/p>\n\n\n\n<p class=\"wp-block-paragraph\">\u200bA expectativa agora \u00e9 que o processo de emiss\u00e3o dos t\u00edtulos de dom\u00ednio e a libera\u00e7\u00e3o dos cr\u00e9ditos de instala\u00e7\u00e3o ocorram ao longo de 2026, consolidando a paz no campo na Regi\u00e3o Central e Oeste do Paran\u00e1.<\/p>\n","protected":false},"excerpt":{"rendered":"<p>Em um desfecho aguardado h\u00e1 mais de 30 anos, um acordo judicial de propor\u00e7\u00f5es hist\u00f3ricas foi assinado na \u00faltima quinta-feira (16 de janeiro de 2026), [&#8230;]<\/p>\n","protected":false},"author":1,"featured_media":2066,"comment_status":"open","ping_status":"open","sticky":false,"template":"","format":"standard","meta":{"_crdt_document":"","_jetpack_memberships_contains_paid_content":false,"footnotes":"","jetpack_publicize_message":"","jetpack_publicize_feature_enabled":true,"jetpack_social_post_already_shared":true,"jetpack_social_options":{"image_generator_settings":{"template":"highway","default_image_id":0,"font":"","enabled":false},"version":2}},"categories":[5],"tags":[],"class_list":["post-2065","post","type-post","status-publish","format-standard","has-post-thumbnail","hentry","category-parana"],"jetpack_publicize_connections":[],"jetpack_featured_media_url":"https:\/\/i0.wp.com\/oexpressobr.com.br\/wp-content\/uploads\/2026\/01\/acordo-araupel-incra-mst.webp?fit=800%2C443&ssl=1","jetpack_likes_enabled":true,"jetpack_sharing_enabled":true,"_links":{"self":[{"href":"https:\/\/oexpressobr.com.br\/index.php?rest_route=\/wp\/v2\/posts\/2065","targetHints":{"allow":["GET"]}}],"collection":[{"href":"https:\/\/oexpressobr.com.br\/index.php?rest_route=\/wp\/v2\/posts"}],"about":[{"href":"https:\/\/oexpressobr.com.br\/index.php?rest_route=\/wp\/v2\/types\/post"}],"author":[{"embeddable":true,"href":"https:\/\/oexpressobr.com.br\/index.php?rest_route=\/wp\/v2\/users\/1"}],"replies":[{"embeddable":true,"href":"https:\/\/oexpressobr.com.br\/index.php?rest_route=%2Fwp%2Fv2%2Fcomments&post=2065"}],"version-history":[{"count":1,"href":"https:\/\/oexpressobr.com.br\/index.php?rest_route=\/wp\/v2\/posts\/2065\/revisions"}],"predecessor-version":[{"id":2067,"href":"https:\/\/oexpressobr.com.br\/index.php?rest_route=\/wp\/v2\/posts\/2065\/revisions\/2067"}],"wp:featuredmedia":[{"embeddable":true,"href":"https:\/\/oexpressobr.com.br\/index.php?rest_route=\/wp\/v2\/media\/2066"}],"wp:attachment":[{"href":"https:\/\/oexpressobr.com.br\/index.php?rest_route=%2Fwp%2Fv2%2Fmedia&parent=2065"}],"wp:term":[{"taxonomy":"category","embeddable":true,"href":"https:\/\/oexpressobr.com.br\/index.php?rest_route=%2Fwp%2Fv2%2Fcategories&post=2065"},{"taxonomy":"post_tag","embeddable":true,"href":"https:\/\/oexpressobr.com.br\/index.php?rest_route=%2Fwp%2Fv2%2Ftags&post=2065"}],"curies":[{"name":"wp","href":"https:\/\/api.w.org\/{rel}","templated":true}]}}