{"id":2068,"date":"2026-01-19T06:02:36","date_gmt":"2026-01-19T09:02:36","guid":{"rendered":"https:\/\/oexpressobr.com.br\/?p=2068"},"modified":"2026-01-19T06:02:37","modified_gmt":"2026-01-19T09:02:37","slug":"cebinho-classifica-abaixo-assinado-por-regional-de-saude-e-unicentro-como-conversa-para-boi-dormir","status":"publish","type":"post","link":"https:\/\/oexpressobr.com.br\/?p=2068","title":{"rendered":"Cebinho classifica abaixo-assinado por Regional de Sa\u00fade e Unicentro como &#8220;conversa para boi dormir&#8221;"},"content":{"rendered":"\n<p class=\"wp-block-paragraph\">\u200bO cen\u00e1rio pol\u00edtico e social de Ivaipor\u00e3 e regi\u00e3o ganhou novos contornos de tens\u00e3o nesta semana. O ex-prefeito e lideran\u00e7a regional, <strong>Miguel Amaral (Cebinho)<\/strong>, subiu o tom ao criticar publicamente a circula\u00e7\u00e3o de um abaixo-assinado que reivindica a instala\u00e7\u00e3o de uma <strong>Regional de Sa\u00fade<\/strong> e um <strong>Campus Avan\u00e7ado da Unicentro<\/strong> na localidade.<\/p>\n\n\n\n<h3 class=\"wp-block-heading\">\u200bCr\u00edticas \u00e0 estrat\u00e9gia e &#8220;ludibria\u00e7\u00e3o&#8221;<\/h3>\n\n\n\n<p class=\"wp-block-paragraph\">\u200bEm declara\u00e7\u00f5es recentes, Cebinho n\u00e3o poupou palavras ao classificar a iniciativa como uma manobra para confundir a opini\u00e3o p\u00fablica. Segundo ele, o movimento n\u00e3o passa de <strong>&#8220;conversa para boi dormir&#8221;<\/strong>, sugerindo que o barulho criado em torno do abaixo-assinado tem finalidades pol\u00edticas e carece de embasamento administrativo real no momento.<\/p>\n\n\n\n<p class=\"wp-block-paragraph\">\u200bO ponto central da cr\u00edtica reside na forma como a demanda est\u00e1 sendo apresentada \u00e0 popula\u00e7\u00e3o. Para o l\u00edder pol\u00edtico, prometer conquistas dessa magnitude atrav\u00e9s de assinaturas, sem uma articula\u00e7\u00e3o t\u00e9cnica direta com o Governo do Estado e com a reitoria das universidades, \u00e9 tentar <strong>ludibriar o povo da regi\u00e3o<\/strong>.<\/p>\n\n\n\n<h3 class=\"wp-block-heading\">\u200bO contexto das reivindica\u00e7\u00f5es<\/h3>\n\n\n\n<p class=\"wp-block-paragraph\">\u200bA luta por uma Regional de Sa\u00fade aut\u00f4noma e pela expans\u00e3o da Unicentro (Universidade Estadual do Centro-Oeste) \u00e9 um tema antigo no Vale do Iva\u00ed:<\/p>\n\n\n\n<ul class=\"wp-block-list\">\n<li>\u200b<strong>Regional de Sa\u00fade:<\/strong> Atualmente, a log\u00edstica de sa\u00fade depende de estruturas que muitos consideram sobrecarregadas. Uma nova regional traria autonomia administrativa e recursos diretos.<\/li>\n\n\n\n<li>\u200b<strong>Unicentro:<\/strong> A expans\u00e3o universit\u00e1ria \u00e9 vista como o motor de desenvolvimento econ\u00f4mico e intelectual para os jovens locais, que hoje precisam se deslocar para grandes centros.<\/li>\n<\/ul>\n\n\n\n<h3 class=\"wp-block-heading\">\u200bO que dizem os articuladores<\/h3>\n\n\n\n<p class=\"wp-block-paragraph\">\u200bApesar das cr\u00edticas de Cebinho, os defensores do abaixo-assinado sustentam que a mobiliza\u00e7\u00e3o popular \u00e9 a \u00fanica forma de pressionar o escal\u00e3o estadual. Segundo o levantamento do portal <em>Tabloide Regional<\/em>, o movimento busca mostrar que existe demanda reprimida e apoio social para os projetos, independentemente de cores partid\u00e1rias.<\/p>\n\n\n\n<blockquote class=\"wp-block-quote is-layout-flow wp-block-quote-is-layout-flow\">\n<p class=\"wp-block-paragraph\">\u200b<strong>Nota do Editor:<\/strong> A polariza\u00e7\u00e3o em torno de projetos estruturantes como sa\u00fade e educa\u00e7\u00e3o costuma se intensificar em anos de transi\u00e7\u00e3o ou proximidade de calend\u00e1rios eleitorais, refletindo a disputa de narrativa sobre quem s\u00e3o os verdadeiros &#8220;pais&#8221; das conquistas regionais.<\/p>\n<\/blockquote>\n","protected":false},"excerpt":{"rendered":"<p>\u200bO cen\u00e1rio pol\u00edtico e social de Ivaipor\u00e3 e regi\u00e3o ganhou novos contornos de tens\u00e3o nesta semana. O ex-prefeito e lideran\u00e7a regional, Miguel Amaral (Cebinho), subiu [&#8230;]<\/p>\n","protected":false},"author":1,"featured_media":2069,"comment_status":"open","ping_status":"open","sticky":false,"template":"","format":"standard","meta":{"_crdt_document":"","_jetpack_memberships_contains_paid_content":false,"footnotes":"","jetpack_publicize_message":"","jetpack_publicize_feature_enabled":true,"jetpack_social_post_already_shared":true,"jetpack_social_options":{"image_generator_settings":{"template":"highway","default_image_id":0,"font":"","enabled":false},"version":2}},"categories":[5],"tags":[],"class_list":["post-2068","post","type-post","status-publish","format-standard","has-post-thumbnail","hentry","category-parana"],"jetpack_publicize_connections":[],"jetpack_featured_media_url":"https:\/\/i0.wp.com\/oexpressobr.com.br\/wp-content\/uploads\/2026\/01\/images20.jpg?fit=576%2C384&ssl=1","jetpack_likes_enabled":true,"jetpack_sharing_enabled":true,"_links":{"self":[{"href":"https:\/\/oexpressobr.com.br\/index.php?rest_route=\/wp\/v2\/posts\/2068","targetHints":{"allow":["GET"]}}],"collection":[{"href":"https:\/\/oexpressobr.com.br\/index.php?rest_route=\/wp\/v2\/posts"}],"about":[{"href":"https:\/\/oexpressobr.com.br\/index.php?rest_route=\/wp\/v2\/types\/post"}],"author":[{"embeddable":true,"href":"https:\/\/oexpressobr.com.br\/index.php?rest_route=\/wp\/v2\/users\/1"}],"replies":[{"embeddable":true,"href":"https:\/\/oexpressobr.com.br\/index.php?rest_route=%2Fwp%2Fv2%2Fcomments&post=2068"}],"version-history":[{"count":1,"href":"https:\/\/oexpressobr.com.br\/index.php?rest_route=\/wp\/v2\/posts\/2068\/revisions"}],"predecessor-version":[{"id":2070,"href":"https:\/\/oexpressobr.com.br\/index.php?rest_route=\/wp\/v2\/posts\/2068\/revisions\/2070"}],"wp:featuredmedia":[{"embeddable":true,"href":"https:\/\/oexpressobr.com.br\/index.php?rest_route=\/wp\/v2\/media\/2069"}],"wp:attachment":[{"href":"https:\/\/oexpressobr.com.br\/index.php?rest_route=%2Fwp%2Fv2%2Fmedia&parent=2068"}],"wp:term":[{"taxonomy":"category","embeddable":true,"href":"https:\/\/oexpressobr.com.br\/index.php?rest_route=%2Fwp%2Fv2%2Fcategories&post=2068"},{"taxonomy":"post_tag","embeddable":true,"href":"https:\/\/oexpressobr.com.br\/index.php?rest_route=%2Fwp%2Fv2%2Ftags&post=2068"}],"curies":[{"name":"wp","href":"https:\/\/api.w.org\/{rel}","templated":true}]}}