{"id":2074,"date":"2026-01-19T06:12:56","date_gmt":"2026-01-19T09:12:56","guid":{"rendered":"https:\/\/oexpressobr.com.br\/?p=2074"},"modified":"2026-01-19T06:12:57","modified_gmt":"2026-01-19T09:12:57","slug":"mppr-investiga-vereador-juninho-schaff-e-assessora-por-suposta-improbidade-na-camara-de-pitanga","status":"publish","type":"post","link":"https:\/\/oexpressobr.com.br\/?p=2074","title":{"rendered":"MPPR investiga vereador Juninho Schaff e assessora por suposta improbidade na C\u00e2mara de Pitanga"},"content":{"rendered":"\n<p class=\"wp-block-paragraph\">\u200bO Minist\u00e9rio P\u00fablico do Paran\u00e1 (MPPR) iniciou o ano de 2026 com o foco voltado para a transpar\u00eancia no legislativo do interior do estado. A <strong>2\u00aa Promotoria de Justi\u00e7a da Comarca de Pitanga<\/strong>, sob a responsabilidade da promotora Dr.\u00aa Amanda Ribeiro dos Santos, oficializou no \u00faltimo dia 14 de janeiro a abertura do <strong>Inqu\u00e9rito Civil n\u00ba 0112.25.000812-8<\/strong>. O objetivo \u00e9 apurar um suposto ato de improbidade administrativa envolvendo o vereador <strong>Rubens Schaff Junior<\/strong>, popularmente conhecido como <strong>Juninho Schaff<\/strong>, e a servidora <strong>Luciane de F\u00e1tima Gomes<\/strong>.<\/p>\n\n\n\n<h3 class=\"wp-block-heading\">\u200bO foco da investiga\u00e7\u00e3o<\/h3>\n\n\n\n<p class=\"wp-block-paragraph\">\u200bA investiga\u00e7\u00e3o gira em torno da nomea\u00e7\u00e3o de Luciane de F\u00e1tima Gomes para o cargo comissionado de <strong>Assessora Parlamentar<\/strong> na C\u00e2mara Municipal. De acordo com os autos iniciais, h\u00e1 ind\u00edcios de que a designa\u00e7\u00e3o tenha ocorrido em <strong>afronta \u00e0 legisla\u00e7\u00e3o aplic\u00e1vel<\/strong>, o que pode caracterizar irregularidade na gest\u00e3o do Patrim\u00f4nio P\u00fablico.<\/p>\n\n\n\n<p class=\"wp-block-paragraph\">\u200bO Minist\u00e9rio P\u00fablico busca entender se a nomea\u00e7\u00e3o cumpriu os requisitos t\u00e9cnicos e legais exigidos para cargos de confian\u00e7a ou se houve desvio de finalidade, como a pr\u00e1tica de nepotismo ou a exist\u00eancia de um &#8220;funcion\u00e1rio fantasma&#8221;, embora os detalhes espec\u00edficos das irregularidades ainda estejam sob sigilo de investiga\u00e7\u00e3o.<\/p>\n\n\n\n<h3 class=\"wp-block-heading\">\u200bContexto local e desdobramentos<\/h3>\n\n\n\n<p class=\"wp-block-paragraph\">\u200bA not\u00edcia surge em um momento em que as C\u00e2maras Municipais de todo o Paran\u00e1 enfrentam maior vigil\u00e2ncia dos \u00f3rg\u00e3os de controle. Em Pitanga, o caso j\u00e1 repercute nos bastidores pol\u00edticos, uma vez que o vereador Juninho Schaff \u00e9 uma figura conhecida na regi\u00e3o.<\/p>\n\n\n\n<ul class=\"wp-block-list\">\n<li>\u200b<strong>Representados:<\/strong> Vereador Rubens Schaff Junior e a servidora Luciane de F\u00e1tima Gomes.<\/li>\n\n\n\n<li>\u200b<strong>Tipifica\u00e7\u00e3o:<\/strong> Eventual improbidade administrativa (Lei 8.429\/92).<\/li>\n\n\n\n<li>\u200b<strong>Pr\u00f3ximos passos:<\/strong> O MPPR deve convocar os envolvidos para prestar esclarecimentos e solicitar documentos oficiais da folha de pagamento e registros de frequ\u00eancia da C\u00e2mara de Vereadores.<\/li>\n<\/ul>\n\n\n\n<h3 class=\"wp-block-heading\">\u200bO que diz a lei<\/h3>\n\n\n\n<p class=\"wp-block-paragraph\">\u200bA <strong>Lei de Improbidade Administrativa<\/strong> prev\u00ea san\u00e7\u00f5es severas para agentes p\u00fablicos que descumprem os princ\u00edpios da legalidade e moralidade, incluindo:<\/p>\n\n\n\n<ol class=\"wp-block-list\">\n<li>\u200bSuspens\u00e3o dos direitos pol\u00edticos;<\/li>\n\n\n\n<li>\u200bPagamento de multa civil;<\/li>\n\n\n\n<li>\u200bProibi\u00e7\u00e3o de contratar com o Poder P\u00fablico;<\/li>\n\n\n\n<li>\u200bPerda da fun\u00e7\u00e3o p\u00fablica (em casos de condena\u00e7\u00e3o transitada em julgado).<\/li>\n<\/ol>\n","protected":false},"excerpt":{"rendered":"<p>\u200bO Minist\u00e9rio P\u00fablico do Paran\u00e1 (MPPR) iniciou o ano de 2026 com o foco voltado para a transpar\u00eancia no legislativo do interior do estado. A [&#8230;]<\/p>\n","protected":false},"author":1,"featured_media":2075,"comment_status":"open","ping_status":"open","sticky":false,"template":"","format":"standard","meta":{"_crdt_document":"","_jetpack_memberships_contains_paid_content":false,"footnotes":"","jetpack_publicize_message":"","jetpack_publicize_feature_enabled":true,"jetpack_social_post_already_shared":true,"jetpack_social_options":{"image_generator_settings":{"template":"highway","default_image_id":0,"font":"","enabled":false},"version":2}},"categories":[5],"tags":[],"class_list":["post-2074","post","type-post","status-publish","format-standard","has-post-thumbnail","hentry","category-parana"],"jetpack_publicize_connections":[],"jetpack_featured_media_url":"https:\/\/i0.wp.com\/oexpressobr.com.br\/wp-content\/uploads\/2026\/01\/Camara_Pitanga.jpg.webp?fit=800%2C434&ssl=1","jetpack_likes_enabled":true,"jetpack_sharing_enabled":true,"_links":{"self":[{"href":"https:\/\/oexpressobr.com.br\/index.php?rest_route=\/wp\/v2\/posts\/2074","targetHints":{"allow":["GET"]}}],"collection":[{"href":"https:\/\/oexpressobr.com.br\/index.php?rest_route=\/wp\/v2\/posts"}],"about":[{"href":"https:\/\/oexpressobr.com.br\/index.php?rest_route=\/wp\/v2\/types\/post"}],"author":[{"embeddable":true,"href":"https:\/\/oexpressobr.com.br\/index.php?rest_route=\/wp\/v2\/users\/1"}],"replies":[{"embeddable":true,"href":"https:\/\/oexpressobr.com.br\/index.php?rest_route=%2Fwp%2Fv2%2Fcomments&post=2074"}],"version-history":[{"count":1,"href":"https:\/\/oexpressobr.com.br\/index.php?rest_route=\/wp\/v2\/posts\/2074\/revisions"}],"predecessor-version":[{"id":2076,"href":"https:\/\/oexpressobr.com.br\/index.php?rest_route=\/wp\/v2\/posts\/2074\/revisions\/2076"}],"wp:featuredmedia":[{"embeddable":true,"href":"https:\/\/oexpressobr.com.br\/index.php?rest_route=\/wp\/v2\/media\/2075"}],"wp:attachment":[{"href":"https:\/\/oexpressobr.com.br\/index.php?rest_route=%2Fwp%2Fv2%2Fmedia&parent=2074"}],"wp:term":[{"taxonomy":"category","embeddable":true,"href":"https:\/\/oexpressobr.com.br\/index.php?rest_route=%2Fwp%2Fv2%2Fcategories&post=2074"},{"taxonomy":"post_tag","embeddable":true,"href":"https:\/\/oexpressobr.com.br\/index.php?rest_route=%2Fwp%2Fv2%2Ftags&post=2074"}],"curies":[{"name":"wp","href":"https:\/\/api.w.org\/{rel}","templated":true}]}}