{"id":208,"date":"2025-12-01T20:43:57","date_gmt":"2025-12-01T23:43:57","guid":{"rendered":"https:\/\/oexpressobr.com.br\/?p=208"},"modified":"2025-12-01T20:43:57","modified_gmt":"2025-12-01T23:43:57","slug":"parana-comunidade-escolar-elege-diretores-de-colegios-estaduais-em-consulta-da-seed-pr","status":"publish","type":"post","link":"https:\/\/oexpressobr.com.br\/?p=208","title":{"rendered":"Paran\u00e1: comunidade escolar elege diretores de col\u00e9gios estaduais em consulta da Seed-PR"},"content":{"rendered":"\n<p class=\"wp-block-paragraph\">\u200bA <strong>Secretaria de Estado da Educa\u00e7\u00e3o do Paran\u00e1 (Seed-PR)<\/strong> realiza nesta <strong>ter\u00e7a-feira (2)<\/strong> a <strong>Consulta Diretores<\/strong>, etapa crucial do processo de escolha dos dirigentes das <strong>escolas estaduais<\/strong> para o ano letivo de 2026. A vota\u00e7\u00e3o, que ocorre de forma <strong>presencial e secreta nas pr\u00f3prias escolas<\/strong>, mobiliza a comunidade escolar para definir a gest\u00e3o das unidades de ensino.<\/p>\n\n\n\n<h3 class=\"wp-block-heading\">\u200bParticipa\u00e7\u00e3o e locais de vota\u00e7\u00e3o<\/h3>\n\n\n\n<p class=\"wp-block-paragraph\">\u200bO processo de escolha \u00e9 por <strong>voto direto, secreto e facultativo<\/strong>. T\u00eam direito a voto:<\/p>\n\n\n\n<ul class=\"wp-block-list\">\n<li>\u200b<strong>Alunos<\/strong> a partir de 16 anos.<\/li>\n\n\n\n<li>\u200b<strong>Pais ou respons\u00e1veis<\/strong> pelos estudantes.<\/li>\n\n\n\n<li>\u200b<strong>Servidores<\/strong> da escola.<\/li>\n<\/ul>\n\n\n\n<p class=\"wp-block-paragraph\">\u200bPara votar, os eleitores devem comparecer ao col\u00e9gio portando <strong>documento oficial com foto<\/strong>.<\/p>\n\n\n\n<p class=\"wp-block-paragraph\">\u200bA <strong>vota\u00e7\u00e3o<\/strong> ocorre em diferentes hor\u00e1rios a depender da modalidade da escola:<\/p>\n\n\n\n<ul class=\"wp-block-list\">\n<li>\u200bNa maioria das escolas, o hor\u00e1rio \u00e9 <strong>das 7h \u00e0s 21h<\/strong>.<\/li>\n\n\n\n<li>\u200bNos Centros Estaduais de Educa\u00e7\u00e3o B\u00e1sica para Jovens e Adultos (<strong>CEEBJA<\/strong>) e A\u00e7\u00f5es Pedag\u00f3gicas Descentralizadas, a vota\u00e7\u00e3o se estende <strong>at\u00e9 as 22h<\/strong>.<\/li>\n\n\n\n<li>\u200bNas Escolas das <strong>Ilhas e do Campo<\/strong>, o procedimento acontece <strong>das 8h \u00e0s 21h<\/strong>, ajustando-se \u00e0s condi\u00e7\u00f5es de acesso dessas comunidades.<\/li>\n<\/ul>\n\n\n\n<p class=\"wp-block-paragraph\">\u200bComiss\u00f5es consultivas formadas por representantes da pr\u00f3pria comunidade escolar (professores, funcion\u00e1rios, pais e estudantes) organizam e conduzem todo o processo, sob coordena\u00e7\u00e3o da Seed-PR.<\/p>\n\n\n\n<h3 class=\"wp-block-heading\">\u200bCandidatos e pr\u00f3ximas etapas<\/h3>\n\n\n\n<p class=\"wp-block-paragraph\">\u200bNeste ano, 1.452 candidatos foram habilitados para concorrer ao cargo em 1.115 col\u00e9gios da rede estadual de ensino que participam da consulta. Para chegar a esta fase, os postulantes passaram por etapas eliminat\u00f3rias, incluindo a participa\u00e7\u00e3o e aprova\u00e7\u00e3o em um <strong>curso de gest\u00e3o escolar<\/strong>, seguido de uma <strong>prova presencial<\/strong> sobre os conte\u00fados do Programa de Desenvolvimento de Lideran\u00e7a (PDL), realizadas em outubro e novembro.<\/p>\n\n\n\n<p class=\"wp-block-paragraph\">\u200bO <strong>resultado oficial<\/strong> da Consulta Diretores ser\u00e1 divulgado pela Seed-PR no dia <strong>19 de dezembro<\/strong>. Os diretores designados tomar\u00e3o posse para iniciar o novo mandato em <strong>2 de janeiro de 2026<\/strong>.<\/p>\n\n\n\n<p class=\"wp-block-paragraph\">\u200b<strong>Exce\u00e7\u00e3o:<\/strong> \u00c9 importante notar que em algumas institui\u00e7\u00f5es \u2014 como as de modelos c\u00edvico-militar, integral, parceiro da escola, col\u00e9gios da pol\u00edcia militar, ind\u00edgenas, quilombolas e escolas conveniadas \u2014 a escolha dos gestores ocorre por <strong>indica\u00e7\u00e3o direta<\/strong> da Secretaria de Estado da Educa\u00e7\u00e3o.<\/p>\n","protected":false},"excerpt":{"rendered":"<p>\u200bA Secretaria de Estado da Educa\u00e7\u00e3o do Paran\u00e1 (Seed-PR) realiza nesta ter\u00e7a-feira (2) a Consulta Diretores, etapa crucial do processo de escolha dos dirigentes das [&#8230;]<\/p>\n","protected":false},"author":1,"featured_media":209,"comment_status":"open","ping_status":"open","sticky":false,"template":"","format":"standard","meta":{"_crdt_document":"","_jetpack_memberships_contains_paid_content":false,"footnotes":"","jetpack_publicize_message":"","jetpack_publicize_feature_enabled":true,"jetpack_social_post_already_shared":false,"jetpack_social_options":{"image_generator_settings":{"template":"highway","default_image_id":0,"font":"","enabled":false},"version":2}},"categories":[6],"tags":[],"class_list":["post-208","post","type-post","status-publish","format-standard","has-post-thumbnail","hentry","category-educacao"],"jetpack_publicize_connections":[],"jetpack_featured_media_url":"https:\/\/i0.wp.com\/oexpressobr.com.br\/wp-content\/uploads\/2025\/12\/lucas-fermin-estrutura-0997.jpg?fit=984%2C656&ssl=1","jetpack_likes_enabled":true,"jetpack_sharing_enabled":true,"_links":{"self":[{"href":"https:\/\/oexpressobr.com.br\/index.php?rest_route=\/wp\/v2\/posts\/208","targetHints":{"allow":["GET"]}}],"collection":[{"href":"https:\/\/oexpressobr.com.br\/index.php?rest_route=\/wp\/v2\/posts"}],"about":[{"href":"https:\/\/oexpressobr.com.br\/index.php?rest_route=\/wp\/v2\/types\/post"}],"author":[{"embeddable":true,"href":"https:\/\/oexpressobr.com.br\/index.php?rest_route=\/wp\/v2\/users\/1"}],"replies":[{"embeddable":true,"href":"https:\/\/oexpressobr.com.br\/index.php?rest_route=%2Fwp%2Fv2%2Fcomments&post=208"}],"version-history":[{"count":0,"href":"https:\/\/oexpressobr.com.br\/index.php?rest_route=\/wp\/v2\/posts\/208\/revisions"}],"wp:featuredmedia":[{"embeddable":true,"href":"https:\/\/oexpressobr.com.br\/index.php?rest_route=\/wp\/v2\/media\/209"}],"wp:attachment":[{"href":"https:\/\/oexpressobr.com.br\/index.php?rest_route=%2Fwp%2Fv2%2Fmedia&parent=208"}],"wp:term":[{"taxonomy":"category","embeddable":true,"href":"https:\/\/oexpressobr.com.br\/index.php?rest_route=%2Fwp%2Fv2%2Fcategories&post=208"},{"taxonomy":"post_tag","embeddable":true,"href":"https:\/\/oexpressobr.com.br\/index.php?rest_route=%2Fwp%2Fv2%2Ftags&post=208"}],"curies":[{"name":"wp","href":"https:\/\/api.w.org\/{rel}","templated":true}]}}