{"id":2080,"date":"2026-01-19T06:42:14","date_gmt":"2026-01-19T09:42:14","guid":{"rendered":"https:\/\/oexpressobr.com.br\/?p=2080"},"modified":"2026-01-19T06:42:15","modified_gmt":"2026-01-19T09:42:15","slug":"fim-da-escala-6x1-governo-lula-aposta-nas-ruas-para-virar-o-jogo-no-congresso","status":"publish","type":"post","link":"https:\/\/oexpressobr.com.br\/?p=2080","title":{"rendered":"Fim da escala 6&#215;1: governo Lula aposta nas ruas para virar o jogo no Congresso"},"content":{"rendered":"\n<p class=\"wp-block-paragraph\">O Pal\u00e1cio do Planalto decidiu elevar o tom e transformar o fim da escala 6&#215;1 na &#8220;prioridade zero&#8221; da agenda legislativa para 2026. Sem uma base s\u00f3lida de votos no Congresso Nacional para aprovar a Proposta de Emenda \u00e0 Constitui\u00e7\u00e3o (PEC), o governo do presidente Luiz In\u00e1cio Lula da Silva articula uma ofensiva que combina di\u00e1logo institucional e press\u00e3o popular direta, visando emparedar parlamentares indecisos em um ano de elei\u00e7\u00f5es.<\/p>\n\n\n\n<h3 class=\"wp-block-heading\">\u200bA estrat\u00e9gia das ruas e o calend\u00e1rio pol\u00edtico<\/h3>\n\n\n\n<p class=\"wp-block-paragraph\">\u200bCom o apoio de figuras centrais como os deputados Erika Hilton (PSOL-SP) e Guilherme Boulos (PSOL-SP) \u2014 este \u00faltimo agora \u00e0 frente da Secretaria-Geral da Presid\u00eancia \u2014, o governo planeja uma s\u00e9rie de mobiliza\u00e7\u00f5es populares. O objetivo \u00e9 criar um clima de &#8220;clamor social&#8221; que torne politicamente custoso para deputados e senadores votarem contra a medida.<\/p>\n\n\n\n<p class=\"wp-block-paragraph\">\u200bEst\u00e3o previstos grandes atos para o per\u00edodo p\u00f3s-Carnaval e, especialmente, durante as comemora\u00e7\u00f5es do Dia do Trabalhador, em 1\u00ba de maio. O diagn\u00f3stico do Planalto \u00e9 que, por ser uma pauta com aprova\u00e7\u00e3o superior a 70% em pesquisas de opini\u00e3o, ela tem o potencial de furar a &#8220;bolha de esquerda&#8221; e dialogar com o eleitor moderado e de classe m\u00e9dia, tornando-se o principal trunfo eleitoral para o projeto de reelei\u00e7\u00e3o de Lula.<\/p>\n\n\n\n<h3 class=\"wp-block-heading\">\u200bO tabuleiro no Congresso: Motta e Paim<\/h3>\n\n\n\n<p class=\"wp-block-paragraph\">\u200bApesar do otimismo popular, a realidade num\u00e9rica no Congresso \u00e9 o maior desafio. Atualmente, o governo trabalha em duas frentes:<\/p>\n\n\n\n<ol class=\"wp-block-list\">\n<li>\u200b<strong>Na C\u00e2mara:<\/strong> O governo busca uma aproxima\u00e7\u00e3o estrat\u00e9gica com o presidente da Casa, Hugo Motta (Republicanos-PB). O objetivo \u00e9 convenc\u00ea-lo a despachar a PEC de Erika Hilton para a Comiss\u00e3o de Constitui\u00e7\u00e3o e Justi\u00e7a (CCJ). H\u00e1 uma percep\u00e7\u00e3o de que Motta, ao contr\u00e1rio de seu antecessor Arthur Lira, pode estar mais aberto a pautas de apelo social para consolidar sua lideran\u00e7a.<\/li>\n\n\n\n<li>\u200b<strong>No Senado:<\/strong> A tramita\u00e7\u00e3o parece mais c\u00e9lere. A PEC 148\/2025, de autoria do senador Paulo Paim (PT-RS), j\u00e1 avan\u00e7ou na CCJ e aguarda vota\u00e7\u00e3o em plen\u00e1rio. O texto prop\u00f5e uma redu\u00e7\u00e3o gradual: a jornada cairia imediatamente para 40 horas e, ap\u00f3s isso, seria reduzida em uma hora por ano at\u00e9 atingir o limite de 36 horas semanais (escala 5&#215;2 ou 4&#215;3).<\/li>\n<\/ol>\n\n\n\n<h3 class=\"wp-block-heading\">\u200bRea\u00e7\u00e3o do setor produtivo<\/h3>\n\n\n\n<p class=\"wp-block-paragraph\">\u200bA ofensiva governista, no entanto, enfrenta forte resist\u00eancia da elite empresarial e de setores do centr\u00e3o. Confedera\u00e7\u00f5es patronais alertam para riscos de infla\u00e7\u00e3o, aumento do custo operacional e poss\u00edveis demiss\u00f5es em massa, especialmente nos setores de com\u00e9rcio e servi\u00e7os.<\/p>\n\n\n\n<p class=\"wp-block-paragraph\">\u200bO ministro do Trabalho, Luiz Marinho, rebate as cr\u00edticas afirmando que a tecnologia e a produtividade brasileira permitem a redu\u00e7\u00e3o sem cortes salariais. &#8220;\u00c9 uma quest\u00e3o de dignidade humana e de sa\u00fade mental&#8221;, refor\u00e7ou a ministra das Mulheres, Cida Gon\u00e7alves, destacando que a mudan\u00e7a beneficia especialmente as mulheres, que enfrentam a dupla jornada.<\/p>\n\n\n\n<p class=\"wp-block-paragraph\">\u200bCom as elei\u00e7\u00f5es no horizonte, o governo Lula joga suas fichas na mobiliza\u00e7\u00e3o social como o \u00fanico combust\u00edvel capaz de acelerar as engrenagens de um Congresso tradicionalmente resistente a mudan\u00e7as nas leis trabalhistas.<\/p>\n","protected":false},"excerpt":{"rendered":"<p>O Pal\u00e1cio do Planalto decidiu elevar o tom e transformar o fim da escala 6&#215;1 na &#8220;prioridade zero&#8221; da agenda legislativa para 2026. Sem uma [&#8230;]<\/p>\n","protected":false},"author":1,"featured_media":2081,"comment_status":"open","ping_status":"open","sticky":false,"template":"","format":"standard","meta":{"_crdt_document":"","_jetpack_memberships_contains_paid_content":false,"footnotes":"","jetpack_publicize_message":"","jetpack_publicize_feature_enabled":true,"jetpack_social_post_already_shared":true,"jetpack_social_options":{"image_generator_settings":{"template":"highway","default_image_id":0,"font":"","enabled":false},"version":2}},"categories":[3],"tags":[],"class_list":["post-2080","post","type-post","status-publish","format-standard","has-post-thumbnail","hentry","category-brasil"],"jetpack_publicize_connections":[],"jetpack_featured_media_url":"https:\/\/i0.wp.com\/oexpressobr.com.br\/wp-content\/uploads\/2026\/01\/53692208703_3f5615e06d_o.jpg?fit=414%2C280&ssl=1","jetpack_likes_enabled":true,"jetpack_sharing_enabled":true,"_links":{"self":[{"href":"https:\/\/oexpressobr.com.br\/index.php?rest_route=\/wp\/v2\/posts\/2080","targetHints":{"allow":["GET"]}}],"collection":[{"href":"https:\/\/oexpressobr.com.br\/index.php?rest_route=\/wp\/v2\/posts"}],"about":[{"href":"https:\/\/oexpressobr.com.br\/index.php?rest_route=\/wp\/v2\/types\/post"}],"author":[{"embeddable":true,"href":"https:\/\/oexpressobr.com.br\/index.php?rest_route=\/wp\/v2\/users\/1"}],"replies":[{"embeddable":true,"href":"https:\/\/oexpressobr.com.br\/index.php?rest_route=%2Fwp%2Fv2%2Fcomments&post=2080"}],"version-history":[{"count":1,"href":"https:\/\/oexpressobr.com.br\/index.php?rest_route=\/wp\/v2\/posts\/2080\/revisions"}],"predecessor-version":[{"id":2082,"href":"https:\/\/oexpressobr.com.br\/index.php?rest_route=\/wp\/v2\/posts\/2080\/revisions\/2082"}],"wp:featuredmedia":[{"embeddable":true,"href":"https:\/\/oexpressobr.com.br\/index.php?rest_route=\/wp\/v2\/media\/2081"}],"wp:attachment":[{"href":"https:\/\/oexpressobr.com.br\/index.php?rest_route=%2Fwp%2Fv2%2Fmedia&parent=2080"}],"wp:term":[{"taxonomy":"category","embeddable":true,"href":"https:\/\/oexpressobr.com.br\/index.php?rest_route=%2Fwp%2Fv2%2Fcategories&post=2080"},{"taxonomy":"post_tag","embeddable":true,"href":"https:\/\/oexpressobr.com.br\/index.php?rest_route=%2Fwp%2Fv2%2Ftags&post=2080"}],"curies":[{"name":"wp","href":"https:\/\/api.w.org\/{rel}","templated":true}]}}