{"id":2083,"date":"2026-01-19T09:55:40","date_gmt":"2026-01-19T12:55:40","guid":{"rendered":"https:\/\/oexpressobr.com.br\/?p=2083"},"modified":"2026-01-19T09:55:41","modified_gmt":"2026-01-19T12:55:41","slug":"oxfam-aponta-que-fortuna-de-bilionarios-cresce-tres-vezes-mais-rapido-e-atinge-us-183-trilhoes-sob-influencia-de-musk-e-trump","status":"publish","type":"post","link":"https:\/\/oexpressobr.com.br\/?p=2083","title":{"rendered":"Oxfam aponta que fortuna de bilion\u00e1rios cresce tr\u00eas vezes mais r\u00e1pido e atinge US$ 18,3 trilh\u00f5es sob influ\u00eancia de Musk e Trump"},"content":{"rendered":"\n<p class=\"wp-block-paragraph\">Enquanto a elite global se re\u00fane na Su\u00ed\u00e7a para o F\u00f3rum Econ\u00f4mico Mundial (WEF) de 2026, um novo e alarmante dado sobre a desigualdade social ecoa pelos corredores: a riqueza coletiva dos bilion\u00e1rios saltou 16% apenas no \u00faltimo ano, atingindo o pico hist\u00f3rico de <strong>US$ 18,3 trilh\u00f5es<\/strong>. O ritmo de crescimento em 2025 foi tr\u00eas vezes superior \u00e0 m\u00e9dia registrada nos cinco anos anteriores, segundo o relat\u00f3rio <em>&#8220;Resistindo ao Dom\u00ednio dos Ricos&#8221;<\/em>, divulgado nesta segunda-feira (19) pela <strong>Oxfam<\/strong>.<\/p>\n\n\n\n<p class=\"wp-block-paragraph\">\u200bPela primeira vez na hist\u00f3ria, o mundo ultrapassou a marca de <strong>3.000 bilion\u00e1rios<\/strong>. O documento destaca que o ganho de US$ 2,5 trilh\u00f5es acumulado pelo grupo em um \u00fanico ano seria suficiente para erradicar a pobreza extrema no planeta 26 vezes. Em contraste, quase metade da popula\u00e7\u00e3o mundial ainda vive com menos de US$ 8,30 por dia e uma em cada quatro pessoas enfrenta inseguran\u00e7a alimentar.<\/p>\n\n\n\n<h3 class=\"wp-block-heading\">\u200bO fator Trump e a era dos &#8220;Super-Ricos&#8221;<\/h3>\n\n\n\n<p class=\"wp-block-paragraph\">\u200bO relat\u00f3rio associa diretamente a acelera\u00e7\u00e3o desse ac\u00famulo de capital \u00e0s pol\u00edticas econ\u00f4micas adotadas nos Estados Unidos ap\u00f3s o retorno de <strong>Donald Trump<\/strong> \u00e0 Casa Branca. Segundo a Oxfam, a agenda do republicano \u2014 focada em cortes de impostos para grandes fortunas, desregulamenta\u00e7\u00e3o de mercados e resist\u00eancia \u00e0 tributa\u00e7\u00e3o global de corpora\u00e7\u00f5es \u2014 criou um terreno f\u00e9rtil para que os mais ricos retivessem ainda mais renda.<\/p>\n\n\n\n<p class=\"wp-block-paragraph\">\u200bO expoente m\u00e1ximo desse fen\u00f4meno \u00e9 <strong>Elon Musk<\/strong>. O empres\u00e1rio, propriet\u00e1rio da Tesla, SpaceX e da rede social X, tornou-se o primeiro homem a superar a marca de <strong>meio trilh\u00e3o de d\u00f3lares<\/strong> (US$ 500 bilh\u00f5es) em patrim\u00f4nio. O relat\u00f3rio ilustra a disparidade com um dado gr\u00e1fico: Musk ganha, em apenas quatro segundos, o equivalente ao que uma pessoa comum recebe em um ano inteiro de trabalho.<\/p>\n\n\n\n<h3 class=\"wp-block-heading\">\u200bBrasil: lideran\u00e7a na desigualdade regional<\/h3>\n\n\n\n<p class=\"wp-block-paragraph\">\u200bNo cen\u00e1rio latino-americano, o Brasil aparece com destaque negativo. O pa\u00eds lidera o ranking de concentra\u00e7\u00e3o de riqueza na regi\u00e3o, com <strong>66 bilion\u00e1rios<\/strong> que det\u00eam, juntos, US$ 253 bilh\u00f5es. A Oxfam Brasil refor\u00e7a a necessidade urgente de avan\u00e7ar na taxa\u00e7\u00e3o de lucros, dividendos e grandes fortunas, apontando que a recente reforma tribut\u00e1ria, embora tenha dado passos importantes, ainda n\u00e3o foi suficiente para reduzir abismos hist\u00f3ricos.<\/p>\n\n\n\n<h3 class=\"wp-block-heading\">\u200bDinheiro que compra poder e m\u00eddia<\/h3>\n\n\n\n<p class=\"wp-block-paragraph\">\u200bAl\u00e9m da quest\u00e3o financeira, a Oxfam alerta para o &#8220;d\u00e9ficit pol\u00edtico&#8221; causado por essa concentra\u00e7\u00e3o. O estudo estima que bilion\u00e1rios t\u00eam <strong>4.000 vezes mais chances<\/strong> de ocupar cargos pol\u00edticos do que cidad\u00e3os comuns.<\/p>\n\n\n\n<p class=\"wp-block-paragraph\">\u200bO controle da narrativa p\u00fablica tamb\u00e9m \u00e9 citado como um pilar dessa hegemonia:<\/p>\n\n\n\n<ul class=\"wp-block-list\">\n<li>\u200b<strong>Elon Musk (X)<\/strong>, <strong>Jeff Bezos (Washington Post)<\/strong> e outros magnatas controlam mais da metade das maiores empresas de m\u00eddia e todas as redes sociais globais.<\/li>\n\n\n\n<li>\u200bO relat\u00f3rio aponta que o uso dessas plataformas para influenciar elei\u00e7\u00f5es e moldar leis em benef\u00edcio pr\u00f3prio coloca as democracias em risco, aumentando sete vezes a chance de retrocessos no Estado de Direito em pa\u00edses altamente desiguais.<\/li>\n<\/ul>\n\n\n\n<h3 class=\"wp-block-heading\">\u200bRecomenda\u00e7\u00f5es da Oxfam<\/h3>\n\n\n\n<p class=\"wp-block-paragraph\">\u200bDiante do cen\u00e1rio, a organiza\u00e7\u00e3o urge que os governos implementem:<\/p>\n\n\n\n<ol class=\"wp-block-list\">\n<li>\u200b<strong>Planos nacionais de redu\u00e7\u00e3o da desigualdade<\/strong> com metas claras e monitoramento regular.<\/li>\n\n\n\n<li>\u200b<strong>Tributa\u00e7\u00e3o progressiva<\/strong> sobre renda e riqueza extrema para financiar servi\u00e7os p\u00fablicos e combate \u00e0 fome.<\/li>\n\n\n\n<li>\u200b<strong>Barreiras r\u00edgidas entre dinheiro e pol\u00edtica<\/strong>, limitando o lobby corporativo e o financiamento de campanhas por super-ricos.<\/li>\n<\/ol>\n\n\n\n<p class=\"wp-block-paragraph\">\u200b&#8221;N\u00e3o \u00e9 poss\u00edvel que um pa\u00eds onde milh\u00f5es passam fome tenha a maior concentra\u00e7\u00e3o de bilion\u00e1rios da Am\u00e9rica Latina&#8221;, declarou a diretora executiva da Oxfam Brasil, Viviana Santiago. O relat\u00f3rio conclui que a riqueza extrema n\u00e3o \u00e9 apenas um problema econ\u00f4mico, mas uma amea\u00e7a direta \u00e0s liberdades civis e \u00e0 estabilidade social global.<\/p>\n","protected":false},"excerpt":{"rendered":"<p>Enquanto a elite global se re\u00fane na Su\u00ed\u00e7a para o F\u00f3rum Econ\u00f4mico Mundial (WEF) de 2026, um novo e alarmante dado sobre a desigualdade social [&#8230;]<\/p>\n","protected":false},"author":1,"featured_media":2084,"comment_status":"open","ping_status":"open","sticky":false,"template":"","format":"standard","meta":{"_crdt_document":"","_jetpack_memberships_contains_paid_content":false,"footnotes":"","jetpack_publicize_message":"","jetpack_publicize_feature_enabled":true,"jetpack_social_post_already_shared":true,"jetpack_social_options":{"image_generator_settings":{"template":"highway","default_image_id":0,"font":"","enabled":false},"version":2}},"categories":[10],"tags":[],"class_list":["post-2083","post","type-post","status-publish","format-standard","has-post-thumbnail","hentry","category-economia"],"jetpack_publicize_connections":[],"jetpack_featured_media_url":"https:\/\/i0.wp.com\/oexpressobr.com.br\/wp-content\/uploads\/2026\/01\/IMG-20260119-WA0263.jpg?fit=750%2C490&ssl=1","jetpack_likes_enabled":true,"jetpack_sharing_enabled":true,"_links":{"self":[{"href":"https:\/\/oexpressobr.com.br\/index.php?rest_route=\/wp\/v2\/posts\/2083","targetHints":{"allow":["GET"]}}],"collection":[{"href":"https:\/\/oexpressobr.com.br\/index.php?rest_route=\/wp\/v2\/posts"}],"about":[{"href":"https:\/\/oexpressobr.com.br\/index.php?rest_route=\/wp\/v2\/types\/post"}],"author":[{"embeddable":true,"href":"https:\/\/oexpressobr.com.br\/index.php?rest_route=\/wp\/v2\/users\/1"}],"replies":[{"embeddable":true,"href":"https:\/\/oexpressobr.com.br\/index.php?rest_route=%2Fwp%2Fv2%2Fcomments&post=2083"}],"version-history":[{"count":1,"href":"https:\/\/oexpressobr.com.br\/index.php?rest_route=\/wp\/v2\/posts\/2083\/revisions"}],"predecessor-version":[{"id":2085,"href":"https:\/\/oexpressobr.com.br\/index.php?rest_route=\/wp\/v2\/posts\/2083\/revisions\/2085"}],"wp:featuredmedia":[{"embeddable":true,"href":"https:\/\/oexpressobr.com.br\/index.php?rest_route=\/wp\/v2\/media\/2084"}],"wp:attachment":[{"href":"https:\/\/oexpressobr.com.br\/index.php?rest_route=%2Fwp%2Fv2%2Fmedia&parent=2083"}],"wp:term":[{"taxonomy":"category","embeddable":true,"href":"https:\/\/oexpressobr.com.br\/index.php?rest_route=%2Fwp%2Fv2%2Fcategories&post=2083"},{"taxonomy":"post_tag","embeddable":true,"href":"https:\/\/oexpressobr.com.br\/index.php?rest_route=%2Fwp%2Fv2%2Ftags&post=2083"}],"curies":[{"name":"wp","href":"https:\/\/api.w.org\/{rel}","templated":true}]}}