{"id":2086,"date":"2026-01-19T09:59:59","date_gmt":"2026-01-19T12:59:59","guid":{"rendered":"https:\/\/oexpressobr.com.br\/?p=2086"},"modified":"2026-01-19T10:00:00","modified_gmt":"2026-01-19T13:00:00","slug":"trump-pressiona-dinamarca-e-cita-ameaca-russa-para-justificar-controle-da-groenlandia","status":"publish","type":"post","link":"https:\/\/oexpressobr.com.br\/?p=2086","title":{"rendered":"Trump pressiona Dinamarca e cita &#8216;amea\u00e7a russa&#8217; para justificar controle da Groenl\u00e2ndia"},"content":{"rendered":"\n<p class=\"wp-block-paragraph\">\u200bO presidente dos Estados Unidos, Donald Trump, intensificou nesta segunda-feira (19) sua ofensiva diplom\u00e1tica e econ\u00f4mica para obter o controle da <strong>Groenl\u00e2ndia<\/strong>, afirmando que &#8220;chegou a hora&#8221; de Washington tomar provid\u00eancias definitivas sobre o territ\u00f3rio. Em publica\u00e7\u00f5es em sua rede social, Truth Social, Trump acusou a <strong>Dinamarca<\/strong> de ser incapaz de proteger a ilha contra a crescente influ\u00eancia da <strong>R\u00fassia<\/strong> e da <strong>China<\/strong> no \u00c1rtico.<\/p>\n\n\n\n<h3 class=\"wp-block-heading\">\u200bO ultimato de Washington<\/h3>\n\n\n\n<p class=\"wp-block-paragraph\">\u200bSegundo o presidente americano, a OTAN alerta Copenhague h\u00e1 mais de duas d\u00e9cadas sobre a necessidade de afastar a amea\u00e7a russa da regi\u00e3o, mas o governo dinamarqu\u00eas teria falhado nessa miss\u00e3o. &#8220;Agora \u00e9 a hora, e isso ser\u00e1 feito!&#8221;, declarou Trump, refor\u00e7ando que a posse do territ\u00f3rio \u00e9 uma quest\u00e3o de &#8220;seguran\u00e7a nacional&#8221; para os EUA.<\/p>\n\n\n\n<p class=\"wp-block-paragraph\">\u200bA estrat\u00e9gia de Trump para 2026 n\u00e3o se limita \u00e0 ret\u00f3rica. O governo americano j\u00e1 anunciou medidas pr\u00e1ticas:<\/p>\n\n\n\n<ul class=\"wp-block-list\">\n<li>\u200b<strong>Tarifas Punitivas:<\/strong> A partir de 1\u00ba de fevereiro, os EUA aplicar\u00e3o uma tarifa de <strong>10%<\/strong> sobre produtos de oito na\u00e7\u00f5es europeias (incluindo Dinamarca, Alemanha, Fran\u00e7a e Reino Unido) que se opuserem aos seus planos.<\/li>\n\n\n\n<li>\u200b<strong>Escalada Econ\u00f4mica:<\/strong> Caso n\u00e3o haja um acordo para a &#8220;compra total&#8221; da ilha, as tarifas subir\u00e3o para <strong>25%<\/strong> em junho.<\/li>\n\n\n\n<li>\u200b<strong>Uso da For\u00e7a:<\/strong> O governo n\u00e3o descartou explicitamente o uso de meios militares, especialmente ap\u00f3s a recente movimenta\u00e7\u00e3o de tropas europeias para a Groenl\u00e2ndia a pedido da Dinamarca.<\/li>\n<\/ul>\n\n\n\n<h3 class=\"wp-block-heading\">\u200bA resist\u00eancia europeia<\/h3>\n\n\n\n<p class=\"wp-block-paragraph\">\u200bA rea\u00e7\u00e3o do bloco europeu foi imediata. No \u00faltimo domingo (18), l\u00edderes de oito pa\u00edses assinaram uma declara\u00e7\u00e3o conjunta reafirmando a soberania dinamarquesa e classificando a postura de Trump como &#8220;chantagem econ\u00f4mica&#8221;. A primeira-ministra da Dinamarca, Mette Frederiksen, reiterou que a Groenl\u00e2ndia <strong>n\u00e3o est\u00e1 \u00e0 venda<\/strong> e que o futuro do territ\u00f3rio deve ser decidido exclusivamente por seus habitantes e por Copenhague.<\/p>\n\n\n\n<h3 class=\"wp-block-heading\">\u200bPor que a Groenl\u00e2ndia agora?<\/h3>\n\n\n\n<p class=\"wp-block-paragraph\">\u200bEspecialistas apontam que o interesse renovado de Trump em 2026 se deve a tr\u00eas fatores principais:<\/p>\n\n\n\n<ol class=\"wp-block-list\">\n<li>\u200b<strong>Domo de Ouro:<\/strong> A ilha \u00e9 vista como pe\u00e7a fundamental para o novo sistema de defesa antim\u00edsseis dos EUA.<\/li>\n\n\n\n<li>\u200b<strong>Recursos Naturais:<\/strong> O degelo do \u00c1rtico est\u00e1 expondo vastas jazidas de terras raras, petr\u00f3leo e g\u00e1s, essenciais para a disputa tecnol\u00f3gica com a China.<\/li>\n\n\n\n<li>\u200b<strong>Geopol\u00edtica:<\/strong> Com a R\u00fassia expandindo bases militares no Norte, Trump deseja transformar a Groenl\u00e2ndia em um &#8220;posto avan\u00e7ado&#8221; americano inexpugn\u00e1vel.<\/li>\n<\/ol>\n","protected":false},"excerpt":{"rendered":"<p>\u200bO presidente dos Estados Unidos, Donald Trump, intensificou nesta segunda-feira (19) sua ofensiva diplom\u00e1tica e econ\u00f4mica para obter o controle da Groenl\u00e2ndia, afirmando que &#8220;chegou [&#8230;]<\/p>\n","protected":false},"author":1,"featured_media":2087,"comment_status":"open","ping_status":"open","sticky":false,"template":"","format":"standard","meta":{"_crdt_document":"","_jetpack_memberships_contains_paid_content":false,"footnotes":"","jetpack_publicize_message":"","jetpack_publicize_feature_enabled":true,"jetpack_social_post_already_shared":true,"jetpack_social_options":{"image_generator_settings":{"template":"highway","default_image_id":0,"font":"","enabled":false},"version":2}},"categories":[15],"tags":[],"class_list":["post-2086","post","type-post","status-publish","format-standard","has-post-thumbnail","hentry","category-internacional"],"jetpack_publicize_connections":[],"jetpack_featured_media_url":"https:\/\/i0.wp.com\/oexpressobr.com.br\/wp-content\/uploads\/2026\/01\/IMG-20260119-WA0266.jpg?fit=1600%2C1066&ssl=1","jetpack_likes_enabled":true,"jetpack_sharing_enabled":true,"_links":{"self":[{"href":"https:\/\/oexpressobr.com.br\/index.php?rest_route=\/wp\/v2\/posts\/2086","targetHints":{"allow":["GET"]}}],"collection":[{"href":"https:\/\/oexpressobr.com.br\/index.php?rest_route=\/wp\/v2\/posts"}],"about":[{"href":"https:\/\/oexpressobr.com.br\/index.php?rest_route=\/wp\/v2\/types\/post"}],"author":[{"embeddable":true,"href":"https:\/\/oexpressobr.com.br\/index.php?rest_route=\/wp\/v2\/users\/1"}],"replies":[{"embeddable":true,"href":"https:\/\/oexpressobr.com.br\/index.php?rest_route=%2Fwp%2Fv2%2Fcomments&post=2086"}],"version-history":[{"count":1,"href":"https:\/\/oexpressobr.com.br\/index.php?rest_route=\/wp\/v2\/posts\/2086\/revisions"}],"predecessor-version":[{"id":2088,"href":"https:\/\/oexpressobr.com.br\/index.php?rest_route=\/wp\/v2\/posts\/2086\/revisions\/2088"}],"wp:featuredmedia":[{"embeddable":true,"href":"https:\/\/oexpressobr.com.br\/index.php?rest_route=\/wp\/v2\/media\/2087"}],"wp:attachment":[{"href":"https:\/\/oexpressobr.com.br\/index.php?rest_route=%2Fwp%2Fv2%2Fmedia&parent=2086"}],"wp:term":[{"taxonomy":"category","embeddable":true,"href":"https:\/\/oexpressobr.com.br\/index.php?rest_route=%2Fwp%2Fv2%2Fcategories&post=2086"},{"taxonomy":"post_tag","embeddable":true,"href":"https:\/\/oexpressobr.com.br\/index.php?rest_route=%2Fwp%2Fv2%2Ftags&post=2086"}],"curies":[{"name":"wp","href":"https:\/\/api.w.org\/{rel}","templated":true}]}}