{"id":2092,"date":"2026-01-19T10:11:40","date_gmt":"2026-01-19T13:11:40","guid":{"rendered":"https:\/\/oexpressobr.com.br\/?p=2092"},"modified":"2026-01-19T10:11:41","modified_gmt":"2026-01-19T13:11:41","slug":"gerdau-125-anos-gustavo-werneck-projeta-investimentos-bilionarios-em-ia-e-sustentabilidade-sob-pressao-do-aco-importado","status":"publish","type":"post","link":"https:\/\/oexpressobr.com.br\/?p=2092","title":{"rendered":"Gerdau 125 anos: Gustavo Werneck projeta investimentos bilion\u00e1rios em IA e sustentabilidade sob press\u00e3o do a\u00e7o importado"},"content":{"rendered":"\n<p class=\"wp-block-paragraph\">Ao completar 125 anos de hist\u00f3ria em 2026, a Gerdau, maior empresa brasileira produtora de a\u00e7o, encontra-se em um momento de celebra\u00e7\u00e3o e, simultaneamente, diante de uma &#8220;prova de fogo&#8221; estrat\u00e9gica. Em entrevista exclusiva \u00e0 EXAME, o CEO Gustavo Werneck detalhou como a companhia pretende navegar em um cen\u00e1rio de concorr\u00eancia global acirrada, especialmente com a entrada massiva de a\u00e7o chin\u00eas no mercado brasileiro, enquanto acelera aportes bilion\u00e1rios em tecnologia e ESG.<\/p>\n\n\n\n<h3 class=\"wp-block-heading\">\u200bO plano de R$ 6 bilh\u00f5es e o foco em sustentabilidade<\/h3>\n\n\n\n<p class=\"wp-block-paragraph\">\u200bPara o bi\u00eanio 2024-2025, a Gerdau reafirmou um robusto plano de investimentos. Somente para 2025, a estimativa de Capex (investimentos em capital) gira em torno de <strong>R$ 6 bilh\u00f5es<\/strong>. O foco est\u00e1 dividido entre a manuten\u00e7\u00e3o da competitividade operacional e a acelera\u00e7\u00e3o da agenda sustent\u00e1vel.<\/p>\n\n\n\n<p class=\"wp-block-paragraph\">\u200bWerneck destaca que a descarboniza\u00e7\u00e3o n\u00e3o \u00e9 mais um objetivo distante, mas uma m\u00e9trica de efici\u00eancia presente. A empresa vem investindo na moderniza\u00e7\u00e3o de suas usinas de &#8220;mini-mills&#8221; (que utilizam sucata met\u00e1lica, emitindo menos CO2) e na expans\u00e3o de suas florestas renov\u00e1veis para a produ\u00e7\u00e3o de biorredutores. Recentemente, a companhia foi reconhecida como campe\u00e3 no pr\u00eamio &#8220;Melhores do ESG 2025&#8221; da EXAME, consolidando sua lideran\u00e7a no setor de siderurgia e minera\u00e7\u00e3o.<\/p>\n\n\n\n<h3 class=\"wp-block-heading\">\u200bIntelig\u00eancia Artificial: da teoria ao ch\u00e3o de f\u00e1brica<\/h3>\n\n\n\n<p class=\"wp-block-paragraph\">\u200bA Intelig\u00eancia Artificial (IA) deixou de ser uma promessa tecnol\u00f3gica para se tornar um pilar de produtividade nas usinas da Gerdau. Segundo o CEO, a IA est\u00e1 sendo aplicada para:<\/p>\n\n\n\n<ul class=\"wp-block-list\">\n<li>\u200b<strong>Manuten\u00e7\u00e3o Preditiva:<\/strong> Reduzindo o tempo de parada de m\u00e1quinas e evitando falhas cr\u00edticas.<\/li>\n\n\n\n<li>\u200b<strong>Otimiza\u00e7\u00e3o Log\u00edstica:<\/strong> Melhorando a distribui\u00e7\u00e3o de produtos em escala global.<\/li>\n\n\n\n<li>\u200b<strong>Seguran\u00e7a do Trabalho:<\/strong> Monitoramento em tempo real para prevenir acidentes em \u00e1reas de risco.<\/li>\n<\/ul>\n\n\n\n<p class=\"wp-block-paragraph\">\u200b&#8221;Em 2025, teremos muito foco no suporte da IA voltada para a captura de produtividade e performance&#8221;, afirmou Werneck, refor\u00e7ando que a inova\u00e7\u00e3o digital \u00e9 o que permitir\u00e1 \u00e0 gigante manter margens saud\u00e1veis mesmo em ciclos de baixa das commodities.<\/p>\n\n\n\n<h3 class=\"wp-block-heading\">\u200bA \u2018prova de fogo\u2019 no mercado dom\u00e9stico<\/h3>\n\n\n\n<p class=\"wp-block-paragraph\">\u200bApesar do otimismo com a tecnologia, o tom de Werneck \u00e9 de alerta quando o assunto \u00e9 a defesa comercial do Brasil. O executivo aponta que o pa\u00eds vive um momento cr\u00edtico com a &#8220;competi\u00e7\u00e3o desigual&#8221; do a\u00e7o importado, muitas vezes subsidiado por governos estrangeiros.<\/p>\n\n\n\n<p class=\"wp-block-paragraph\">\u200bAtualmente, mais de 30% do a\u00e7o consumido no Brasil \u00e9 importado, o que pressiona os resultados da opera\u00e7\u00e3o brasileira \u2014 que registrou queda no lucro no terceiro trimestre de 2025 devido ao aumento de custos e \u00e0 satura\u00e7\u00e3o do mercado interno. Essa realidade tem levado a Gerdau a olhar com ainda mais carinho para sua opera\u00e7\u00e3o na Am\u00e9rica do Norte, que hoje j\u00e1 responde por mais de 60% da gera\u00e7\u00e3o de caixa do grupo, beneficiando-se de um ambiente de neg\u00f3cios mais previs\u00edvel e protegido.<\/p>\n\n\n\n<h3 class=\"wp-block-heading\">\u200bLideran\u00e7a premiada<\/h3>\n\n\n\n<p class=\"wp-block-paragraph\">\u200bO desempenho de Gustavo Werneck \u00e0 frente da companhia tem sido amplamente reconhecido pelo mercado. No final de 2025, ele foi eleito, pelo quinto ano consecutivo, como um dos vencedores do pr\u00eamio &#8220;L\u00edderes do Brasil&#8221;, refletindo a confian\u00e7a de investidores e pares na sua gest\u00e3o focada em resili\u00eancia e transforma\u00e7\u00e3o digital.<\/p>\n\n\n\n<p class=\"wp-block-paragraph\">\u200bCom 125 anos, a Gerdau tenta provar que a longevidade no setor industrial depende da capacidade de se reinventar mais r\u00e1pido do que o mercado, transformando o a\u00e7o \u2014 uma commodity milenar \u2014 em um produto de alto valor tecnol\u00f3gico e baixo impacto ambiental.<\/p>\n","protected":false},"excerpt":{"rendered":"<p>Ao completar 125 anos de hist\u00f3ria em 2026, a Gerdau, maior empresa brasileira produtora de a\u00e7o, encontra-se em um momento de celebra\u00e7\u00e3o e, simultaneamente, diante [&#8230;]<\/p>\n","protected":false},"author":1,"featured_media":2093,"comment_status":"open","ping_status":"open","sticky":false,"template":"","format":"standard","meta":{"_crdt_document":"","_jetpack_memberships_contains_paid_content":false,"footnotes":"","jetpack_publicize_message":"","jetpack_publicize_feature_enabled":true,"jetpack_social_post_already_shared":true,"jetpack_social_options":{"image_generator_settings":{"template":"highway","default_image_id":0,"font":"","enabled":false},"version":2}},"categories":[17],"tags":[],"class_list":["post-2092","post","type-post","status-publish","format-standard","has-post-thumbnail","hentry","category-comercio"],"jetpack_publicize_connections":[],"jetpack_featured_media_url":"https:\/\/i0.wp.com\/oexpressobr.com.br\/wp-content\/uploads\/2026\/01\/IMG-20260119-WA0264.jpg?fit=750%2C500&ssl=1","jetpack_likes_enabled":true,"jetpack_sharing_enabled":true,"_links":{"self":[{"href":"https:\/\/oexpressobr.com.br\/index.php?rest_route=\/wp\/v2\/posts\/2092","targetHints":{"allow":["GET"]}}],"collection":[{"href":"https:\/\/oexpressobr.com.br\/index.php?rest_route=\/wp\/v2\/posts"}],"about":[{"href":"https:\/\/oexpressobr.com.br\/index.php?rest_route=\/wp\/v2\/types\/post"}],"author":[{"embeddable":true,"href":"https:\/\/oexpressobr.com.br\/index.php?rest_route=\/wp\/v2\/users\/1"}],"replies":[{"embeddable":true,"href":"https:\/\/oexpressobr.com.br\/index.php?rest_route=%2Fwp%2Fv2%2Fcomments&post=2092"}],"version-history":[{"count":1,"href":"https:\/\/oexpressobr.com.br\/index.php?rest_route=\/wp\/v2\/posts\/2092\/revisions"}],"predecessor-version":[{"id":2094,"href":"https:\/\/oexpressobr.com.br\/index.php?rest_route=\/wp\/v2\/posts\/2092\/revisions\/2094"}],"wp:featuredmedia":[{"embeddable":true,"href":"https:\/\/oexpressobr.com.br\/index.php?rest_route=\/wp\/v2\/media\/2093"}],"wp:attachment":[{"href":"https:\/\/oexpressobr.com.br\/index.php?rest_route=%2Fwp%2Fv2%2Fmedia&parent=2092"}],"wp:term":[{"taxonomy":"category","embeddable":true,"href":"https:\/\/oexpressobr.com.br\/index.php?rest_route=%2Fwp%2Fv2%2Fcategories&post=2092"},{"taxonomy":"post_tag","embeddable":true,"href":"https:\/\/oexpressobr.com.br\/index.php?rest_route=%2Fwp%2Fv2%2Ftags&post=2092"}],"curies":[{"name":"wp","href":"https:\/\/api.w.org\/{rel}","templated":true}]}}