{"id":2095,"date":"2026-01-19T10:26:00","date_gmt":"2026-01-19T13:26:00","guid":{"rendered":"https:\/\/oexpressobr.com.br\/?p=2095"},"modified":"2026-01-19T10:26:01","modified_gmt":"2026-01-19T13:26:01","slug":"natamy-nakano-a-trajetoria-da-jovem-autista-e-superdotada-que-desafiou-o-sistema-educacional-e-chegou-a-medicina","status":"publish","type":"post","link":"https:\/\/oexpressobr.com.br\/?p=2095","title":{"rendered":"Nat\u00e3my Nakano: A trajet\u00f3ria da jovem autista e superdotada que desafiou o sistema educacional e chegou \u00e0 medicina"},"content":{"rendered":"\n<p class=\"wp-block-paragraph\"><br>A hist\u00f3ria de Nat\u00e3my Nakano \u00e9 um marco de resili\u00eancia e neurodiversidade no Brasil. Alfabetizada aos 2 anos e aprovada em Medicina na Universidade Federal do Paran\u00e1 (UFPR) com apenas 15 anos, Nat\u00e3my n\u00e3o \u00e9 apenas um prod\u00edgio acad\u00eamico, mas um s\u00edmbolo das barreiras enfrentadas por pessoas com Dupla Excepcionalidade \u2014 quando a superdota\u00e7\u00e3o coexiste com o Transtorno do Espectro Autista (TEA).<br>Superdota\u00e7\u00e3o e os desafios do espectro<br>Diagnosticada com S\u00edndrome de Asperger (termo utilizado na \u00e9poca para o que hoje classificamos como TEA N\u00edvel 1 de suporte) e Altas Habilidades, Nat\u00e3my viveu uma jornada escolar marcada por contrastes. Enquanto sua mente processava informa\u00e7\u00f5es com uma velocidade at\u00edpica, o ambiente escolar tradicional muitas vezes falhou em acolh\u00ea-la.<br>A trajet\u00f3ria da jovem foi pontuada por epis\u00f3dios de bullying, tanto por parte de colegas quanto de profissionais da educa\u00e7\u00e3o, que n\u00e3o sabiam lidar com sua forma direta de comunica\u00e7\u00e3o e seu ritmo acelerado de aprendizado. Muitas institui\u00e7\u00f5es de ensino recusaram sua matr\u00edcula, evidenciando o despreparo do sistema em integrar alunos que fogem \u00e0 curva da normalidade.<br>O caminho at\u00e9 a UFPR<br>A aprova\u00e7\u00e3o precoce n\u00e3o foi um acaso. Aos 12 anos, Nat\u00e3my j\u00e1 havia sido aprovada em Engenharia de Bioprocessos e Biotecnologia. No entanto, sua voca\u00e7\u00e3o falava mais alto: a Medicina. Com o apoio incondicional de sua m\u00e3e e uma rede de profissionais especializados, ela superou as barreiras sociais e sensoriais para conquistar uma vaga em uma das universidades mais concorridas do pa\u00eds.<br>Onde ela est\u00e1 agora? Atualiza\u00e7\u00f5es sobre a carreira<br>Desde que sua hist\u00f3ria ganhou os holofotes em 2019, Nat\u00e3my tem seguido sua jornada acad\u00eamica com o mesmo foco que a levou \u00e0 aprova\u00e7\u00e3o precoce. Mais do que uma estudante, ela se tornou uma voz ativa na conscientiza\u00e7\u00e3o sobre a Dupla Excepcionalidade.<\/p>\n\n\n\n<ul class=\"wp-block-list\">\n<li>Atua\u00e7\u00e3o Acad\u00eamica: Nat\u00e3my seguiu seu curso na UFPR, enfrentando os desafios de uma gradua\u00e7\u00e3o intensa enquanto lida com as particularidades sensoriais e sociais do autismo.<\/li>\n\n\n\n<li>Representatividade: Ela utiliza sua visibilidade para palestrar e informar pais e educadores sobre a import\u00e2ncia de diagn\u00f3sticos precisos, combatendo o estigma de que o autista n\u00e3o pode atingir altos n\u00edveis de autonomia e sucesso profissional.<\/li>\n<\/ul>\n\n\n\n<blockquote class=\"wp-block-quote is-layout-flow wp-block-quote-is-layout-flow\">\n<p class=\"wp-block-paragraph\">&#8220;A maior dificuldade n\u00e3o foi o conte\u00fado dos livros, mas a falta de compreens\u00e3o das pessoas sobre como meu c\u00e9rebro funciona.&#8221; \u2014 Reflex\u00e3o recorrente em sua trajet\u00f3ria.<\/p>\n\n\n\n<p class=\"wp-block-paragraph\">Entendendo a Dupla Excepcionalidade<br>Para compreender o caso de Nat\u00e3my, \u00e9 preciso entender como essas duas condi\u00e7\u00f5es interagem:<\/p>\n\n\n\n<figure class=\"wp-block-table\"><table class=\"has-fixed-layout\"><thead><tr><th>Caracter\u00edstica<\/th><th>Impacto na Superdota\u00e7\u00e3o<\/th><th>Impacto no TEA (Asperger)<\/th><\/tr><\/thead><tbody><tr><td>Cogni\u00e7\u00e3o<\/td><td>Racioc\u00ednio l\u00f3gico avan\u00e7ado e mem\u00f3ria acima da m\u00e9dia.<\/td><td>Foco intenso em interesses espec\u00edficos (hiperfoco).<\/td><\/tr><tr><td>Socializa\u00e7\u00e3o<\/td><td>Pode sentir t\u00e9dio em conversas comuns.<\/td><td>Dificuldade em ler sinais sociais e linguagem n\u00e3o-verbal.<\/td><\/tr><tr><td>Educa\u00e7\u00e3o<\/td><td>Necessita de acelera\u00e7\u00e3o ou enriquecimento curricular.<\/td><td>Necessita de previsibilidade e adapta\u00e7\u00f5es sensoriais.<\/td><\/tr><tr><td>A hist\u00f3ria de Nat\u00e3my Nakano continua a inspirar e a provocar uma reflex\u00e3o necess\u00e1ria: o sistema educacional est\u00e1 preparado para os talentos que ele mesmo, por vezes, tenta excluir?<\/td><td><\/td><td><\/td><\/tr><tr><td>Voc\u00ea gostaria que eu preparasse um resumo dos principais direitos garantidos por lei para estudantes com dupla excepcionalidade no Brasil?<\/td><td><\/td><td><\/td><\/tr><\/tbody><\/table><\/figure>\n<\/blockquote>\n\n\n\n<p class=\"wp-block-paragraph\">A hist\u00f3ria de Nat\u00e3my Nakano continua a inspirar e a provocar uma reflex\u00e3o necess\u00e1ria: o sistema educacional est\u00e1 preparado para os talentos que ele mesmo, por vezes, tenta excluir?<\/p>\n","protected":false},"excerpt":{"rendered":"<p>A hist\u00f3ria de Nat\u00e3my Nakano \u00e9 um marco de resili\u00eancia e neurodiversidade no Brasil. Alfabetizada aos 2 anos e aprovada em Medicina na Universidade Federal [&#8230;]<\/p>\n","protected":false},"author":1,"featured_media":2096,"comment_status":"open","ping_status":"open","sticky":false,"template":"","format":"standard","meta":{"_crdt_document":"","_jetpack_memberships_contains_paid_content":false,"footnotes":"","jetpack_publicize_message":"","jetpack_publicize_feature_enabled":true,"jetpack_social_post_already_shared":true,"jetpack_social_options":{"image_generator_settings":{"template":"highway","default_image_id":0,"font":"","enabled":false},"version":2}},"categories":[6],"tags":[],"class_list":["post-2095","post","type-post","status-publish","format-standard","has-post-thumbnail","hentry","category-educacao"],"jetpack_publicize_connections":[],"jetpack_featured_media_url":"https:\/\/i0.wp.com\/oexpressobr.com.br\/wp-content\/uploads\/2026\/01\/asperger-1550603065670_v2_450x600.jpg?fit=450%2C600&ssl=1","jetpack_likes_enabled":true,"jetpack_sharing_enabled":true,"_links":{"self":[{"href":"https:\/\/oexpressobr.com.br\/index.php?rest_route=\/wp\/v2\/posts\/2095","targetHints":{"allow":["GET"]}}],"collection":[{"href":"https:\/\/oexpressobr.com.br\/index.php?rest_route=\/wp\/v2\/posts"}],"about":[{"href":"https:\/\/oexpressobr.com.br\/index.php?rest_route=\/wp\/v2\/types\/post"}],"author":[{"embeddable":true,"href":"https:\/\/oexpressobr.com.br\/index.php?rest_route=\/wp\/v2\/users\/1"}],"replies":[{"embeddable":true,"href":"https:\/\/oexpressobr.com.br\/index.php?rest_route=%2Fwp%2Fv2%2Fcomments&post=2095"}],"version-history":[{"count":1,"href":"https:\/\/oexpressobr.com.br\/index.php?rest_route=\/wp\/v2\/posts\/2095\/revisions"}],"predecessor-version":[{"id":2097,"href":"https:\/\/oexpressobr.com.br\/index.php?rest_route=\/wp\/v2\/posts\/2095\/revisions\/2097"}],"wp:featuredmedia":[{"embeddable":true,"href":"https:\/\/oexpressobr.com.br\/index.php?rest_route=\/wp\/v2\/media\/2096"}],"wp:attachment":[{"href":"https:\/\/oexpressobr.com.br\/index.php?rest_route=%2Fwp%2Fv2%2Fmedia&parent=2095"}],"wp:term":[{"taxonomy":"category","embeddable":true,"href":"https:\/\/oexpressobr.com.br\/index.php?rest_route=%2Fwp%2Fv2%2Fcategories&post=2095"},{"taxonomy":"post_tag","embeddable":true,"href":"https:\/\/oexpressobr.com.br\/index.php?rest_route=%2Fwp%2Fv2%2Ftags&post=2095"}],"curies":[{"name":"wp","href":"https:\/\/api.w.org\/{rel}","templated":true}]}}