{"id":2104,"date":"2026-01-19T12:44:28","date_gmt":"2026-01-19T15:44:28","guid":{"rendered":"https:\/\/oexpressobr.com.br\/?p=2104"},"modified":"2026-01-19T12:44:30","modified_gmt":"2026-01-19T15:44:30","slug":"mercado-financeiro-e-banco-central-reduzem-projecao-de-inflacao-para-402-em-2026","status":"publish","type":"post","link":"https:\/\/oexpressobr.com.br\/?p=2104","title":{"rendered":"Mercado financeiro e Banco Central reduzem proje\u00e7\u00e3o de infla\u00e7\u00e3o para 4,02% em 2026"},"content":{"rendered":"\n<p class=\"wp-block-paragraph\">O mercado financeiro revisou para baixo, pela segunda semana consecutiva, a expectativa para o \u00cdndice Nacional de Pre\u00e7os ao Consumidor Amplo (IPCA) de 2026. Segundo o Relat\u00f3rio Focus, divulgado pelo Banco Central nesta segunda-feira (19 de janeiro de 2026), a proje\u00e7\u00e3o para a infla\u00e7\u00e3o no ano que vem recuou de 4,05% para 4,02%.<\/p>\n\n\n\n<p class=\"wp-block-paragraph\">\u200bO ajuste ocorre em um momento de cautela e manuten\u00e7\u00e3o da pol\u00edtica monet\u00e1ria. Embora a proje\u00e7\u00e3o tenha ca\u00eddo, ela ainda permanece acima do centro da meta de infla\u00e7\u00e3o estabelecida pelo Conselho Monet\u00e1rio Nacional (CMN), que \u00e9 de 3%. No entanto, o novo n\u00famero (4,02%) est\u00e1 confortavelmente dentro do intervalo de toler\u00e2ncia, cujo teto \u00e9 de 4,5%.<\/p>\n\n\n\n<h3 class=\"wp-block-heading\">\u200b<strong>Cen\u00e1rio de juros e crescimento<\/strong><\/h3>\n\n\n\n<p class=\"wp-block-paragraph\">\u200bPara garantir a converg\u00eancia dos pre\u00e7os \u00e0 meta, os analistas consultados pelo Banco Central mantiveram a estimativa para a taxa Selic em 12,25% ao ano at\u00e9 o fim de 2026. Atualmente, a taxa b\u00e1sica de juros encontra-se em patamares elevados (15%), refletindo o esfor\u00e7o do Comit\u00ea de Pol\u00edtica Monet\u00e1ria (Copom) em conter a demanda e ancorar as expectativas de longo prazo.<\/p>\n\n\n\n<p class=\"wp-block-paragraph\">\u200bEm rela\u00e7\u00e3o ao Produto Interno Bruto (PIB), o mercado manteve a previs\u00e3o de crescimento de 1,80% para 2026, indicando um ritmo de expans\u00e3o moderado. No c\u00e2mbio, a estimativa para o d\u00f3lar permanece est\u00e1vel em R$ 5,50 para o encerramento do mesmo per\u00edodo.<\/p>\n\n\n\n<h3 class=\"wp-block-heading\">\u200b<strong>Perspectivas para os pr\u00f3ximos anos<\/strong><\/h3>\n\n\n\n<p class=\"wp-block-paragraph\">\u200bO otimismo moderado para 2026 contrasta com a vigil\u00e2ncia sobre os anos subsequentes. De acordo com os dados mais recentes do Focus:<\/p>\n\n\n\n<ul class=\"wp-block-list\">\n<li>\u200b<strong>2027:<\/strong> A proje\u00e7\u00e3o de infla\u00e7\u00e3o manteve-se em 3,80% pela 11\u00aa semana seguida.<\/li>\n\n\n\n<li>\u200b<strong>2028:<\/strong> Houve uma revis\u00e3o para cima na Selic esperada, que subiu de 9,88% para 10,00%, sinalizando que o mercado prev\u00ea juros em patamares de dois d\u00edgitos por um per\u00edodo mais prolongado do que o antecipado anteriormente.<\/li>\n<\/ul>\n\n\n\n<p class=\"wp-block-paragraph\">\u200bEspecialistas apontam que a redu\u00e7\u00e3o na proje\u00e7\u00e3o do IPCA para 2026 reflete uma leitura mais favor\u00e1vel dos pre\u00e7os administrados e uma poss\u00edvel desacelera\u00e7\u00e3o na in\u00e9rcia inflacion\u00e1ria, embora o cen\u00e1rio fiscal e as press\u00f5es globais continuem no radar das institui\u00e7\u00f5es financeiras.<\/p>\n","protected":false},"excerpt":{"rendered":"<p>O mercado financeiro revisou para baixo, pela segunda semana consecutiva, a expectativa para o \u00cdndice Nacional de Pre\u00e7os ao Consumidor Amplo (IPCA) de 2026. Segundo [&#8230;]<\/p>\n","protected":false},"author":1,"featured_media":2105,"comment_status":"open","ping_status":"open","sticky":false,"template":"","format":"standard","meta":{"_crdt_document":"","_jetpack_memberships_contains_paid_content":false,"footnotes":"","jetpack_publicize_message":"","jetpack_publicize_feature_enabled":true,"jetpack_social_post_already_shared":true,"jetpack_social_options":{"image_generator_settings":{"template":"highway","default_image_id":0,"font":"","enabled":false},"version":2}},"categories":[10],"tags":[],"class_list":["post-2104","post","type-post","status-publish","format-standard","has-post-thumbnail","hentry","category-economia"],"jetpack_publicize_connections":[],"jetpack_featured_media_url":"https:\/\/i0.wp.com\/oexpressobr.com.br\/wp-content\/uploads\/2026\/01\/banco_central_economia_0413202008.webp?fit=1170%2C700&ssl=1","jetpack_likes_enabled":true,"jetpack_sharing_enabled":true,"_links":{"self":[{"href":"https:\/\/oexpressobr.com.br\/index.php?rest_route=\/wp\/v2\/posts\/2104","targetHints":{"allow":["GET"]}}],"collection":[{"href":"https:\/\/oexpressobr.com.br\/index.php?rest_route=\/wp\/v2\/posts"}],"about":[{"href":"https:\/\/oexpressobr.com.br\/index.php?rest_route=\/wp\/v2\/types\/post"}],"author":[{"embeddable":true,"href":"https:\/\/oexpressobr.com.br\/index.php?rest_route=\/wp\/v2\/users\/1"}],"replies":[{"embeddable":true,"href":"https:\/\/oexpressobr.com.br\/index.php?rest_route=%2Fwp%2Fv2%2Fcomments&post=2104"}],"version-history":[{"count":1,"href":"https:\/\/oexpressobr.com.br\/index.php?rest_route=\/wp\/v2\/posts\/2104\/revisions"}],"predecessor-version":[{"id":2106,"href":"https:\/\/oexpressobr.com.br\/index.php?rest_route=\/wp\/v2\/posts\/2104\/revisions\/2106"}],"wp:featuredmedia":[{"embeddable":true,"href":"https:\/\/oexpressobr.com.br\/index.php?rest_route=\/wp\/v2\/media\/2105"}],"wp:attachment":[{"href":"https:\/\/oexpressobr.com.br\/index.php?rest_route=%2Fwp%2Fv2%2Fmedia&parent=2104"}],"wp:term":[{"taxonomy":"category","embeddable":true,"href":"https:\/\/oexpressobr.com.br\/index.php?rest_route=%2Fwp%2Fv2%2Fcategories&post=2104"},{"taxonomy":"post_tag","embeddable":true,"href":"https:\/\/oexpressobr.com.br\/index.php?rest_route=%2Fwp%2Fv2%2Ftags&post=2104"}],"curies":[{"name":"wp","href":"https:\/\/api.w.org\/{rel}","templated":true}]}}