{"id":2107,"date":"2026-01-19T12:49:37","date_gmt":"2026-01-19T15:49:37","guid":{"rendered":"https:\/\/oexpressobr.com.br\/?p=2107"},"modified":"2026-01-19T12:49:38","modified_gmt":"2026-01-19T15:49:38","slug":"cordao-do-boitata-estreia-como-megabloco-no-rio-e-celebra-30-anos-com-resgate-das-tradicoes","status":"publish","type":"post","link":"https:\/\/oexpressobr.com.br\/?p=2107","title":{"rendered":"Cord\u00e3o do Boitat\u00e1 estreia como megabloco no Rio e celebra 30 anos com resgate das tradi\u00e7\u00f5es"},"content":{"rendered":"\n<p class=\"wp-block-paragraph\">O cen\u00e1rio do Carnaval de rua carioca em 2026 traz uma mudan\u00e7a hist\u00f3rica para um de seus grupos mais emblem\u00e1ticos. O <strong>Cord\u00e3o do Boitat\u00e1<\/strong>, que completa tr\u00eas d\u00e9cadas de exist\u00eancia nesta segunda-feira (19), foi oficialmente integrado ao circuito dos megablocos da <strong>Riotur<\/strong>. Com desfile marcado para o dia <strong>8 de fevereiro<\/strong>, o grupo ocupar\u00e1 o prestigiado <strong>Circuito Preta Gil<\/strong>, na Rua Primeiro de Mar\u00e7o, marcando seu retorno ao Centro da cidade em uma escala sem precedentes.<\/p>\n\n\n\n<h3 class=\"wp-block-heading\">\u200bUm gigante sem eletricidade<\/h3>\n\n\n\n<p class=\"wp-block-paragraph\">\u200bDiferente dos demais megablocos que comp\u00f5em o calend\u00e1rio \u2014 como o Bloco da Anitta, o Monobloco e o Fervo da Lud \u2014, o Boitat\u00e1 mant\u00e9m sua ess\u00eancia &#8220;p\u00e9 no ch\u00e3o&#8221;. \u00c9 o \u00fanico entre os gigantes que n\u00e3o utiliza trios el\u00e9tricos ou carros de som. A m\u00fasica \u00e9 conduzida por uma orquestra de rua com mais de 250 m\u00fasicos, entre sopros e percuss\u00e3o, que tocam arranjos de mestres como Pixinguinha, Villa-Lobos e Maestro Duda para uma multid\u00e3o estimada em 50 mil pessoas.<\/p>\n\n\n\n<p class=\"wp-block-paragraph\">\u200bKiko Horta, um dos fundadores e diretor musical do bloco, destaca que a mudan\u00e7a para o circuito principal foi uma decis\u00e3o estrat\u00e9gica para garantir a infraestrutura necess\u00e1ria ao crescimento do grupo. &#8220;O Boitat\u00e1 \u00e9 o carnaval feito no corpo a corpo. O uso de drones no desfile de 2025 comprovou a dimens\u00e3o que o bloco tomou, e precis\u00e1vamos de um espa\u00e7o condizente para acolher nossos brincantes de forma plena&#8221;, afirmou.<\/p>\n\n\n\n<h3 class=\"wp-block-heading\">\u200bPrograma\u00e7\u00e3o e homenagens<\/h3>\n\n\n\n<p class=\"wp-block-paragraph\">\u200bAs celebra\u00e7\u00f5es dos 30 anos come\u00e7aram oficialmente hoje, dia de S\u00e3o Sebasti\u00e3o (padroeiro do Rio) e de Pixinguinha (patrono da orquestra), com um ensaio geral no Circo Voador. O desfile oficial no dia 8 de fevereiro ter\u00e1 concentra\u00e7\u00e3o \u00e0s 7h da manh\u00e3.<\/p>\n\n\n\n<p class=\"wp-block-paragraph\">\u200bA identidade visual do cortejo segue centrada na lenda da serpente de fogo \u2014 o Boitat\u00e1 \u2014, que simboliza a prote\u00e7\u00e3o da cultura popular e da natureza. Em 2022, o bloco foi reconhecido como <strong>Patrim\u00f4nio Cultural Imaterial do Estado do Rio de Janeiro<\/strong>, consolidando-se como um espa\u00e7o de diversidade e resist\u00eancia cultural.<\/p>\n\n\n\n<h3 class=\"wp-block-heading\">\u200bCalend\u00e1rio dos Megablocos 2026 (Circuito Preta Gil)<\/h3>\n\n\n\n<p class=\"wp-block-paragraph\">\u200bA Riotur confirmou que o Cord\u00e3o do Boitat\u00e1 faz parte de uma seleta lista de 10 megablocos que desfilar\u00e3o na Rua Primeiro de Mar\u00e7o este ano:<\/p>\n\n\n\n<ul class=\"wp-block-list\">\n<li>\u200b<strong>24\/01:<\/strong> Ch\u00e1 da Alice<\/li>\n\n\n\n<li>\u200b<strong>25\/01:<\/strong> Bloco da Lexa<\/li>\n\n\n\n<li>\u200b<strong>31\/01:<\/strong> Bloco da Gold (L\u00e9o Santana)<\/li>\n\n\n\n<li>\u200b<strong>01\/02:<\/strong> Ser\u00e1QAbre?<\/li>\n\n\n\n<li>\u200b<strong>07\/02:<\/strong> Bloco da Favorita<\/li>\n\n\n\n<li>\u200b<strong>08\/02: Cord\u00e3o do Boitat\u00e1<\/strong><\/li>\n\n\n\n<li>\u200b<strong>14\/02:<\/strong> Cord\u00e3o da Bola Preta<\/li>\n\n\n\n<li>\u200b<strong>17\/02:<\/strong> Fervo da Lud<\/li>\n\n\n\n<li>\u200b<strong>21\/02:<\/strong> Bloco da Anitta<\/li>\n\n\n\n<li>\u200b<strong>22\/02:<\/strong> Monobloco<\/li>\n<\/ul>\n\n\n\n<p class=\"wp-block-paragraph\">\u200bA prefeitura do Rio estima que o Carnaval de rua 2026 atraia cerca de seis milh\u00f5es de foli\u00f5es em mais de 460 desfiles autorizados por toda a cidade.<\/p>\n","protected":false},"excerpt":{"rendered":"<p>O cen\u00e1rio do Carnaval de rua carioca em 2026 traz uma mudan\u00e7a hist\u00f3rica para um de seus grupos mais emblem\u00e1ticos. O Cord\u00e3o do Boitat\u00e1, que [&#8230;]<\/p>\n","protected":false},"author":1,"featured_media":2108,"comment_status":"open","ping_status":"open","sticky":false,"template":"","format":"standard","meta":{"_crdt_document":"","_jetpack_memberships_contains_paid_content":false,"footnotes":"","jetpack_publicize_message":"","jetpack_publicize_feature_enabled":true,"jetpack_social_post_already_shared":true,"jetpack_social_options":{"image_generator_settings":{"template":"highway","default_image_id":0,"font":"","enabled":false},"version":2}},"categories":[3],"tags":[],"class_list":["post-2107","post","type-post","status-publish","format-standard","has-post-thumbnail","hentry","category-brasil"],"jetpack_publicize_connections":[],"jetpack_featured_media_url":"https:\/\/i0.wp.com\/oexpressobr.com.br\/wp-content\/uploads\/2026\/01\/boitata2020sabrina-134.webp?fit=1170%2C700&ssl=1","jetpack_likes_enabled":true,"jetpack_sharing_enabled":true,"_links":{"self":[{"href":"https:\/\/oexpressobr.com.br\/index.php?rest_route=\/wp\/v2\/posts\/2107","targetHints":{"allow":["GET"]}}],"collection":[{"href":"https:\/\/oexpressobr.com.br\/index.php?rest_route=\/wp\/v2\/posts"}],"about":[{"href":"https:\/\/oexpressobr.com.br\/index.php?rest_route=\/wp\/v2\/types\/post"}],"author":[{"embeddable":true,"href":"https:\/\/oexpressobr.com.br\/index.php?rest_route=\/wp\/v2\/users\/1"}],"replies":[{"embeddable":true,"href":"https:\/\/oexpressobr.com.br\/index.php?rest_route=%2Fwp%2Fv2%2Fcomments&post=2107"}],"version-history":[{"count":1,"href":"https:\/\/oexpressobr.com.br\/index.php?rest_route=\/wp\/v2\/posts\/2107\/revisions"}],"predecessor-version":[{"id":2109,"href":"https:\/\/oexpressobr.com.br\/index.php?rest_route=\/wp\/v2\/posts\/2107\/revisions\/2109"}],"wp:featuredmedia":[{"embeddable":true,"href":"https:\/\/oexpressobr.com.br\/index.php?rest_route=\/wp\/v2\/media\/2108"}],"wp:attachment":[{"href":"https:\/\/oexpressobr.com.br\/index.php?rest_route=%2Fwp%2Fv2%2Fmedia&parent=2107"}],"wp:term":[{"taxonomy":"category","embeddable":true,"href":"https:\/\/oexpressobr.com.br\/index.php?rest_route=%2Fwp%2Fv2%2Fcategories&post=2107"},{"taxonomy":"post_tag","embeddable":true,"href":"https:\/\/oexpressobr.com.br\/index.php?rest_route=%2Fwp%2Fv2%2Ftags&post=2107"}],"curies":[{"name":"wp","href":"https:\/\/api.w.org\/{rel}","templated":true}]}}