{"id":2110,"date":"2026-01-19T12:54:50","date_gmt":"2026-01-19T15:54:50","guid":{"rendered":"https:\/\/oexpressobr.com.br\/?p=2110"},"modified":"2026-01-19T12:54:51","modified_gmt":"2026-01-19T15:54:51","slug":"danca-das-cadeiras-na-faria-lima-seis-empresas-da-bolsa-trocam-de-ceo-no-inicio-de-2026","status":"publish","type":"post","link":"https:\/\/oexpressobr.com.br\/?p=2110","title":{"rendered":"Dan\u00e7a das cadeiras na Faria Lima: seis empresas da Bolsa trocam de CEO no in\u00edcio de 2026"},"content":{"rendered":"\n<p class=\"wp-block-paragraph\">O mercado de capitais brasileiro iniciou o ano em ritmo acelerado de mudan\u00e7as no comando. Em apenas algumas semanas, seis grandes companhias listadas na B3 anunciaram a substitui\u00e7\u00e3o de seus Diretores Executivos (CEOs). Embora cada caso apresente particularidades, o movimento sinaliza uma impaci\u00eancia generalizada dos conselhos de administra\u00e7\u00e3o com resultados estagnados e a urg\u00eancia por novas rotas de crescimento.<\/p>\n\n\n\n<h3 class=\"wp-block-heading\">\u200bO cen\u00e1rio: Press\u00e3o por resultados e nova governan\u00e7a<\/h3>\n\n\n\n<p class=\"wp-block-paragraph\">\u200bA virada de ano costuma ser um per\u00edodo natural de transi\u00e7\u00e3o, mas o volume de trocas em 2026 chama a aten\u00e7\u00e3o de analistas. O pano de fundo \u00e9 uma combina\u00e7\u00e3o de <strong>balan\u00e7os pressionados<\/strong> pelo custo de capital e a necessidade de <strong>digitaliza\u00e7\u00e3o operacional<\/strong> que muitos nomes da &#8220;velha guarda&#8221; n\u00e3o conseguiram implementar com a velocidade exigida.<\/p>\n\n\n\n<p class=\"wp-block-paragraph\">\u200bEntre os principais motivos citados por especialistas e comunicados ao mercado, destacam-se:<\/p>\n\n\n\n<ul class=\"wp-block-list\">\n<li>\u200b<strong>Desafios Operacionais:<\/strong> Dificuldade em recuperar margens de lucro ap\u00f3s um 2025 de consumo vol\u00e1til.<\/li>\n\n\n\n<li>\u200b<strong>Realinhamento Estrat\u00e9gico:<\/strong> Mudan\u00e7a no perfil do executivo, saindo de gestores focados em corte de custos para l\u00edderes focados em expans\u00e3o e inova\u00e7\u00e3o.<\/li>\n\n\n\n<li>\u200b<strong>Expectativas dos Acionistas:<\/strong> Press\u00e3o de fundos de investimento por uma comunica\u00e7\u00e3o mais transparente e metas de ESG mais agressivas.<\/li>\n<\/ul>\n\n\n\n<h3 class=\"wp-block-heading\">\u200bAs movimenta\u00e7\u00f5es de destaque<\/h3>\n\n\n\n<p class=\"wp-block-paragraph\">\u200bEmbora o sigilo em torno das demiss\u00f5es seja comum, os fatos relevantes enviados \u00e0 CVM (Comiss\u00e3o de Valores Mobili\u00e1rios) apontam para uma busca por &#8220;sangue novo&#8221;. Setores como <strong>Varejo<\/strong> e <strong>Tecnologia<\/strong> lideram as trocas, refletindo a volatilidade desses segmentos no \u00faltimo ciclo econ\u00f4mico.<\/p>\n\n\n\n<blockquote class=\"wp-block-quote is-layout-flow wp-block-quote-is-layout-flow\">\n<p class=\"wp-block-paragraph\">\u200b&#8221;O mercado n\u00e3o aceita mais o &#8216;esperar para ver&#8217;. O ano de 2026 \u00e9 visto como o divisor de \u00e1guas para a consolida\u00e7\u00e3o de muitas teses de investimento, e quem n\u00e3o entregou o prometido em 2025 est\u00e1 sendo substitu\u00eddo agora&#8221;, afirma um analista de investimentos da Faria Lima.<\/p>\n<\/blockquote>\n\n\n\n<h3 class=\"wp-block-heading\">\u200bO que esperar para o restante do semestre<\/h3>\n\n\n\n<p class=\"wp-block-paragraph\">\u200bA expectativa \u00e9 que essas mudan\u00e7as gerem uma <strong>volatilidade de curto prazo<\/strong> nas a\u00e7\u00f5es das respectivas empresas, enquanto os novos CEOs apresentam seus planos de 100 dias. Investidores est\u00e3o atentos n\u00e3o apenas aos nomes escolhidos, mas \u00e0 capacidade desses l\u00edderes de navegar em um cen\u00e1rio de juros que ainda exige disciplina financeira rigorosa.<\/p>\n\n\n\n<p class=\"wp-block-paragraph\">\u200bA &#8220;dan\u00e7a das cadeiras&#8221; pode n\u00e3o ter terminado. Com a temporada de balan\u00e7os do quarto trimestre de 2025 se aproximando, novos ajustes na alta c\u00fapula de outras gigantes da Bolsa n\u00e3o est\u00e3o descartados.<\/p>\n","protected":false},"excerpt":{"rendered":"<p>O mercado de capitais brasileiro iniciou o ano em ritmo acelerado de mudan\u00e7as no comando. Em apenas algumas semanas, seis grandes companhias listadas na B3 [&#8230;]<\/p>\n","protected":false},"author":1,"featured_media":2111,"comment_status":"open","ping_status":"open","sticky":false,"template":"","format":"standard","meta":{"_crdt_document":"","_jetpack_memberships_contains_paid_content":false,"footnotes":"","jetpack_publicize_message":"","jetpack_publicize_feature_enabled":true,"jetpack_social_post_already_shared":true,"jetpack_social_options":{"image_generator_settings":{"template":"highway","default_image_id":0,"font":"","enabled":false},"version":2}},"categories":[10],"tags":[],"class_list":["post-2110","post","type-post","status-publish","format-standard","has-post-thumbnail","hentry","category-economia"],"jetpack_publicize_connections":[],"jetpack_featured_media_url":"https:\/\/i0.wp.com\/oexpressobr.com.br\/wp-content\/uploads\/2026\/01\/IMG-20260119-WA0348.jpg?fit=750%2C500&ssl=1","jetpack_likes_enabled":true,"jetpack_sharing_enabled":true,"_links":{"self":[{"href":"https:\/\/oexpressobr.com.br\/index.php?rest_route=\/wp\/v2\/posts\/2110","targetHints":{"allow":["GET"]}}],"collection":[{"href":"https:\/\/oexpressobr.com.br\/index.php?rest_route=\/wp\/v2\/posts"}],"about":[{"href":"https:\/\/oexpressobr.com.br\/index.php?rest_route=\/wp\/v2\/types\/post"}],"author":[{"embeddable":true,"href":"https:\/\/oexpressobr.com.br\/index.php?rest_route=\/wp\/v2\/users\/1"}],"replies":[{"embeddable":true,"href":"https:\/\/oexpressobr.com.br\/index.php?rest_route=%2Fwp%2Fv2%2Fcomments&post=2110"}],"version-history":[{"count":1,"href":"https:\/\/oexpressobr.com.br\/index.php?rest_route=\/wp\/v2\/posts\/2110\/revisions"}],"predecessor-version":[{"id":2112,"href":"https:\/\/oexpressobr.com.br\/index.php?rest_route=\/wp\/v2\/posts\/2110\/revisions\/2112"}],"wp:featuredmedia":[{"embeddable":true,"href":"https:\/\/oexpressobr.com.br\/index.php?rest_route=\/wp\/v2\/media\/2111"}],"wp:attachment":[{"href":"https:\/\/oexpressobr.com.br\/index.php?rest_route=%2Fwp%2Fv2%2Fmedia&parent=2110"}],"wp:term":[{"taxonomy":"category","embeddable":true,"href":"https:\/\/oexpressobr.com.br\/index.php?rest_route=%2Fwp%2Fv2%2Fcategories&post=2110"},{"taxonomy":"post_tag","embeddable":true,"href":"https:\/\/oexpressobr.com.br\/index.php?rest_route=%2Fwp%2Fv2%2Ftags&post=2110"}],"curies":[{"name":"wp","href":"https:\/\/api.w.org\/{rel}","templated":true}]}}