{"id":2113,"date":"2026-01-19T12:59:16","date_gmt":"2026-01-19T15:59:16","guid":{"rendered":"https:\/\/oexpressobr.com.br\/?p=2113"},"modified":"2026-01-19T12:59:17","modified_gmt":"2026-01-19T15:59:17","slug":"da-demissao-por-genero-ao-comando-da-petrobras-a-trajetoria-de-magda-chambriard","status":"publish","type":"post","link":"https:\/\/oexpressobr.com.br\/?p=2113","title":{"rendered":"Da demiss\u00e3o por g\u00eanero ao comando da Petrobras: a trajet\u00f3ria de Magda Chambriard"},"content":{"rendered":"\n<p class=\"wp-block-paragraph\">A hist\u00f3ria de <strong>Magda Chambriard<\/strong>, atual presidente da <strong>Petrobras<\/strong>, \u00e9 um arco de resili\u00eancia que simboliza a mudan\u00e7a de \u00e9poca no setor de energia brasileiro. Em recente entrevista ao podcast <em>&#8220;De frente com CEO&#8221;<\/em>, da Exame, a executiva relembrou um epis\u00f3dio determinante em sua carreira: o dia em que foi demitida de uma empresa de engenharia sob a justificativa direta de que a companhia &#8220;n\u00e3o contratava mulheres&#8221; para cargos de lideran\u00e7a ou campo.<\/p>\n\n\n\n<p class=\"wp-block-paragraph\">\u200bHoje, Magda n\u00e3o apenas ocupa o cargo mais alto da maior empresa do pa\u00eds, como tamb\u00e9m carrega a miss\u00e3o de equilibrar a transi\u00e7\u00e3o energ\u00e9tica com a necessidade de manter a autossufici\u00eancia em petr\u00f3leo.<\/p>\n\n\n\n<h3 class=\"wp-block-heading\">\u200bOs desafios da nova gest\u00e3o e a Margem Equatorial<\/h3>\n\n\n\n<p class=\"wp-block-paragraph\">\u200bDesde que assumiu o comando em maio de 2024, substituindo Jean Paul Prates, Chambriard tem focado em destravar investimentos e acelerar projetos de explora\u00e7\u00e3o. O ponto central de sua agenda \u00e9 a <strong>Margem Equatorial<\/strong>, uma vasta \u00e1rea no litoral norte do Brasil que \u00e9 vista como o &#8220;novo Pr\u00e9-sal&#8221;.<\/p>\n\n\n\n<ul class=\"wp-block-list\">\n<li>\u200b<strong>Foco em Explora\u00e7\u00e3o:<\/strong> Magda defende que a Petrobras precisa repor suas reservas para garantir a seguran\u00e7a energ\u00e9tica nacional nas pr\u00f3ximas d\u00e9cadas.<\/li>\n\n\n\n<li>\u200b<strong>Di\u00e1logo Institucional:<\/strong> A executiva tem intensificado conversas com o IBAMA para viabilizar o licenciamento ambiental da Bacia da Foz do Amazonas, um tema sens\u00edvel que gera debates entre o setor produtivo e ambientalistas.<\/li>\n\n\n\n<li>\u200b<strong>Conte\u00fado Local:<\/strong> Outra bandeira forte da sua gest\u00e3o \u00e9 a revitaliza\u00e7\u00e3o da ind\u00fastria naval brasileira, buscando utilizar a demanda da Petrobras por plataformas e navios para gerar empregos e tecnologia dentro do Brasil.<\/li>\n<\/ul>\n\n\n\n<h3 class=\"wp-block-heading\">\u200bUm novo olhar sobre a lideran\u00e7a feminina<\/h3>\n\n\n\n<p class=\"wp-block-paragraph\">\u200bA trajet\u00f3ria de Magda serve como um estudo de caso sobre a ocupa\u00e7\u00e3o de espa\u00e7os historicamente masculinos. Engenheira qu\u00edmica por forma\u00e7\u00e3o e com longa passagem pela <strong>ANP (Ag\u00eancia Nacional do Petr\u00f3leo)<\/strong>, ela traz uma vis\u00e3o t\u00e9cnica e regulat\u00f3ria para o comando da estatal.<\/p>\n\n\n\n<blockquote class=\"wp-block-quote is-layout-flow wp-block-quote-is-layout-flow\">\n<p class=\"wp-block-paragraph\">\u200b&#8221;A compet\u00eancia t\u00e9cnica n\u00e3o tem g\u00eanero, mas a oportunidade muitas vezes ainda tem. Ver uma mulher liderando a Petrobras \u00e9 um sinal de que os crit\u00e9rios de m\u00e9rito est\u00e3o finalmente vencendo barreiras arcaicas&#8221;, comentou Chambriard durante a entrevista.<\/p>\n<\/blockquote>\n\n\n\n<h3 class=\"wp-block-heading\">\u200bO que esperar para os pr\u00f3ximos meses<\/h3>\n\n\n\n<p class=\"wp-block-paragraph\">\u200bO mercado financeiro observa de perto os pr\u00f3ximos passos da petroleira sob sua lideran\u00e7a. Os principais indicadores de sucesso para 2025 e 2026 incluem:<\/p>\n\n\n\n<ol class=\"wp-block-list\">\n<li>\u200b<strong>Plano de Neg\u00f3cios e Estrat\u00e9gia:<\/strong> A manuten\u00e7\u00e3o de dividendos atrativos enquanto a empresa aumenta o investimento em refino e fertilizantes.<\/li>\n\n\n\n<li>\u200b<strong>Transi\u00e7\u00e3o Energ\u00e9tica:<\/strong> O avan\u00e7o em projetos de e\u00f3lica offshore e hidrog\u00eanio verde, alinhando a empresa \u00e0s metas globais de descarboniza\u00e7\u00e3o.<\/li>\n\n\n\n<li>\u200b<strong>Estabilidade Pol\u00edtica:<\/strong> A capacidade de Magda em navegar as press\u00f5es do governo federal por pre\u00e7os de combust\u00edveis competitivos sem comprometer a sa\u00fade financeira da companhia.<\/li>\n<\/ol>\n","protected":false},"excerpt":{"rendered":"<p>A hist\u00f3ria de Magda Chambriard, atual presidente da Petrobras, \u00e9 um arco de resili\u00eancia que simboliza a mudan\u00e7a de \u00e9poca no setor de energia brasileiro. [&#8230;]<\/p>\n","protected":false},"author":1,"featured_media":2114,"comment_status":"open","ping_status":"open","sticky":false,"template":"","format":"standard","meta":{"_crdt_document":"","_jetpack_memberships_contains_paid_content":false,"footnotes":"","jetpack_publicize_message":"","jetpack_publicize_feature_enabled":true,"jetpack_social_post_already_shared":true,"jetpack_social_options":{"image_generator_settings":{"template":"highway","default_image_id":0,"font":"","enabled":false},"version":2}},"categories":[10],"tags":[],"class_list":["post-2113","post","type-post","status-publish","format-standard","has-post-thumbnail","hentry","category-economia"],"jetpack_publicize_connections":[],"jetpack_featured_media_url":"https:\/\/i0.wp.com\/oexpressobr.com.br\/wp-content\/uploads\/2026\/01\/IMG-20260119-WA0349.jpg?fit=750%2C500&ssl=1","jetpack_likes_enabled":true,"jetpack_sharing_enabled":true,"_links":{"self":[{"href":"https:\/\/oexpressobr.com.br\/index.php?rest_route=\/wp\/v2\/posts\/2113","targetHints":{"allow":["GET"]}}],"collection":[{"href":"https:\/\/oexpressobr.com.br\/index.php?rest_route=\/wp\/v2\/posts"}],"about":[{"href":"https:\/\/oexpressobr.com.br\/index.php?rest_route=\/wp\/v2\/types\/post"}],"author":[{"embeddable":true,"href":"https:\/\/oexpressobr.com.br\/index.php?rest_route=\/wp\/v2\/users\/1"}],"replies":[{"embeddable":true,"href":"https:\/\/oexpressobr.com.br\/index.php?rest_route=%2Fwp%2Fv2%2Fcomments&post=2113"}],"version-history":[{"count":1,"href":"https:\/\/oexpressobr.com.br\/index.php?rest_route=\/wp\/v2\/posts\/2113\/revisions"}],"predecessor-version":[{"id":2115,"href":"https:\/\/oexpressobr.com.br\/index.php?rest_route=\/wp\/v2\/posts\/2113\/revisions\/2115"}],"wp:featuredmedia":[{"embeddable":true,"href":"https:\/\/oexpressobr.com.br\/index.php?rest_route=\/wp\/v2\/media\/2114"}],"wp:attachment":[{"href":"https:\/\/oexpressobr.com.br\/index.php?rest_route=%2Fwp%2Fv2%2Fmedia&parent=2113"}],"wp:term":[{"taxonomy":"category","embeddable":true,"href":"https:\/\/oexpressobr.com.br\/index.php?rest_route=%2Fwp%2Fv2%2Fcategories&post=2113"},{"taxonomy":"post_tag","embeddable":true,"href":"https:\/\/oexpressobr.com.br\/index.php?rest_route=%2Fwp%2Fv2%2Ftags&post=2113"}],"curies":[{"name":"wp","href":"https:\/\/api.w.org\/{rel}","templated":true}]}}