{"id":2116,"date":"2026-01-19T13:20:26","date_gmt":"2026-01-19T16:20:26","guid":{"rendered":"https:\/\/oexpressobr.com.br\/?p=2116"},"modified":"2026-01-19T13:20:27","modified_gmt":"2026-01-19T16:20:27","slug":"saida-de-haddad-da-fazenda-nao-abala-o-mercado-financeiro-e-indica-continuidade-tecnica","status":"publish","type":"post","link":"https:\/\/oexpressobr.com.br\/?p=2116","title":{"rendered":"Sa\u00edda de Haddad da Fazenda n\u00e3o abala o mercado financeiro e indica continuidade t\u00e9cnica"},"content":{"rendered":"\n<p class=\"wp-block-paragraph\"><strong>Investidores veem mudan\u00e7a como &#8220;dan\u00e7a das cadeiras&#8221; em cen\u00e1rio fiscal j\u00e1 precificado; Dario Durigan surge como nome de confian\u00e7a para manter a pol\u00edtica econ\u00f4mica atual<\/strong><\/p>\n\n\n\n<p class=\"wp-block-paragraph\">\u200bA confirma\u00e7\u00e3o de que Fernando Haddad deixar\u00e1 o Minist\u00e9rio da Fazenda ainda no in\u00edcio de 2026 n\u00e3o provocou os habituais solavancos no mercado financeiro. Embora a sa\u00edda de um &#8220;posto ipiranga&#8221; costume gerar volatilidade, o sentimento na Faria Lima \u00e9 de que o ciclo de Haddad cumpriu seu papel principal e que a estrutura deixada por ele oferece previsibilidade, mesmo diante de um cen\u00e1rio fiscal que ainda exige cautela.<\/p>\n\n\n\n<h3 class=\"wp-block-heading\">\u200bO fator sucess\u00e3o: Dario Durigan no radar<\/h3>\n\n\n\n<p class=\"wp-block-paragraph\">\u200bO principal motivo para a aus\u00eancia de p\u00e2nico \u00e9 o nome do prov\u00e1vel sucessor. O secret\u00e1rio-executivo da Fazenda, <strong>Dario Durigan<\/strong>, \u00e9 visto como o herdeiro natural e um garantidor da continuidade. Por ser o bra\u00e7o direito de Haddad, Durigan j\u00e1 possui tr\u00e2nsito livre no Congresso e \u00e9 bem avaliado por grandes players do mercado por seu perfil t\u00e9cnico.<\/p>\n\n\n\n<p class=\"wp-block-paragraph\">\u200bPara os investidores, a entrada de Durigan representa uma &#8220;solu\u00e7\u00e3o caseira&#8221; que evita guinadas ideol\u00f3gicas na economia. &#8220;O mercado n\u00e3o v\u00ea a sa\u00edda como uma ruptura, mas como uma transi\u00e7\u00e3o planejada dentro de uma equipe que j\u00e1 demonstrou como trabalha&#8221;, avaliam analistas do setor.<\/p>\n\n\n\n<h3 class=\"wp-block-heading\">\u200bMiss\u00e3o cumprida e foco em 2026<\/h3>\n\n\n\n<p class=\"wp-block-paragraph\">\u200bHaddad tem reiterado em entrevistas recentes, como \u00e0 jornalista M\u00edriam Leit\u00e3o e ao portal UOL, que sua sa\u00edda n\u00e3o visa uma candidatura pr\u00f3pria em 2026. O ministro expressou o desejo de atuar na coordena\u00e7\u00e3o do projeto de pa\u00eds e na campanha de reelei\u00e7\u00e3o do presidente Luiz In\u00e1cio Lula da Silva, deixando a linha de frente da execu\u00e7\u00e3o econ\u00f4mica ap\u00f3s tr\u00eas anos de intenso desgaste, mas com entregas significativas, como a aprova\u00e7\u00e3o da Reforma Tribut\u00e1ria e o desenho do novo Arcabou\u00e7o Fiscal.<\/p>\n\n\n\n<h3 class=\"wp-block-heading\">\u200bDesafios no horizonte<\/h3>\n\n\n\n<p class=\"wp-block-paragraph\">\u200bApesar da calmaria na transi\u00e7\u00e3o de nomes, o mercado mant\u00e9m o sinal amarelo para o <strong>cen\u00e1rio fiscal<\/strong>. A estabilidade atual n\u00e3o significa um &#8220;cheque em branco&#8221;, mas sim que os investidores j\u00e1 precificaram os problemas estruturais \u2014 como a dificuldade em cumprir metas de d\u00e9ficit zero e o impacto de fatores externos, como a pol\u00edtica econ\u00f4mica de Donald Trump nos Estados Unidos.<\/p>\n\n\n\n<p class=\"wp-block-paragraph\">\u200bA sa\u00edda de Haddad \u00e9 lida como o fim de um cap\u00edtulo t\u00e9cnico-pol\u00edtico onde ele atuou como um &#8220;amortecedor&#8221; entre a ala desenvolvimentista do PT e o rigor exigido pelo mercado. Agora, o foco se volta para como o novo comando da Fazenda lidar\u00e1 com a press\u00e3o por gastos em um ano eleitoral.<\/p>\n\n\n\n<p class=\"wp-block-paragraph\">\u200b<strong>Os pontos-chave da transi\u00e7\u00e3o:<\/strong><\/p>\n\n\n\n<ul class=\"wp-block-list\">\n<li>\u200b<strong>Continuidade:<\/strong> Dario Durigan \u00e9 o nome preferido para manter a agenda atual.<\/li>\n\n\n\n<li>\u200b<strong>Sem Ru\u00eddos:<\/strong> A sa\u00edda foi antecipada e discutida abertamente, eliminando o fator surpresa.<\/li>\n\n\n\n<li>\u200b<strong>Foco Pol\u00edtico:<\/strong> Haddad deve se dedicar \u00e0 estrat\u00e9gia pol\u00edtica de Lula, saindo do desgaste di\u00e1rio da economia.<\/li>\n\n\n\n<li>\u200b<strong>Credibilidade:<\/strong> O mercado foca mais nas institui\u00e7\u00f5es (Banco Central independente e regras fiscais) do que em personalidades individuais.<\/li>\n<\/ul>\n","protected":false},"excerpt":{"rendered":"<p>Investidores veem mudan\u00e7a como &#8220;dan\u00e7a das cadeiras&#8221; em cen\u00e1rio fiscal j\u00e1 precificado; Dario Durigan surge como nome de confian\u00e7a para manter a pol\u00edtica econ\u00f4mica atual [&#8230;]<\/p>\n","protected":false},"author":1,"featured_media":2117,"comment_status":"open","ping_status":"open","sticky":false,"template":"","format":"standard","meta":{"_crdt_document":"","_jetpack_memberships_contains_paid_content":false,"footnotes":"","jetpack_publicize_message":"","jetpack_publicize_feature_enabled":true,"jetpack_social_post_already_shared":true,"jetpack_social_options":{"image_generator_settings":{"template":"highway","default_image_id":0,"font":"","enabled":false},"version":2}},"categories":[10],"tags":[],"class_list":["post-2116","post","type-post","status-publish","format-standard","has-post-thumbnail","hentry","category-economia"],"jetpack_publicize_connections":[],"jetpack_featured_media_url":"https:\/\/i0.wp.com\/oexpressobr.com.br\/wp-content\/uploads\/2026\/01\/FERNANDO-HADDAD-2024-9-b.jpg.jpg?fit=414%2C280&ssl=1","jetpack_likes_enabled":true,"jetpack_sharing_enabled":true,"_links":{"self":[{"href":"https:\/\/oexpressobr.com.br\/index.php?rest_route=\/wp\/v2\/posts\/2116","targetHints":{"allow":["GET"]}}],"collection":[{"href":"https:\/\/oexpressobr.com.br\/index.php?rest_route=\/wp\/v2\/posts"}],"about":[{"href":"https:\/\/oexpressobr.com.br\/index.php?rest_route=\/wp\/v2\/types\/post"}],"author":[{"embeddable":true,"href":"https:\/\/oexpressobr.com.br\/index.php?rest_route=\/wp\/v2\/users\/1"}],"replies":[{"embeddable":true,"href":"https:\/\/oexpressobr.com.br\/index.php?rest_route=%2Fwp%2Fv2%2Fcomments&post=2116"}],"version-history":[{"count":1,"href":"https:\/\/oexpressobr.com.br\/index.php?rest_route=\/wp\/v2\/posts\/2116\/revisions"}],"predecessor-version":[{"id":2118,"href":"https:\/\/oexpressobr.com.br\/index.php?rest_route=\/wp\/v2\/posts\/2116\/revisions\/2118"}],"wp:featuredmedia":[{"embeddable":true,"href":"https:\/\/oexpressobr.com.br\/index.php?rest_route=\/wp\/v2\/media\/2117"}],"wp:attachment":[{"href":"https:\/\/oexpressobr.com.br\/index.php?rest_route=%2Fwp%2Fv2%2Fmedia&parent=2116"}],"wp:term":[{"taxonomy":"category","embeddable":true,"href":"https:\/\/oexpressobr.com.br\/index.php?rest_route=%2Fwp%2Fv2%2Fcategories&post=2116"},{"taxonomy":"post_tag","embeddable":true,"href":"https:\/\/oexpressobr.com.br\/index.php?rest_route=%2Fwp%2Fv2%2Ftags&post=2116"}],"curies":[{"name":"wp","href":"https:\/\/api.w.org\/{rel}","templated":true}]}}