{"id":2119,"date":"2026-01-19T14:57:19","date_gmt":"2026-01-19T17:57:19","guid":{"rendered":"https:\/\/oexpressobr.com.br\/?p=2119"},"modified":"2026-01-19T14:57:20","modified_gmt":"2026-01-19T17:57:20","slug":"vice-prefeito-de-doutor-camargo-e-preso-com-moto-furtada-durante-blitz-da-pm","status":"publish","type":"post","link":"https:\/\/oexpressobr.com.br\/?p=2119","title":{"rendered":"Vice-prefeito de Doutor Camargo \u00e9 preso com moto furtada durante blitz da PM"},"content":{"rendered":"\n<p class=\"wp-block-paragraph\">O cen\u00e1rio pol\u00edtico da cidade de Doutor Camargo, no norte do Paran\u00e1, foi abalado no \u00faltimo fim de semana com a pris\u00e3o em flagrante do vice-prefeito Adalto Pezzotti Bernardino (Podemos). A deten\u00e7\u00e3o ocorreu na tarde de s\u00e1bado (17), ap\u00f3s uma abordagem de rotina realizada pela Pol\u00edcia Militar (PM-PR) em uma blitz no per\u00edmetro urbano do munic\u00edpio.<\/p>\n\n\n\n<p class=\"wp-block-paragraph\">\u200bDurante a fiscaliza\u00e7\u00e3o, os policiais identificaram que a motocicleta conduzida pelo pol\u00edtico possu\u00eda um alerta de furto registrado no sistema. Bernardino foi imediatamente detido e encaminhado \u00e0 delegacia para prestar esclarecimentos.<\/p>\n\n\n\n<h3 class=\"wp-block-heading\">\u200b<strong>Investiga\u00e7\u00e3o e Defesa<\/strong><\/h3>\n\n\n\n<p class=\"wp-block-paragraph\">\u200bEm nota oficial emitida logo ap\u00f3s o ocorrido, Adalto Pezzotti Bernardino afirmou que n\u00e3o tinha conhecimento da proced\u00eancia il\u00edcita do ve\u00edculo. Segundo a defesa do vice-prefeito, ele teria adquirido a motocicleta de boa-f\u00e9 e desconhecia qualquer irregularidade documental ou criminal associada ao bem.<\/p>\n\n\n\n<p class=\"wp-block-paragraph\">\u200bO caso agora segue sob investiga\u00e7\u00e3o da Pol\u00edcia Civil, que busca apurar a cadeia de venda do ve\u00edculo para confirmar a vers\u00e3o do pol\u00edtico ou verificar se houve crime de recepta\u00e7\u00e3o culposa ou dolosa.<\/p>\n\n\n\n<h3 class=\"wp-block-heading\">\u200b<strong>Contexto Pol\u00edtico<\/strong><\/h3>\n\n\n\n<p class=\"wp-block-paragraph\">\u200bA pris\u00e3o de Bernardino ocorre em um momento de aten\u00e7\u00e3o para a gest\u00e3o municipal de Doutor Camargo. O pol\u00edtico, que \u00e9 empres\u00e1rio e foi eleito pelo partido Podemos, poder\u00e1 enfrentar desdobramentos administrativos e pol\u00edticos junto \u00e0 C\u00e2mara de Vereadores, dependendo do avan\u00e7o do inqu\u00e9rito policial.<\/p>\n\n\n\n<p class=\"wp-block-paragraph\">\u200bRecentemente, a regi\u00e3o tem sido alvo de opera\u00e7\u00f5es contra fraudes e desvios de recursos p\u00fablicos, mas, at\u00e9 o momento, n\u00e3o h\u00e1 informa\u00e7\u00f5es de que a pris\u00e3o deste s\u00e1bado tenha rela\u00e7\u00e3o com outras investiga\u00e7\u00f5es em curso na prefeitura.<\/p>\n\n\n\n<p class=\"wp-block-paragraph\">\u200bO espa\u00e7o segue aberto para futuras manifesta\u00e7\u00f5es do partido Podemos e de novos detalhes da investiga\u00e7\u00e3o que correm na comarca local.<\/p>\n","protected":false},"excerpt":{"rendered":"<p>O cen\u00e1rio pol\u00edtico da cidade de Doutor Camargo, no norte do Paran\u00e1, foi abalado no \u00faltimo fim de semana com a pris\u00e3o em flagrante do [&#8230;]<\/p>\n","protected":false},"author":1,"featured_media":2120,"comment_status":"open","ping_status":"open","sticky":false,"template":"","format":"standard","meta":{"_crdt_document":"","_jetpack_memberships_contains_paid_content":false,"footnotes":"","jetpack_publicize_message":"","jetpack_publicize_feature_enabled":true,"jetpack_social_post_already_shared":true,"jetpack_social_options":{"image_generator_settings":{"template":"highway","default_image_id":0,"font":"","enabled":false},"version":2}},"categories":[5],"tags":[],"class_list":["post-2119","post","type-post","status-publish","format-standard","has-post-thumbnail","hentry","category-parana"],"jetpack_publicize_connections":[],"jetpack_featured_media_url":"https:\/\/i0.wp.com\/oexpressobr.com.br\/wp-content\/uploads\/2026\/01\/httpsportalnorte.com_.brwp-adminpost.phppost-292629-action-edit-62-.jpg?fit=984%2C656&ssl=1","jetpack_likes_enabled":true,"jetpack_sharing_enabled":true,"_links":{"self":[{"href":"https:\/\/oexpressobr.com.br\/index.php?rest_route=\/wp\/v2\/posts\/2119","targetHints":{"allow":["GET"]}}],"collection":[{"href":"https:\/\/oexpressobr.com.br\/index.php?rest_route=\/wp\/v2\/posts"}],"about":[{"href":"https:\/\/oexpressobr.com.br\/index.php?rest_route=\/wp\/v2\/types\/post"}],"author":[{"embeddable":true,"href":"https:\/\/oexpressobr.com.br\/index.php?rest_route=\/wp\/v2\/users\/1"}],"replies":[{"embeddable":true,"href":"https:\/\/oexpressobr.com.br\/index.php?rest_route=%2Fwp%2Fv2%2Fcomments&post=2119"}],"version-history":[{"count":1,"href":"https:\/\/oexpressobr.com.br\/index.php?rest_route=\/wp\/v2\/posts\/2119\/revisions"}],"predecessor-version":[{"id":2121,"href":"https:\/\/oexpressobr.com.br\/index.php?rest_route=\/wp\/v2\/posts\/2119\/revisions\/2121"}],"wp:featuredmedia":[{"embeddable":true,"href":"https:\/\/oexpressobr.com.br\/index.php?rest_route=\/wp\/v2\/media\/2120"}],"wp:attachment":[{"href":"https:\/\/oexpressobr.com.br\/index.php?rest_route=%2Fwp%2Fv2%2Fmedia&parent=2119"}],"wp:term":[{"taxonomy":"category","embeddable":true,"href":"https:\/\/oexpressobr.com.br\/index.php?rest_route=%2Fwp%2Fv2%2Fcategories&post=2119"},{"taxonomy":"post_tag","embeddable":true,"href":"https:\/\/oexpressobr.com.br\/index.php?rest_route=%2Fwp%2Fv2%2Ftags&post=2119"}],"curies":[{"name":"wp","href":"https:\/\/api.w.org\/{rel}","templated":true}]}}