{"id":2125,"date":"2026-01-20T06:00:57","date_gmt":"2026-01-20T09:00:57","guid":{"rendered":"https:\/\/oexpressobr.com.br\/?p=2125"},"modified":"2026-01-20T06:00:59","modified_gmt":"2026-01-20T09:00:59","slug":"enamed-mec-avalia-resultados-da-primeira-edicao-sob-pressao-por-criterios-de-punicao-a-faculdades","status":"publish","type":"post","link":"https:\/\/oexpressobr.com.br\/?p=2125","title":{"rendered":"Enamed: MEC avalia resultados da primeira edi\u00e7\u00e3o sob press\u00e3o por crit\u00e9rios de puni\u00e7\u00e3o a faculdades"},"content":{"rendered":"\n<p class=\"wp-block-paragraph\">A divulga\u00e7\u00e3o dos resultados da primeira edi\u00e7\u00e3o do <strong>Exame Nacional de Avalia\u00e7\u00e3o da Forma\u00e7\u00e3o M\u00e9dica (Enamed)<\/strong>, ocorrida nesta \u00faltima segunda-feira (19), marca um divisor de \u00e1guas na educa\u00e7\u00e3o m\u00e9dica brasileira. O exame, desenhado para monitorar a qualidade do ensino de Medicina no pa\u00eds, encerra seu ciclo inicial em meio a um intenso debate entre o Minist\u00e9rio da Educa\u00e7\u00e3o (MEC), \u00f3rg\u00e3os de classe e institui\u00e7\u00f5es de ensino superior (IES).<\/p>\n\n\n\n<h3 class=\"wp-block-heading\">O balan\u00e7o da primeira edi\u00e7\u00e3o<\/h3>\n\n\n\n<p class=\"wp-block-paragraph\">Diferente de avalia\u00e7\u00f5es generalistas, o Enamed foca nas compet\u00eancias cl\u00ednicas e \u00e9ticas essenciais para o exerc\u00edcio da profiss\u00e3o. Os dados consolidados apontam um panorama heterog\u00eaneo: enquanto centros tradicionais mantiveram altos \u00edndices de aproveitamento, novas faculdades \u2014 muitas abertas durante a expans\u00e3o do programa Mais M\u00e9dicos \u2014 apresentaram lacunas preocupantes em \u00e1reas como <strong>aten\u00e7\u00e3o prim\u00e1ria e urg\u00eancia<\/strong>.<\/p>\n\n\n\n<p class=\"wp-block-paragraph\">De acordo com as \u00faltimas atualiza\u00e7\u00f5es do Inep, a ades\u00e3o dos estudantes foi considerada satisfat\u00f3ria para um ano de estreia, mas o foco agora se volta para o <strong>uso regulat\u00f3rio<\/strong> desses dados.<\/p>\n\n\n\n<h3 class=\"wp-block-heading\">O impasse das puni\u00e7\u00f5es<\/h3>\n\n\n\n<p class=\"wp-block-paragraph\">O ponto de maior atrito no setor educacional \u00e9 a inten\u00e7\u00e3o do governo de utilizar o desempenho no Enamed como gatilho imediato para san\u00e7\u00f5es. Entidades representativas das faculdades privadas argumentam que:<\/p>\n\n\n\n<ul class=\"wp-block-list\">\n<li><strong>Matura\u00e7\u00e3o do Exame:<\/strong> Defendem que o exame ainda precisa de calibra\u00e7\u00e3o t\u00e9cnica antes de servir como base para fechamento de vagas ou suspens\u00e3o de novos cursos.<\/li>\n\n\n\n<li><strong>Fatores Externos:<\/strong> Alegam que o desempenho dos alunos pode ser influenciado por fatores regionais e de infraestrutura hospitalar local, n\u00e3o apenas pela gest\u00e3o acad\u00eamica.<\/li>\n\n\n\n<li><strong>Seguran\u00e7a Jur\u00eddica:<\/strong> Existe o temor de que puni\u00e7\u00f5es severas baseadas em uma \u00fanica edi\u00e7\u00e3o gerem uma onda de judicializa\u00e7\u00e3o contra o MEC.<\/li>\n<\/ul>\n\n\n\n<p class=\"wp-block-paragraph\">Por outro lado, o <strong>Conselho Federal de Medicina (CFM)<\/strong> e associa\u00e7\u00f5es m\u00e9dicas t\u00eam pressionado por um rigor maior, sustentando que a prolifera\u00e7\u00e3o de cursos sem a devida qualidade coloca em risco a seguran\u00e7a dos pacientes.<\/p>\n\n\n\n<h3 class=\"wp-block-heading\">Pr\u00f3ximos passos e novidades<\/h3>\n\n\n\n<p class=\"wp-block-paragraph\">Fontes ligadas ao Minist\u00e9rio da Educa\u00e7\u00e3o indicam que o governo estuda uma <strong>escala de transi\u00e7\u00e3o<\/strong>. Em vez de puni\u00e7\u00f5es sum\u00e1rias, o MEC deve propor um regime de &#8220;supervis\u00e3o assistida&#8221; para as institui\u00e7\u00f5es com desempenho insuficiente, estabelecendo prazos para adequa\u00e7\u00e3o de curr\u00edculos e melhoria do corpo docente antes de aplicar medidas dr\u00e1sticas como o descredenciamento.<\/p>\n\n\n\n<p class=\"wp-block-paragraph\">Al\u00e9m disso, j\u00e1 se discute para 2026 a inclus\u00e3o de uma <strong>etapa pr\u00e1tica obrigat\u00f3ria<\/strong> em modelos de simula\u00e7\u00e3o real\u00edstica, visando tornar o Enamed ainda mais fiel ao cotidiano m\u00e9dico.<\/p>\n\n\n\n<blockquote class=\"wp-block-quote is-layout-flow wp-block-quote-is-layout-flow\">\n<p class=\"wp-block-paragraph\">&#8220;O Enamed n\u00e3o nasceu para ser apenas um ranking, mas um term\u00f4metro da sa\u00fade p\u00fablica brasileira atrav\u00e9s da forma\u00e7\u00e3o de seus profissionais&#8221;, afirma o relat\u00f3rio preliminar de avalia\u00e7\u00e3o.<\/p>\n<\/blockquote>\n\n\n\n<p class=\"wp-block-paragraph\">A expectativa agora recai sobre a publica\u00e7\u00e3o do edital da pr\u00f3xima edi\u00e7\u00e3o, que dever\u00e1 detalhar se haver\u00e1 mudan\u00e7as no peso das notas para a resid\u00eancia m\u00e9dica, um dos principais atrativos para a dedica\u00e7\u00e3o dos estudantes ao exame.<\/p>\n","protected":false},"excerpt":{"rendered":"<p>A divulga\u00e7\u00e3o dos resultados da primeira edi\u00e7\u00e3o do Exame Nacional de Avalia\u00e7\u00e3o da Forma\u00e7\u00e3o M\u00e9dica (Enamed), ocorrida nesta \u00faltima segunda-feira (19), marca um divisor de [&#8230;]<\/p>\n","protected":false},"author":1,"featured_media":2126,"comment_status":"open","ping_status":"open","sticky":false,"template":"","format":"standard","meta":{"_crdt_document":"","_jetpack_memberships_contains_paid_content":false,"footnotes":"","jetpack_publicize_message":"","jetpack_publicize_feature_enabled":true,"jetpack_social_post_already_shared":true,"jetpack_social_options":{"image_generator_settings":{"template":"highway","default_image_id":0,"font":"","enabled":false},"version":2}},"categories":[1],"tags":[],"class_list":["post-2125","post","type-post","status-publish","format-standard","has-post-thumbnail","hentry","category-geral"],"jetpack_publicize_connections":[],"jetpack_featured_media_url":"https:\/\/i0.wp.com\/oexpressobr.com.br\/wp-content\/uploads\/2026\/01\/4b819900-186d-44ba-a66c-94ed1d4b4913.jpg?fit=2500%2C1666&ssl=1","jetpack_likes_enabled":true,"jetpack_sharing_enabled":true,"_links":{"self":[{"href":"https:\/\/oexpressobr.com.br\/index.php?rest_route=\/wp\/v2\/posts\/2125","targetHints":{"allow":["GET"]}}],"collection":[{"href":"https:\/\/oexpressobr.com.br\/index.php?rest_route=\/wp\/v2\/posts"}],"about":[{"href":"https:\/\/oexpressobr.com.br\/index.php?rest_route=\/wp\/v2\/types\/post"}],"author":[{"embeddable":true,"href":"https:\/\/oexpressobr.com.br\/index.php?rest_route=\/wp\/v2\/users\/1"}],"replies":[{"embeddable":true,"href":"https:\/\/oexpressobr.com.br\/index.php?rest_route=%2Fwp%2Fv2%2Fcomments&post=2125"}],"version-history":[{"count":1,"href":"https:\/\/oexpressobr.com.br\/index.php?rest_route=\/wp\/v2\/posts\/2125\/revisions"}],"predecessor-version":[{"id":2127,"href":"https:\/\/oexpressobr.com.br\/index.php?rest_route=\/wp\/v2\/posts\/2125\/revisions\/2127"}],"wp:featuredmedia":[{"embeddable":true,"href":"https:\/\/oexpressobr.com.br\/index.php?rest_route=\/wp\/v2\/media\/2126"}],"wp:attachment":[{"href":"https:\/\/oexpressobr.com.br\/index.php?rest_route=%2Fwp%2Fv2%2Fmedia&parent=2125"}],"wp:term":[{"taxonomy":"category","embeddable":true,"href":"https:\/\/oexpressobr.com.br\/index.php?rest_route=%2Fwp%2Fv2%2Fcategories&post=2125"},{"taxonomy":"post_tag","embeddable":true,"href":"https:\/\/oexpressobr.com.br\/index.php?rest_route=%2Fwp%2Fv2%2Ftags&post=2125"}],"curies":[{"name":"wp","href":"https:\/\/api.w.org\/{rel}","templated":true}]}}