{"id":2128,"date":"2026-01-20T06:11:25","date_gmt":"2026-01-20T09:11:25","guid":{"rendered":"https:\/\/oexpressobr.com.br\/?p=2128"},"modified":"2026-01-20T06:11:26","modified_gmt":"2026-01-20T09:11:26","slug":"olimpiada-de-portugues-abre-inscricoes-para-2026-com-foco-em-excelencia-linguistica-e-novos-recordes-de-participacao","status":"publish","type":"post","link":"https:\/\/oexpressobr.com.br\/?p=2128","title":{"rendered":"Olimp\u00edada de Portugu\u00eas abre inscri\u00e7\u00f5es para 2026 com foco em excel\u00eancia lingu\u00edstica e novos recordes de participa\u00e7\u00e3o"},"content":{"rendered":"\n<p class=\"wp-block-paragraph\"><strong>S\u00c3O PAULO<\/strong> \u2013 Teve in\u00edcio nesta segunda-feira, 19 de janeiro, o per\u00edodo de inscri\u00e7\u00f5es para a edi\u00e7\u00e3o de 2026 da <strong>Olimp\u00edada de Portugu\u00eas (OP)<\/strong>. Consolidada como a maior competi\u00e7\u00e3o cient\u00edfica voltada \u00e0 l\u00edngua materna no pa\u00eds, a iniciativa convoca escolas das redes p\u00fablica e privada para um desafio que vai muito al\u00e9m da gram\u00e1tica normativa: a valoriza\u00e7\u00e3o do racioc\u00ednio l\u00f3gico-lingu\u00edstico e da interpreta\u00e7\u00e3o cr\u00edtica.<\/p>\n\n\n\n<h3 class=\"wp-block-heading\">Estrutura e Abrang\u00eancia<\/h3>\n\n\n\n<p class=\"wp-block-paragraph\">O certame \u00e9 destinado a um p\u00fablico vasto, englobando estudantes desde o <strong>1\u00ba ano do Ensino Fundamental at\u00e9 a 3\u00aa s\u00e9rie do Ensino M\u00e9dio<\/strong>. Para garantir a equidade e o rigor pedag\u00f3gico, as avalia\u00e7\u00f5es s\u00e3o segmentadas por n\u00edveis de escolaridade, sob a supervis\u00e3o de um <strong>Comit\u00ea Cient\u00edfico<\/strong> especializado.<\/p>\n\n\n\n<p class=\"wp-block-paragraph\">O objetivo central da OP \u00e9 transformar a percep\u00e7\u00e3o dos alunos sobre o idioma, incentivando a leitura profunda e a capacidade de an\u00e1lise textual, compet\u00eancias fundamentais tanto para o desempenho escolar quanto para a forma\u00e7\u00e3o cidad\u00e3.<\/p>\n\n\n\n<h3 class=\"wp-block-heading\">Novidades para a Edi\u00e7\u00e3o 2026<\/h3>\n\n\n\n<p class=\"wp-block-paragraph\">Com o avan\u00e7o da tecnologia na educa\u00e7\u00e3o, a organiza\u00e7\u00e3o da OP para este ano traz atualiza\u00e7\u00f5es importantes:<\/p>\n\n\n\n<ul class=\"wp-block-list\">\n<li><strong>Plataforma Digital Aprimorada:<\/strong> O sistema de inscri\u00e7\u00e3o e realiza\u00e7\u00e3o de provas (para modalidades online) ganhou melhorias na interface para facilitar o acesso de escolas em regi\u00f5es remotas.<\/li>\n\n\n\n<li><strong>Foco em Alfabetiza\u00e7\u00e3o:<\/strong> Mantendo a tend\u00eancia dos \u00faltimos anos, os n\u00edveis iniciais do Ensino Fundamental recebem aten\u00e7\u00e3o especial com quest\u00f5es l\u00fadicas que estimulam o repert\u00f3rio lexical.<\/li>\n\n\n\n<li><strong>Premia\u00e7\u00f5es e Reconhecimento:<\/strong> Al\u00e9m das tradicionais medalhas de ouro, prata e bronze, a olimp\u00edada serve como vitrine para talentos, com certificados que enriquecem o curr\u00edculo acad\u00eamico dos jovens brasileiros.<\/li>\n<\/ul>\n\n\n\n<blockquote class=\"wp-block-quote is-layout-flow wp-block-quote-is-layout-flow\">\n<p class=\"wp-block-paragraph\">&#8220;A Olimp\u00edada de Portugu\u00eas n\u00e3o \u00e9 apenas um teste de conhecimento, mas uma ferramenta de engajamento que mostra ao aluno a beleza e a complexidade da nossa l\u00edngua em diversos contextos&#8221;, afirma a coordena\u00e7\u00e3o pedag\u00f3gica do evento.<\/p>\n<\/blockquote>\n\n\n\n<h3 class=\"wp-block-heading\">Como Participar<\/h3>\n\n\n\n<p class=\"wp-block-paragraph\">As institui\u00e7\u00f5es de ensino interessadas devem realizar o cadastro oficial por meio do portal da Olimp\u00edada. \u00c9 necess\u00e1rio que um professor ou coordenador respons\u00e1vel gerencie a inscri\u00e7\u00e3o dos estudantes e acompanhe o cronograma de provas, que ocorre em fases distintas ao longo do semestre.<\/p>\n","protected":false},"excerpt":{"rendered":"<p>S\u00c3O PAULO \u2013 Teve in\u00edcio nesta segunda-feira, 19 de janeiro, o per\u00edodo de inscri\u00e7\u00f5es para a edi\u00e7\u00e3o de 2026 da Olimp\u00edada de Portugu\u00eas (OP). Consolidada [&#8230;]<\/p>\n","protected":false},"author":1,"featured_media":2129,"comment_status":"open","ping_status":"open","sticky":false,"template":"","format":"standard","meta":{"_crdt_document":"","_jetpack_memberships_contains_paid_content":false,"footnotes":"","jetpack_publicize_message":"","jetpack_publicize_feature_enabled":true,"jetpack_social_post_already_shared":true,"jetpack_social_options":{"image_generator_settings":{"template":"highway","default_image_id":0,"font":"","enabled":false},"version":2}},"categories":[6],"tags":[],"class_list":["post-2128","post","type-post","status-publish","format-standard","has-post-thumbnail","hentry","category-educacao"],"jetpack_publicize_connections":[],"jetpack_featured_media_url":"https:\/\/i0.wp.com\/oexpressobr.com.br\/wp-content\/uploads\/2026\/01\/51bd740f-6b4c-4c84-962b-f1f3e2249a06.jpeg?fit=668%2C525&ssl=1","jetpack_likes_enabled":true,"jetpack_sharing_enabled":true,"_links":{"self":[{"href":"https:\/\/oexpressobr.com.br\/index.php?rest_route=\/wp\/v2\/posts\/2128","targetHints":{"allow":["GET"]}}],"collection":[{"href":"https:\/\/oexpressobr.com.br\/index.php?rest_route=\/wp\/v2\/posts"}],"about":[{"href":"https:\/\/oexpressobr.com.br\/index.php?rest_route=\/wp\/v2\/types\/post"}],"author":[{"embeddable":true,"href":"https:\/\/oexpressobr.com.br\/index.php?rest_route=\/wp\/v2\/users\/1"}],"replies":[{"embeddable":true,"href":"https:\/\/oexpressobr.com.br\/index.php?rest_route=%2Fwp%2Fv2%2Fcomments&post=2128"}],"version-history":[{"count":1,"href":"https:\/\/oexpressobr.com.br\/index.php?rest_route=\/wp\/v2\/posts\/2128\/revisions"}],"predecessor-version":[{"id":2130,"href":"https:\/\/oexpressobr.com.br\/index.php?rest_route=\/wp\/v2\/posts\/2128\/revisions\/2130"}],"wp:featuredmedia":[{"embeddable":true,"href":"https:\/\/oexpressobr.com.br\/index.php?rest_route=\/wp\/v2\/media\/2129"}],"wp:attachment":[{"href":"https:\/\/oexpressobr.com.br\/index.php?rest_route=%2Fwp%2Fv2%2Fmedia&parent=2128"}],"wp:term":[{"taxonomy":"category","embeddable":true,"href":"https:\/\/oexpressobr.com.br\/index.php?rest_route=%2Fwp%2Fv2%2Fcategories&post=2128"},{"taxonomy":"post_tag","embeddable":true,"href":"https:\/\/oexpressobr.com.br\/index.php?rest_route=%2Fwp%2Fv2%2Ftags&post=2128"}],"curies":[{"name":"wp","href":"https:\/\/api.w.org\/{rel}","templated":true}]}}