{"id":2131,"date":"2026-01-20T06:23:25","date_gmt":"2026-01-20T09:23:25","guid":{"rendered":"https:\/\/oexpressobr.com.br\/?p=2131"},"modified":"2026-01-20T06:23:26","modified_gmt":"2026-01-20T09:23:26","slug":"corpo-diplomatico-e-turismall-reunem-liderancas-globais-mo-rio-de-janeiro","status":"publish","type":"post","link":"https:\/\/oexpressobr.com.br\/?p=2131","title":{"rendered":"Corpo Diplomatico e Turismall re\u00fanem lideran\u00e7as Globais mo Rio de Janeiro"},"content":{"rendered":"\n<p class=\"wp-block-paragraph\">O Rio de Janeiro se consolidar\u00e1, no dia 13 de mar\u00e7o de 2026, como o epicentro da diplomacia de neg\u00f3cios na Am\u00e9rica Latina. O <strong>Travel Market<\/strong>, renomada plataforma multieventos de turismo e inova\u00e7\u00e3o, confirmou a realiza\u00e7\u00e3o do <strong>Encontro do Corpo Diplom\u00e1tico<\/strong>, uma agenda estrat\u00e9gica voltada \u00e0 articula\u00e7\u00e3o institucional e ao fortalecimento das rela\u00e7\u00f5es internacionais do Brasil.<\/p>\n\n\n\n<p class=\"wp-block-paragraph\">O evento acontece dentro da programa\u00e7\u00e3o oficial do <strong>TurisMall<\/strong>, projeto que tem ganhado tra\u00e7\u00e3o como um hub de solu\u00e7\u00f5es para o setor, unindo o varejo, o entretenimento e o trade tur\u00edstico em um \u00fanico ecossistema.<\/p>\n\n\n\n<h3 class=\"wp-block-heading\">Di\u00e1logo de Alto N\u00edvel e Fomento Econ\u00f4mico<\/h3>\n\n\n\n<p class=\"wp-block-paragraph\">O encontro \u00e9 desenhado como um espa\u00e7o de acesso restrito e di\u00e1logo qualificado. O objetivo central \u00e9 posicionar o Brasil n\u00e3o apenas como um destino de lazer, mas como um <strong>porto seguro para investimentos e coopera\u00e7\u00e3o global<\/strong>. Entre os participantes confirmados e esperados, destacam-se:<\/p>\n\n\n\n<ul class=\"wp-block-list\">\n<li><strong>Embaixadores e C\u00f4nsules:<\/strong> Representantes de diversas na\u00e7\u00f5es que buscam estreitar la\u00e7os comerciais.<\/li>\n\n\n\n<li><strong>Organismos Internacionais:<\/strong> Entidades voltadas ao desenvolvimento sustent\u00e1vel e fomento econ\u00f4mico.<\/li>\n\n\n\n<li><strong>Lideran\u00e7as do Trade:<\/strong> Grandes players da hotelaria, avia\u00e7\u00e3o e tecnologia aplicada ao turismo.<\/li>\n<\/ul>\n\n\n\n<h3 class=\"wp-block-heading\">O Contexto de 2026: Brasil no Centro das Aten\u00e7\u00f5es<\/h3>\n\n\n\n<p class=\"wp-block-paragraph\">De acordo com as movimenta\u00e7\u00f5es recentes do setor (considerando as tend\u00eancias de mercado para o primeiro trimestre de 2026), o Brasil vive um momento de <strong>retomada vigorosa do turismo de eventos e neg\u00f3cios<\/strong>. O TurisMall surge como a resposta para a demanda por experi\u00eancias integradas, onde o networking institucional facilita a entrada de capital estrangeiro em infraestrutura tur\u00edstica nacional.<\/p>\n\n\n\n<p class=\"wp-block-paragraph\">Especialistas apontam que o Rio de Janeiro, com sua infraestrutura renovada e foco em seguran\u00e7a e tecnologia, \u00e9 o cen\u00e1rio ideal para este tipo de articula\u00e7\u00e3o, funcionando como a &#8220;vitrine&#8221; das potencialidades das demais regi\u00f5es brasileiras.<\/p>\n\n\n\n<blockquote class=\"wp-block-quote is-layout-flow wp-block-quote-is-layout-flow\">\n<p class=\"wp-block-paragraph\">&#8220;A integra\u00e7\u00e3o entre o corpo diplom\u00e1tico e o mercado de viagens \u00e9 o que transforma potencial tur\u00edstico em realidade econ\u00f4mica. O TurisMall 2026 ser\u00e1 o catalisador dessa transforma\u00e7\u00e3o&#8221;, afirma a organiza\u00e7\u00e3o do evento.<\/p>\n<\/blockquote>\n\n\n\n<h3 class=\"wp-block-heading\">O que esperar do Encontro<\/h3>\n\n\n\n<ol start=\"1\" class=\"wp-block-list\">\n<li><strong>Mesas de Neg\u00f3cios:<\/strong> Rodadas espec\u00edficas para apresenta\u00e7\u00e3o de projetos estaduais a fundos internacionais.<\/li>\n\n\n\n<li><strong>Inova\u00e7\u00e3o e Sustentabilidade:<\/strong> Debates sobre o papel da tecnologia e das pr\u00e1ticas ESG (Ambiental, Social e Governan\u00e7a) no turismo moderno.<\/li>\n\n\n\n<li><strong>Promo\u00e7\u00e3o de Destinos:<\/strong> Espa\u00e7o para que embaixadas apresentem suas oportunidades de interc\u00e2mbio cultural e comercial com o Brasil.<\/li>\n<\/ol>\n\n\n\n<p class=\"wp-block-paragraph\">O Encontro do Corpo Diplom\u00e1tico promete ser o ponto de partida para novos acordos bilaterais que devem ser anunciados ao longo do ano, refor\u00e7ando o papel do turismo como pilar da diplomacia brasileira.<\/p>\n","protected":false},"excerpt":{"rendered":"<p>O Rio de Janeiro se consolidar\u00e1, no dia 13 de mar\u00e7o de 2026, como o epicentro da diplomacia de neg\u00f3cios na Am\u00e9rica Latina. O Travel [&#8230;]<\/p>\n","protected":false},"author":1,"featured_media":2132,"comment_status":"open","ping_status":"open","sticky":false,"template":"","format":"standard","meta":{"_crdt_document":"","_jetpack_memberships_contains_paid_content":false,"footnotes":"","jetpack_publicize_message":"","jetpack_publicize_feature_enabled":true,"jetpack_social_post_already_shared":true,"jetpack_social_options":{"image_generator_settings":{"template":"highway","default_image_id":0,"font":"","enabled":false},"version":2}},"categories":[10],"tags":[],"class_list":["post-2131","post","type-post","status-publish","format-standard","has-post-thumbnail","hentry","category-economia"],"jetpack_publicize_connections":[],"jetpack_featured_media_url":"https:\/\/i0.wp.com\/oexpressobr.com.br\/wp-content\/uploads\/2026\/01\/f01cdf63-3881-42ef-aba1-824346bca017.jpeg?fit=1536%2C1024&ssl=1","jetpack_likes_enabled":true,"jetpack_sharing_enabled":true,"_links":{"self":[{"href":"https:\/\/oexpressobr.com.br\/index.php?rest_route=\/wp\/v2\/posts\/2131","targetHints":{"allow":["GET"]}}],"collection":[{"href":"https:\/\/oexpressobr.com.br\/index.php?rest_route=\/wp\/v2\/posts"}],"about":[{"href":"https:\/\/oexpressobr.com.br\/index.php?rest_route=\/wp\/v2\/types\/post"}],"author":[{"embeddable":true,"href":"https:\/\/oexpressobr.com.br\/index.php?rest_route=\/wp\/v2\/users\/1"}],"replies":[{"embeddable":true,"href":"https:\/\/oexpressobr.com.br\/index.php?rest_route=%2Fwp%2Fv2%2Fcomments&post=2131"}],"version-history":[{"count":1,"href":"https:\/\/oexpressobr.com.br\/index.php?rest_route=\/wp\/v2\/posts\/2131\/revisions"}],"predecessor-version":[{"id":2133,"href":"https:\/\/oexpressobr.com.br\/index.php?rest_route=\/wp\/v2\/posts\/2131\/revisions\/2133"}],"wp:featuredmedia":[{"embeddable":true,"href":"https:\/\/oexpressobr.com.br\/index.php?rest_route=\/wp\/v2\/media\/2132"}],"wp:attachment":[{"href":"https:\/\/oexpressobr.com.br\/index.php?rest_route=%2Fwp%2Fv2%2Fmedia&parent=2131"}],"wp:term":[{"taxonomy":"category","embeddable":true,"href":"https:\/\/oexpressobr.com.br\/index.php?rest_route=%2Fwp%2Fv2%2Fcategories&post=2131"},{"taxonomy":"post_tag","embeddable":true,"href":"https:\/\/oexpressobr.com.br\/index.php?rest_route=%2Fwp%2Fv2%2Ftags&post=2131"}],"curies":[{"name":"wp","href":"https:\/\/api.w.org\/{rel}","templated":true}]}}