{"id":2139,"date":"2026-01-20T06:58:34","date_gmt":"2026-01-20T09:58:34","guid":{"rendered":"https:\/\/oexpressobr.com.br\/?p=2139"},"modified":"2026-01-20T06:58:35","modified_gmt":"2026-01-20T09:58:35","slug":"leonaldo-paranhos-projeta-futuro-politico-em-cascavel-enquanto-assume-protagonismo-no-cenario-estadual","status":"publish","type":"post","link":"https:\/\/oexpressobr.com.br\/?p=2139","title":{"rendered":"Leonaldo Paranhos projeta futuro pol\u00edtico em Cascavel enquanto assume protagonismo no cen\u00e1rio estadual"},"content":{"rendered":"\n<p class=\"wp-block-paragraph\">Nos bastidores da pol\u00edtica paranaense, o nome de <strong>Leonaldo Paranhos<\/strong> (Podemos) transita entre a consolida\u00e7\u00e3o de seu legado em Cascavel e a constru\u00e7\u00e3o de uma trajet\u00f3ria robusta rumo \u00e0s elei\u00e7\u00f5es de <strong>2026<\/strong>. Ap\u00f3s concluir dois mandatos marcados por \u00edndices hist\u00f3ricos de aprova\u00e7\u00e3o, o ex-prefeito agora movimenta suas pe\u00e7as a partir de uma posi\u00e7\u00e3o estrat\u00e9gica no primeiro escal\u00e3o do governo estadual.<\/p>\n\n\n\n<h3 class=\"wp-block-heading\">\u200bO Tabuleiro: De Cascavel ao Pal\u00e1cio Igua\u00e7u<\/h3>\n\n\n\n<p class=\"wp-block-paragraph\">\u200bDiferente do que muitos previam como uma aposentadoria precoce, Paranhos assumiu em mar\u00e7o de 2025 a <strong>Secretaria Estadual do Turismo<\/strong>, a convite do governador <strong>Ratinho Junior<\/strong>. A nomea\u00e7\u00e3o n\u00e3o foi apenas t\u00e9cnica; foi uma jogada pol\u00edtica que o mant\u00e9m em evid\u00eancia e com tr\u00e2nsito livre em todo o Paran\u00e1.<\/p>\n\n\n\n<p class=\"wp-block-paragraph\">\u200bEnquanto isso, em Cascavel, o atual prefeito <strong>Renato Silva<\/strong> (PL) \u2014 seu antigo vice e sucessor apoiado \u2014 enfrenta o desafio de manter a &#8220;velocidade&#8221; da gest\u00e3o anterior. Embora o discurso p\u00fablico seja de continuidade e harmonia, interlocutores sugerem que o chamado <strong>&#8220;Projeto Paranhos&#8221;<\/strong> mira o horizonte de 2026, onde o ex-prefeito j\u00e1 se colocou \u00e0 disposi\u00e7\u00e3o para disputar o <strong>Governo do Estado<\/strong> ou o <strong>Senado<\/strong>.<\/p>\n\n\n\n<h3 class=\"wp-block-heading\">\u200bA Estrat\u00e9gia dos Bastidores<\/h3>\n\n\n\n<p class=\"wp-block-paragraph\">\u200bO comportamento de Paranhos \u00e9 descrito por aliados como o de um &#8220;enxadrista&#8221;. Ao circular com tranquilidade pelos corredores do poder, ele demonstra que a sucess\u00e3o municipal em 2024 foi apenas uma etapa.<\/p>\n\n\n\n<ul class=\"wp-block-list\">\n<li>\u200b<strong>Apoio T\u00e9cnico:<\/strong> Paranhos deixou a prefeitura com um pacote de investimentos superior a <strong>R$ 135 milh\u00f5es<\/strong> em obras engatilhadas, garantindo que Renato Silva tivesse capital pol\u00edtico para iniciar o mandato.<\/li>\n\n\n\n<li>\u200b<strong>Influ\u00eancia Regional:<\/strong> Como secret\u00e1rio, ele utiliza a vitrine do turismo para fortalecer la\u00e7os com lideran\u00e7as do Oeste, regi\u00e3o essencial para qualquer pretens\u00e3o majorit\u00e1ria no Paran\u00e1.<\/li>\n\n\n\n<li>\u200b<strong>A Sombra do Sucessor:<\/strong> Para analistas locais, a rela\u00e7\u00e3o entre criador e criatura \u00e9 vigiada de perto. A &#8220;senten\u00e7a&#8221; mencionada nos bastidores refere-se \u00e0 expectativa de que Renato Silva mantenha a m\u00e1quina fiel \u00e0s diretrizes de Paranhos, sob pena de perder o suporte do grupo que ainda enxerga no ex-prefeito o verdadeiro l\u00edder do projeto pol\u00edtico.<\/li>\n<\/ul>\n\n\n\n<h3 class=\"wp-block-heading\">\u200bO Cen\u00e1rio para 2026<\/h3>\n\n\n\n<p class=\"wp-block-paragraph\">\u200bA \u00faltima pesquisa Quaest de 2025 aponta um cen\u00e1rio aberto para o governo estadual, com nomes como <strong>Sergio Moro<\/strong> e <strong>Rafael Greca<\/strong> liderando as inten\u00e7\u00f5es de voto. No entanto, o alto \u00edndice de aprova\u00e7\u00e3o que Paranhos carregou ao deixar a prefeitura (acima de 80%) o coloca como um &#8220;coringa&#8221; no grupo de Ratinho Junior.<\/p>\n\n\n\n<blockquote class=\"wp-block-quote is-layout-flow wp-block-quote-is-layout-flow\">\n<p class=\"wp-block-paragraph\">\u200b&#8221;Eu n\u00e3o posso ser omisso. Tenho um compromisso com a cidade e com o estado&#8221;, afirmou Paranhos em declara\u00e7\u00f5es recentes, refor\u00e7ando que sua sa\u00edda da prefeitura foi apenas o fim de um cap\u00edtulo, n\u00e3o do livro.<\/p>\n<\/blockquote>\n\n\n\n<p class=\"wp-block-paragraph\">\u200bO destino de Renato Silva no tabuleiro de 2026 depender\u00e1 diretamente do sucesso de sua gest\u00e3o e da sua capacidade de se manter alinhado \u2014 ou se libertar \u2014 da sombra de seu antecessor, que hoje observa tudo da privilegiada vista de Curitiba.<\/p>\n","protected":false},"excerpt":{"rendered":"<p>Nos bastidores da pol\u00edtica paranaense, o nome de Leonaldo Paranhos (Podemos) transita entre a consolida\u00e7\u00e3o de seu legado em Cascavel e a constru\u00e7\u00e3o de uma [&#8230;]<\/p>\n","protected":false},"author":1,"featured_media":2140,"comment_status":"open","ping_status":"open","sticky":false,"template":"","format":"standard","meta":{"_crdt_document":"","_jetpack_memberships_contains_paid_content":false,"footnotes":"","jetpack_publicize_message":"","jetpack_publicize_feature_enabled":true,"jetpack_social_post_already_shared":true,"jetpack_social_options":{"image_generator_settings":{"template":"highway","default_image_id":0,"font":"","enabled":false},"version":2}},"categories":[5],"tags":[],"class_list":["post-2139","post","type-post","status-publish","format-standard","has-post-thumbnail","hentry","category-parana"],"jetpack_publicize_connections":[],"jetpack_featured_media_url":"https:\/\/i0.wp.com\/oexpressobr.com.br\/wp-content\/uploads\/2026\/01\/WhatsApp-Image-2026-01-19-at-19.53.02.jpeg?fit=1600%2C1073&ssl=1","jetpack_likes_enabled":true,"jetpack_sharing_enabled":true,"_links":{"self":[{"href":"https:\/\/oexpressobr.com.br\/index.php?rest_route=\/wp\/v2\/posts\/2139","targetHints":{"allow":["GET"]}}],"collection":[{"href":"https:\/\/oexpressobr.com.br\/index.php?rest_route=\/wp\/v2\/posts"}],"about":[{"href":"https:\/\/oexpressobr.com.br\/index.php?rest_route=\/wp\/v2\/types\/post"}],"author":[{"embeddable":true,"href":"https:\/\/oexpressobr.com.br\/index.php?rest_route=\/wp\/v2\/users\/1"}],"replies":[{"embeddable":true,"href":"https:\/\/oexpressobr.com.br\/index.php?rest_route=%2Fwp%2Fv2%2Fcomments&post=2139"}],"version-history":[{"count":1,"href":"https:\/\/oexpressobr.com.br\/index.php?rest_route=\/wp\/v2\/posts\/2139\/revisions"}],"predecessor-version":[{"id":2141,"href":"https:\/\/oexpressobr.com.br\/index.php?rest_route=\/wp\/v2\/posts\/2139\/revisions\/2141"}],"wp:featuredmedia":[{"embeddable":true,"href":"https:\/\/oexpressobr.com.br\/index.php?rest_route=\/wp\/v2\/media\/2140"}],"wp:attachment":[{"href":"https:\/\/oexpressobr.com.br\/index.php?rest_route=%2Fwp%2Fv2%2Fmedia&parent=2139"}],"wp:term":[{"taxonomy":"category","embeddable":true,"href":"https:\/\/oexpressobr.com.br\/index.php?rest_route=%2Fwp%2Fv2%2Fcategories&post=2139"},{"taxonomy":"post_tag","embeddable":true,"href":"https:\/\/oexpressobr.com.br\/index.php?rest_route=%2Fwp%2Fv2%2Ftags&post=2139"}],"curies":[{"name":"wp","href":"https:\/\/api.w.org\/{rel}","templated":true}]}}