{"id":2142,"date":"2026-01-20T07:11:37","date_gmt":"2026-01-20T10:11:37","guid":{"rendered":"https:\/\/oexpressobr.com.br\/?p=2142"},"modified":"2026-01-20T07:11:38","modified_gmt":"2026-01-20T10:11:38","slug":"moro-abandona-entrevista-em-ponta-grossa-apos-ser-questionado-sobre-rejeicao-da-direita-e-da-esquerda","status":"publish","type":"post","link":"https:\/\/oexpressobr.com.br\/?p=2142","title":{"rendered":"Moro abandona entrevista em Ponta Grossa ap\u00f3s ser questionado sobre rejei\u00e7\u00e3o da direita e da esquerda"},"content":{"rendered":"\n<p class=\"wp-block-paragraph\">O senador Sergio Moro (Uni\u00e3o Brasil), pr\u00e9-candidato ao Governo do Paran\u00e1, protagonizou um momento de tens\u00e3o nesta segunda-feira (19). Durante uma visita oficial a Ponta Grossa, o ex-juiz da Lava Jato abandonou uma entrevista ap\u00f3s ser confrontado sobre o isolamento pol\u00edtico e a rejei\u00e7\u00e3o que enfrenta tanto em setores da direita quanto da esquerda.<\/p>\n\n\n\n<p class=\"wp-block-paragraph\">\u200bO epis\u00f3dio ocorreu durante um evento da Secretaria Municipal de Cidadania e Seguran\u00e7a P\u00fablica. Ao ser questionado pela jornalista Mareli Martins sobre como lidava com o fato de possuir resist\u00eancia em ambos os polos do espectro pol\u00edtico, Moro tentou, inicialmente, desviar o foco, citando o seu desempenho em levantamentos de inten\u00e7\u00e3o de voto. &#8220;Acho que voc\u00ea est\u00e1 mal informada, eu estou liderando as pesquisas&#8221;, rebateu o senador, mantendo o discurso de oposi\u00e7\u00e3o ao governo federal.<\/p>\n\n\n\n<p class=\"wp-block-paragraph\">\u200bNo entanto, diante da insist\u00eancia da reportagem sobre o desgaste de sua imagem \u2014 alimentado pela esquerda devido \u00e0s condena\u00e7\u00f5es do presidente Lula e pela direita bolsonarista que o classifica como &#8220;traidor&#8221; desde sua sa\u00edda do Minist\u00e9rio da Justi\u00e7a \u2014, o senador optou por encerrar abruptamente a conversa e se retirar do local sem responder ao questionamento.<\/p>\n\n\n\n<h3 class=\"wp-block-heading\">\u200b<strong>Impasse nas alian\u00e7as e o &#8220;n\u00e3o&#8221; de Ratinho Jr.<\/strong><\/h3>\n\n\n\n<p class=\"wp-block-paragraph\">\u200bAl\u00e9m do mal-estar na entrevista, os bastidores pol\u00edticos indicam que o caminho de Moro rumo ao Pal\u00e1cio Igua\u00e7u em 2026 est\u00e1 cercado de obst\u00e1culos. Informa\u00e7\u00f5es recentes confirmam que o senador procurou o atual governador, Ratinho Jr. (PSD), em busca de apoio, mas recebeu uma negativa enf\u00e1tica.<\/p>\n\n\n\n<p class=\"wp-block-paragraph\">\u200bRatinho Jr. teria sinalizado que n\u00e3o h\u00e1 viabilidade de alian\u00e7a, lembrando que Moro atuou contra os interesses do PSD nas elei\u00e7\u00f5es municipais de 2024, especialmente em Curitiba, onde vetou o apoio do Uni\u00e3o Brasil a Eduardo Pimentel e, no segundo turno, apoiou abertamente Cristina Graeml. Atualmente, o grupo do governador trabalha com nomes como Alexandre Curi, Guto Silva e Rafael Greca para a sucess\u00e3o estadual.<\/p>\n\n\n\n<h3 class=\"wp-block-heading\">\u200b<strong>Crise na Federa\u00e7\u00e3o e o fator PP<\/strong><\/h3>\n\n\n\n<p class=\"wp-block-paragraph\">\u200bA situa\u00e7\u00e3o partid\u00e1ria de Moro tamb\u00e9m \u00e9 delicada. Embora o presidente nacional do Uni\u00e3o Brasil, Antonio Rueda, defenda a &#8220;irreversibilidade&#8221; da candidatura do senador, o parceiro de federa\u00e7\u00e3o, o Progressistas (PP), rejeita formalmente o nome do ex-juiz. No final de 2025, o diret\u00f3rio estadual do PP no Paran\u00e1 decidiu, por unanimidade, que n\u00e3o dar\u00e1 aval \u00e0 candidatura de Moro, gerando um impasse jur\u00eddico e pol\u00edtico que pode chegar aos tribunais eleitorais.<\/p>\n\n\n\n<p class=\"wp-block-paragraph\">\u200bEnquanto Moro aposta na estrat\u00e9gia de se consolidar como o &#8220;\u00fanico nome de oposi\u00e7\u00e3o a Lula no estado&#8221;, seus advers\u00e1rios internos e externos apontam que a falta de capilaridade pol\u00edtica e as pontes quebradas com o bolsonarismo podem isolar sua campanha em uma &#8220;terceira via&#8221; cada vez mais estreita.<\/p>\n","protected":false},"excerpt":{"rendered":"<p>O senador Sergio Moro (Uni\u00e3o Brasil), pr\u00e9-candidato ao Governo do Paran\u00e1, protagonizou um momento de tens\u00e3o nesta segunda-feira (19). Durante uma visita oficial a Ponta [&#8230;]<\/p>\n","protected":false},"author":1,"featured_media":2143,"comment_status":"open","ping_status":"open","sticky":false,"template":"","format":"standard","meta":{"_crdt_document":"","_jetpack_memberships_contains_paid_content":false,"footnotes":"","jetpack_publicize_message":"","jetpack_publicize_feature_enabled":true,"jetpack_social_post_already_shared":true,"jetpack_social_options":{"image_generator_settings":{"template":"highway","default_image_id":0,"font":"","enabled":false},"version":2}},"categories":[5],"tags":[],"class_list":["post-2142","post","type-post","status-publish","format-standard","has-post-thumbnail","hentry","category-parana"],"jetpack_publicize_connections":[],"jetpack_featured_media_url":"https:\/\/i0.wp.com\/oexpressobr.com.br\/wp-content\/uploads\/2026\/01\/moro-foto.jpeg?fit=770%2C470&ssl=1","jetpack_likes_enabled":true,"jetpack_sharing_enabled":true,"_links":{"self":[{"href":"https:\/\/oexpressobr.com.br\/index.php?rest_route=\/wp\/v2\/posts\/2142","targetHints":{"allow":["GET"]}}],"collection":[{"href":"https:\/\/oexpressobr.com.br\/index.php?rest_route=\/wp\/v2\/posts"}],"about":[{"href":"https:\/\/oexpressobr.com.br\/index.php?rest_route=\/wp\/v2\/types\/post"}],"author":[{"embeddable":true,"href":"https:\/\/oexpressobr.com.br\/index.php?rest_route=\/wp\/v2\/users\/1"}],"replies":[{"embeddable":true,"href":"https:\/\/oexpressobr.com.br\/index.php?rest_route=%2Fwp%2Fv2%2Fcomments&post=2142"}],"version-history":[{"count":1,"href":"https:\/\/oexpressobr.com.br\/index.php?rest_route=\/wp\/v2\/posts\/2142\/revisions"}],"predecessor-version":[{"id":2144,"href":"https:\/\/oexpressobr.com.br\/index.php?rest_route=\/wp\/v2\/posts\/2142\/revisions\/2144"}],"wp:featuredmedia":[{"embeddable":true,"href":"https:\/\/oexpressobr.com.br\/index.php?rest_route=\/wp\/v2\/media\/2143"}],"wp:attachment":[{"href":"https:\/\/oexpressobr.com.br\/index.php?rest_route=%2Fwp%2Fv2%2Fmedia&parent=2142"}],"wp:term":[{"taxonomy":"category","embeddable":true,"href":"https:\/\/oexpressobr.com.br\/index.php?rest_route=%2Fwp%2Fv2%2Fcategories&post=2142"},{"taxonomy":"post_tag","embeddable":true,"href":"https:\/\/oexpressobr.com.br\/index.php?rest_route=%2Fwp%2Fv2%2Ftags&post=2142"}],"curies":[{"name":"wp","href":"https:\/\/api.w.org\/{rel}","templated":true}]}}