{"id":2145,"date":"2026-01-20T07:24:46","date_gmt":"2026-01-20T10:24:46","guid":{"rendered":"https:\/\/oexpressobr.com.br\/?p=2145"},"modified":"2026-01-20T07:24:47","modified_gmt":"2026-01-20T10:24:47","slug":"menor-municipio-do-brasil-garante-seguranca-energetica-com-baterias-e-geracao-solar-da-cemig","status":"publish","type":"post","link":"https:\/\/oexpressobr.com.br\/?p=2145","title":{"rendered":"Menor munic\u00edpio do Brasil garante seguran\u00e7a energ\u00e9tica com baterias e gera\u00e7\u00e3o solar da Cemig"},"content":{"rendered":"\n<p class=\"wp-block-paragraph\">A menor cidade do Brasil em popula\u00e7\u00e3o, Serra da Saudade, no Centro-Oeste de Minas Gerais, tornou-se o palco de uma revolu\u00e7\u00e3o tecnol\u00f3gica no setor el\u00e9trico nacional. Em uma iniciativa pioneira inaugurada pela Cemig na \u00faltima semana, o munic\u00edpio agora conta com um sistema de microrrede que integra gera\u00e7\u00e3o solar fotovoltaica e armazenamento de energia em baterias de grande porte, eliminando praticamente o risco de apag\u00f5es para seus cerca de 833 habitantes.<\/p>\n\n\n\n<p class=\"wp-block-paragraph\">\u200bO projeto, que recebeu investimentos de R$ 7 milh\u00f5es, posiciona a cidade como uma das mais modernas do mundo em distribui\u00e7\u00e3o de energia. A tecnologia permite que, em caso de falhas na rede principal \u2014 muitas vezes causadas por tempestades ou queda de \u00e1rvores nos cabos que percorrem longas \u00e1reas rurais \u2014, o sistema de baterias assuma o fornecimento de forma autom\u00e1tica. Com capacidade de 2,0 MWh, o banco de baterias \u00e9 capaz de sustentar a demanda total do munic\u00edpio por at\u00e9 48 horas sem interrup\u00e7\u00f5es.<\/p>\n\n\n\n<h3 class=\"wp-block-heading\">\u200b<strong>Inova\u00e7\u00e3o contra o isolamento energ\u00e9tico<\/strong><\/h3>\n\n\n\n<p class=\"wp-block-paragraph\">\u200bHistoricamente, Serra da Saudade sofria com a instabilidade no fornecimento devido \u00e0 sua localiza\u00e7\u00e3o geogr\u00e1fica e \u00e0 depend\u00eancia de um \u00fanico alimentador de energia que percorre 30 quil\u00f4metros desde a subesta\u00e7\u00e3o mais pr\u00f3xima. &#8220;Em vez de uma obra convencional de R$ 30 milh\u00f5es para construir novas linhas, trouxemos uma solu\u00e7\u00e3o tecnol\u00f3gica de R$ 7 milh\u00f5es que resolve o problema com rapidez e sustentabilidade&#8221;, afirmou Reynaldo Passanezi Filho, presidente da Cemig.<\/p>\n\n\n\n<p class=\"wp-block-paragraph\">\u200bO diferencial do sistema \u00e9 o seu funcionamento c\u00edclico: uma usina solar dedicada carrega as baterias durante o dia e, em situa\u00e7\u00f5es de emerg\u00eancia, essa energia armazenada \u00e9 injetada na rede local. Al\u00e9m disso, a Cemig instalou medidores inteligentes em todas as resid\u00eancias e com\u00e9rcios da cidade, permitindo o monitoramento em tempo real do consumo e da qualidade da tens\u00e3o.<\/p>\n\n\n\n<h3 class=\"wp-block-heading\">\u200b<strong>Expans\u00e3o para outras cidades<\/strong><\/h3>\n\n\n\n<p class=\"wp-block-paragraph\">\u200bO sucesso em Serra da Saudade serve como &#8220;laborat\u00f3rio&#8221; para o estado. O governador Romeu Zema, presente na inaugura\u00e7\u00e3o, destacou que a iniciativa \u00e9 um marco hist\u00f3rico para Minas Gerais. A expectativa da Cemig \u00e9 expandir essa tecnologia de microrredes para pelo menos outros dez munic\u00edpios mineiros que enfrentam desafios similares de estabilidade energ\u00e9tica at\u00e9 2027.<\/p>\n\n\n\n<p class=\"wp-block-paragraph\">\u200bCom este projeto, Serra da Saudade deixa de ser conhecida apenas por seu tamanho reduzido e passa a ser refer\u00eancia em transi\u00e7\u00e3o energ\u00e9tica e resili\u00eancia clim\u00e1tica, mostrando que a inova\u00e7\u00e3o pode chegar primeiro aos lugares mais remotos para transformar a qualidade de vida da popula\u00e7\u00e3o.<\/p>\n","protected":false},"excerpt":{"rendered":"<p>A menor cidade do Brasil em popula\u00e7\u00e3o, Serra da Saudade, no Centro-Oeste de Minas Gerais, tornou-se o palco de uma revolu\u00e7\u00e3o tecnol\u00f3gica no setor el\u00e9trico [&#8230;]<\/p>\n","protected":false},"author":1,"featured_media":2146,"comment_status":"open","ping_status":"open","sticky":false,"template":"","format":"standard","meta":{"_crdt_document":"","_jetpack_memberships_contains_paid_content":false,"footnotes":"","jetpack_publicize_message":"","jetpack_publicize_feature_enabled":true,"jetpack_social_post_already_shared":true,"jetpack_social_options":{"image_generator_settings":{"template":"highway","default_image_id":0,"font":"","enabled":false},"version":2}},"categories":[3],"tags":[],"class_list":["post-2145","post","type-post","status-publish","format-standard","has-post-thumbnail","hentry","category-brasil"],"jetpack_publicize_connections":[],"jetpack_featured_media_url":"https:\/\/i0.wp.com\/oexpressobr.com.br\/wp-content\/uploads\/2026\/01\/serradasaudede567472348230.jpg?fit=414%2C280&ssl=1","jetpack_likes_enabled":true,"jetpack_sharing_enabled":true,"_links":{"self":[{"href":"https:\/\/oexpressobr.com.br\/index.php?rest_route=\/wp\/v2\/posts\/2145","targetHints":{"allow":["GET"]}}],"collection":[{"href":"https:\/\/oexpressobr.com.br\/index.php?rest_route=\/wp\/v2\/posts"}],"about":[{"href":"https:\/\/oexpressobr.com.br\/index.php?rest_route=\/wp\/v2\/types\/post"}],"author":[{"embeddable":true,"href":"https:\/\/oexpressobr.com.br\/index.php?rest_route=\/wp\/v2\/users\/1"}],"replies":[{"embeddable":true,"href":"https:\/\/oexpressobr.com.br\/index.php?rest_route=%2Fwp%2Fv2%2Fcomments&post=2145"}],"version-history":[{"count":1,"href":"https:\/\/oexpressobr.com.br\/index.php?rest_route=\/wp\/v2\/posts\/2145\/revisions"}],"predecessor-version":[{"id":2147,"href":"https:\/\/oexpressobr.com.br\/index.php?rest_route=\/wp\/v2\/posts\/2145\/revisions\/2147"}],"wp:featuredmedia":[{"embeddable":true,"href":"https:\/\/oexpressobr.com.br\/index.php?rest_route=\/wp\/v2\/media\/2146"}],"wp:attachment":[{"href":"https:\/\/oexpressobr.com.br\/index.php?rest_route=%2Fwp%2Fv2%2Fmedia&parent=2145"}],"wp:term":[{"taxonomy":"category","embeddable":true,"href":"https:\/\/oexpressobr.com.br\/index.php?rest_route=%2Fwp%2Fv2%2Fcategories&post=2145"},{"taxonomy":"post_tag","embeddable":true,"href":"https:\/\/oexpressobr.com.br\/index.php?rest_route=%2Fwp%2Fv2%2Ftags&post=2145"}],"curies":[{"name":"wp","href":"https:\/\/api.w.org\/{rel}","templated":true}]}}