{"id":215,"date":"2025-12-02T11:28:37","date_gmt":"2025-12-02T14:28:37","guid":{"rendered":"https:\/\/oexpressobr.com.br\/?p=215"},"modified":"2025-12-02T11:28:38","modified_gmt":"2025-12-02T14:28:38","slug":"michelle-mantem-criticas-a-ciro-gomes-e-pede-perdao-aos-enteados-bolsonaro-mas-reafirma-divergencia-politica","status":"publish","type":"post","link":"https:\/\/oexpressobr.com.br\/?p=215","title":{"rendered":"Michelle mant\u00e9m cr\u00edticas a ciro gomes e pede perd\u00e3o aos enteados bolsonaro, mas reafirma diverg\u00eancia pol\u00edtica"},"content":{"rendered":"\n<p class=\"wp-block-paragraph\">\u200bA ex-primeira-dama e presidente do PL Mulher, <strong>Michelle Bolsonaro<\/strong>, reafirmou suas cr\u00edticas \u00e0 <strong>alian\u00e7a<\/strong> que o Partido Liberal (PL) tenta costurar com o ex-ministro <strong>Ciro Gomes<\/strong> (PSDB) no Cear\u00e1, mesmo ap\u00f3s a rea\u00e7\u00e3o p\u00fablica e contrariada dos filhos do ex-presidente Jair Bolsonaro, seus enteados. Em nota divulgada nesta ter\u00e7a-feira (2 de dezembro de 2025), Michelle pediu &#8220;compreens\u00e3o&#8221; e &#8220;perd\u00e3o&#8221; aos enteados, mas manteve sua posi\u00e7\u00e3o de que Ciro Gomes &#8220;jamais ser\u00e1 de direita&#8221; e que a alian\u00e7a \u00e9 prejudicial.<\/p>\n\n\n\n<h2 class=\"wp-block-heading\">\u200b O Discurso da Discord\u00e2ncia<\/h2>\n\n\n\n<p class=\"wp-block-paragraph\">\u200bO mal-estar na fam\u00edlia e no partido come\u00e7ou no \u00faltimo domingo (30 de novembro de 2025), durante um evento em Fortaleza. Michelle criticou abertamente o deputado federal Andr\u00e9 Fernandes (PL-CE) pela aproxima\u00e7\u00e3o com Ciro Gomes, afirmando que &#8220;fazer alian\u00e7a com o homem que \u00e9 contra o maior l\u00edder da direita? Isso n\u00e3o d\u00e1&#8221;. Ela defendeu o apoio ao senador Eduardo Gir\u00e3o (Novo) ao governo do Cear\u00e1.<\/p>\n\n\n\n<p class=\"wp-block-paragraph\">\u200bA declara\u00e7\u00e3o gerou forte <strong>rea\u00e7\u00e3o dos filhos de Bolsonaro<\/strong> (Fl\u00e1vio, Eduardo e Carlos), que publicaram mensagens nas redes sociais criticando a postura da madrasta. O senador <strong>Fl\u00e1vio Bolsonaro<\/strong> (PL-RJ) considerou a atitude &#8220;injusta e desrespeitosa&#8221; com Andr\u00e9 Fernandes, ressaltando que a alian\u00e7a teria o aval de Jair Bolsonaro. <strong>Eduardo<\/strong> e <strong>Carlos Bolsonaro<\/strong> endossaram a posi\u00e7\u00e3o do irm\u00e3o.<\/p>\n\n\n\n<h2 class=\"wp-block-heading\">\u200b O Pedido de Perd\u00e3o e a Manuten\u00e7\u00e3o da Cr\u00edtica<\/h2>\n\n\n\n<p class=\"wp-block-paragraph\">\u200bEm sua resposta, a ex-primeira-dama buscou conciliar o respeito familiar com sua convic\u00e7\u00e3o pol\u00edtica, um <strong>dilema<\/strong> que se intensificou com o cen\u00e1rio pol\u00edtico ap\u00f3s a pris\u00e3o do ex-presidente.<\/p>\n\n\n\n<blockquote class=\"wp-block-quote is-layout-flow wp-block-quote-is-layout-flow\">\n<p class=\"wp-block-paragraph\">\u200b&#8221;Eu respeito a opini\u00e3o dos meus enteados, mas <strong>penso diferente<\/strong> e tenho o direito de expressar meus pensamentos com liberdade e sinceridade. Pe\u00e7o aos meus enteados que me entendam e me perdoem. <strong>N\u00e3o foi minha inten\u00e7\u00e3o contrari\u00e1-los<\/strong>&#8220;, afirmou Michelle na nota.<\/p>\n<\/blockquote>\n\n\n\n<p class=\"wp-block-paragraph\">\u200bNo entanto, ela n\u00e3o recuou no m\u00e9rito da quest\u00e3o, classificando Ciro Gomes como um &#8220;perseguidor&#8221; e um &#8220;malfeitor&#8221; contra Bolsonaro. Michelle argumentou que apoiar Ciro seria &#8220;trocar Joseph Stalin por Vladimir Lenin&#8221;, mantendo-se fiel aos seus valores e \u00e0 defesa do marido. Ela destacou seu papel como <strong>esposa e m\u00e3e<\/strong> antes de lideran\u00e7a pol\u00edtica, questionando como justificaria a alian\u00e7a para a filha do casal, visto o hist\u00f3rico de insultos de Ciro ao pai.<\/p>\n\n\n\n<h2 class=\"wp-block-heading\">\u200b PL Marca Reuni\u00e3o de Emerg\u00eancia<\/h2>\n\n\n\n<p class=\"wp-block-paragraph\">\u200bA crise escancarada no cl\u00e3 Bolsonaro pressionou a c\u00fapula do Partido Liberal. Em resposta \u00e0 pol\u00eamica, o PL marcou uma <strong>reuni\u00e3o de emerg\u00eancia<\/strong> para esta ter\u00e7a-feira (2) em Bras\u00edlia. O objetivo \u00e9 &#8220;alinhar a comunica\u00e7\u00e3o&#8221; e &#8220;enquadrar&#8221; a atua\u00e7\u00e3o pol\u00edtica da ex-primeira-dama, tentando evitar que suas manifesta\u00e7\u00f5es p\u00fablicas exponham a desarticula\u00e7\u00e3o interna da sigla.<\/p>\n\n\n\n<p class=\"wp-block-paragraph\">\u200bA situa\u00e7\u00e3o destaca a <strong>disputa por protagonismo<\/strong> na condu\u00e7\u00e3o do esp\u00f3lio pol\u00edtico de Jair Bolsonaro, com Michelle e os filhos do ex-presidente buscando influenciar as estrat\u00e9gias partid\u00e1rias em um momento crucial para o futuro da direita no pa\u00eds.<\/p>\n","protected":false},"excerpt":{"rendered":"<p>\u200bA ex-primeira-dama e presidente do PL Mulher, Michelle Bolsonaro, reafirmou suas cr\u00edticas \u00e0 alian\u00e7a que o Partido Liberal (PL) tenta costurar com o ex-ministro Ciro [&#8230;]<\/p>\n","protected":false},"author":1,"featured_media":216,"comment_status":"open","ping_status":"open","sticky":false,"template":"","format":"standard","meta":{"_crdt_document":"","_jetpack_memberships_contains_paid_content":false,"footnotes":"","jetpack_publicize_message":"","jetpack_publicize_feature_enabled":true,"jetpack_social_post_already_shared":false,"jetpack_social_options":{"image_generator_settings":{"template":"highway","default_image_id":0,"font":"","enabled":false},"version":2}},"categories":[7],"tags":[],"class_list":["post-215","post","type-post","status-publish","format-standard","has-post-thumbnail","hentry","category-politica"],"jetpack_publicize_connections":[],"jetpack_featured_media_url":"https:\/\/i0.wp.com\/oexpressobr.com.br\/wp-content\/uploads\/2025\/12\/IMG-20250911-WA0150.jpg?fit=1600%2C1064&ssl=1","jetpack_likes_enabled":true,"jetpack_sharing_enabled":true,"_links":{"self":[{"href":"https:\/\/oexpressobr.com.br\/index.php?rest_route=\/wp\/v2\/posts\/215","targetHints":{"allow":["GET"]}}],"collection":[{"href":"https:\/\/oexpressobr.com.br\/index.php?rest_route=\/wp\/v2\/posts"}],"about":[{"href":"https:\/\/oexpressobr.com.br\/index.php?rest_route=\/wp\/v2\/types\/post"}],"author":[{"embeddable":true,"href":"https:\/\/oexpressobr.com.br\/index.php?rest_route=\/wp\/v2\/users\/1"}],"replies":[{"embeddable":true,"href":"https:\/\/oexpressobr.com.br\/index.php?rest_route=%2Fwp%2Fv2%2Fcomments&post=215"}],"version-history":[{"count":0,"href":"https:\/\/oexpressobr.com.br\/index.php?rest_route=\/wp\/v2\/posts\/215\/revisions"}],"wp:featuredmedia":[{"embeddable":true,"href":"https:\/\/oexpressobr.com.br\/index.php?rest_route=\/wp\/v2\/media\/216"}],"wp:attachment":[{"href":"https:\/\/oexpressobr.com.br\/index.php?rest_route=%2Fwp%2Fv2%2Fmedia&parent=215"}],"wp:term":[{"taxonomy":"category","embeddable":true,"href":"https:\/\/oexpressobr.com.br\/index.php?rest_route=%2Fwp%2Fv2%2Fcategories&post=215"},{"taxonomy":"post_tag","embeddable":true,"href":"https:\/\/oexpressobr.com.br\/index.php?rest_route=%2Fwp%2Fv2%2Ftags&post=215"}],"curies":[{"name":"wp","href":"https:\/\/api.w.org\/{rel}","templated":true}]}}