{"id":2156,"date":"2026-01-20T07:44:17","date_gmt":"2026-01-20T10:44:17","guid":{"rendered":"https:\/\/oexpressobr.com.br\/?p=2156"},"modified":"2026-01-20T07:44:18","modified_gmt":"2026-01-20T10:44:18","slug":"governo-lula-inicia-ofensiva-contra-detrans-que-travam-a-cnh-sem-autoescola","status":"publish","type":"post","link":"https:\/\/oexpressobr.com.br\/?p=2156","title":{"rendered":"Governo Lula inicia ofensiva contra Detrans que travam a CNH sem autoescola"},"content":{"rendered":"\n<p class=\"wp-block-paragraph\">O Minist\u00e9rio dos Transportes, por meio da Secretaria Nacional de Tr\u00e2nsito (Senatran), anunciou que passar\u00e1 a realizar <strong>fiscaliza\u00e7\u00f5es presenciais<\/strong> nos Departamentos Estaduais de Tr\u00e2nsito (Detrans) que ainda n\u00e3o se adequaram ao programa <strong>CNH do Brasil<\/strong>. A medida, que visa garantir a implementa\u00e7\u00e3o do novo modelo de habilita\u00e7\u00e3o sem a obrigatoriedade de autoescolas, j\u00e1 resultou em notifica\u00e7\u00f5es diretas a estados como Santa Catarina e Cear\u00e1.<\/p>\n\n\n\n<p class=\"wp-block-paragraph\">\u200bO governo federal identificou que, embora a normativa do Conselho Nacional de Tr\u00e2nsito (Contran) j\u00e1 esteja em vigor desde dezembro de 2025, alguns \u00f3rg\u00e3os estaduais alegam dificuldades t\u00e9cnicas ou falta de seguran\u00e7a jur\u00eddica para resistir \u00e0s mudan\u00e7as. Em resposta, o ministro dos Transportes, Renan Filho, refor\u00e7ou que a integra\u00e7\u00e3o dos sistemas estaduais com a plataforma digital <strong>Gov.br<\/strong> \u00e9 obrigat\u00f3ria para que o cidad\u00e3o possa usufruir da redu\u00e7\u00e3o de custos, que pode chegar a <strong>80%<\/strong>.<\/p>\n\n\n\n<h3 class=\"wp-block-heading\">\u200bO que muda com a nova CNH do Brasil<\/h3>\n\n\n\n<p class=\"wp-block-paragraph\">\u200bO programa tem como objetivo principal baratear o acesso \u00e0 carteira de motorista para as categorias A e B. Confira os principais pilares do novo modelo:<\/p>\n\n\n\n<ul class=\"wp-block-list\">\n<li>\u200b<strong>Curso Te\u00f3rico Gratuito:<\/strong> O candidato pode realizar as aulas te\u00f3ricas de forma 100% online e gratuita atrav\u00e9s da plataforma Gov.br, eliminando a exig\u00eancia das 45 horas presenciais em autoescolas.<\/li>\n\n\n\n<li>\u200b<strong>Instrutores Aut\u00f4nomos:<\/strong> Fim do monop\u00f3lio das autoescolas sobre as aulas pr\u00e1ticas. O aluno pode contratar instrutores credenciados de forma independente.<\/li>\n\n\n\n<li>\u200b<strong>Redu\u00e7\u00e3o da Carga Hor\u00e1ria:<\/strong> A exig\u00eancia m\u00ednima de aulas pr\u00e1ticas foi drasticamente reduzida para apenas 2 horas, focando na avalia\u00e7\u00e3o final e n\u00e3o no tempo de aula.<\/li>\n\n\n\n<li>\u200b<strong>Reteste Sem Custos:<\/strong> Em caso de reprova\u00e7\u00e3o na primeira tentativa, o candidato tem direito a uma segunda prova gratuita.<\/li>\n\n\n\n<li>\u200b<strong>Sem Prazo de Validade:<\/strong> Diferente do modelo anterior, n\u00e3o existe mais o prazo de 12 meses para concluir o processo de habilita\u00e7\u00e3o.<\/li>\n<\/ul>\n\n\n\n<h3 class=\"wp-block-heading\">\u200bOs impasses nos estados<\/h3>\n\n\n\n<p class=\"wp-block-paragraph\">\u200bAt\u00e9 o momento, 16 estados j\u00e1 operam integralmente no novo sistema. No entanto, o cen\u00e1rio \u00e9 de conflito em regi\u00f5es espec\u00edficas<\/p>\n\n\n\n<blockquote class=\"wp-block-quote is-layout-flow wp-block-quote-is-layout-flow\">\n<p class=\"wp-block-paragraph\">\u200b&#8221;O foco agora \u00e9 a avalia\u00e7\u00e3o. O que garante que algu\u00e9m est\u00e1 apto a dirigir \u00e9 a prova, n\u00e3o a quantidade de aulas. Estamos seguindo padr\u00f5es internacionais de pa\u00edses como EUA e Reino Unido&#8221;, afirmou o ministro Renan Filho em balan\u00e7o recente.<\/p>\n<\/blockquote>\n\n\n\n<p class=\"wp-block-paragraph\">\u200bO governo estima que cerca de <strong>20 milh\u00f5es de brasileiros<\/strong> dirigem atualmente sem habilita\u00e7\u00e3o devido aos altos custos do processo antigo, que chegava a ultrapassar R$ 3.000,00. Com o novo sistema, o valor total (incluindo taxas e exames m\u00e9dicos) pode cair para uma m\u00e9dia entre <strong>R$ 530,00 e R$ 650,00<\/strong>.<\/p>\n\n\n\n<p class=\"wp-block-paragraph\">:<\/p>\n","protected":false},"excerpt":{"rendered":"<p>O Minist\u00e9rio dos Transportes, por meio da Secretaria Nacional de Tr\u00e2nsito (Senatran), anunciou que passar\u00e1 a realizar fiscaliza\u00e7\u00f5es presenciais nos Departamentos Estaduais de Tr\u00e2nsito (Detrans) [&#8230;]<\/p>\n","protected":false},"author":1,"featured_media":2157,"comment_status":"open","ping_status":"open","sticky":false,"template":"","format":"standard","meta":{"_crdt_document":"","_jetpack_memberships_contains_paid_content":false,"footnotes":"","jetpack_publicize_message":"","jetpack_publicize_feature_enabled":true,"jetpack_social_post_already_shared":true,"jetpack_social_options":{"image_generator_settings":{"template":"highway","default_image_id":0,"font":"","enabled":false},"version":2}},"categories":[3],"tags":[],"class_list":["post-2156","post","type-post","status-publish","format-standard","has-post-thumbnail","hentry","category-brasil"],"jetpack_publicize_connections":[],"jetpack_featured_media_url":"https:\/\/i0.wp.com\/oexpressobr.com.br\/wp-content\/uploads\/2026\/01\/IMG-20260120-WA0076.jpg?fit=1170%2C700&ssl=1","jetpack_likes_enabled":true,"jetpack_sharing_enabled":true,"_links":{"self":[{"href":"https:\/\/oexpressobr.com.br\/index.php?rest_route=\/wp\/v2\/posts\/2156","targetHints":{"allow":["GET"]}}],"collection":[{"href":"https:\/\/oexpressobr.com.br\/index.php?rest_route=\/wp\/v2\/posts"}],"about":[{"href":"https:\/\/oexpressobr.com.br\/index.php?rest_route=\/wp\/v2\/types\/post"}],"author":[{"embeddable":true,"href":"https:\/\/oexpressobr.com.br\/index.php?rest_route=\/wp\/v2\/users\/1"}],"replies":[{"embeddable":true,"href":"https:\/\/oexpressobr.com.br\/index.php?rest_route=%2Fwp%2Fv2%2Fcomments&post=2156"}],"version-history":[{"count":1,"href":"https:\/\/oexpressobr.com.br\/index.php?rest_route=\/wp\/v2\/posts\/2156\/revisions"}],"predecessor-version":[{"id":2158,"href":"https:\/\/oexpressobr.com.br\/index.php?rest_route=\/wp\/v2\/posts\/2156\/revisions\/2158"}],"wp:featuredmedia":[{"embeddable":true,"href":"https:\/\/oexpressobr.com.br\/index.php?rest_route=\/wp\/v2\/media\/2157"}],"wp:attachment":[{"href":"https:\/\/oexpressobr.com.br\/index.php?rest_route=%2Fwp%2Fv2%2Fmedia&parent=2156"}],"wp:term":[{"taxonomy":"category","embeddable":true,"href":"https:\/\/oexpressobr.com.br\/index.php?rest_route=%2Fwp%2Fv2%2Fcategories&post=2156"},{"taxonomy":"post_tag","embeddable":true,"href":"https:\/\/oexpressobr.com.br\/index.php?rest_route=%2Fwp%2Fv2%2Ftags&post=2156"}],"curies":[{"name":"wp","href":"https:\/\/api.w.org\/{rel}","templated":true}]}}