{"id":2162,"date":"2026-01-20T14:46:18","date_gmt":"2026-01-20T17:46:18","guid":{"rendered":"https:\/\/oexpressobr.com.br\/?p=2162"},"modified":"2026-01-20T14:46:20","modified_gmt":"2026-01-20T17:46:20","slug":"conselho-da-paz-trump-cobra-us-1-bilhao-por-adesao-e-convida-lula-para-novo-orgao-global","status":"publish","type":"post","link":"https:\/\/oexpressobr.com.br\/?p=2162","title":{"rendered":"CONSELHO DA PAZ: Trump cobra US$ 1 bilh\u00e3o por ades\u00e3o e convida Lula para novo \u00f3rg\u00e3o global"},"content":{"rendered":"\n<p class=\"wp-block-paragraph\">O presidente dos Estados Unidos, Donald Trump, enviou convites formais a dezenas de l\u00edderes mundiais, incluindo o presidente brasileiro Luiz In\u00e1cio Lula da Silva, para integrarem o rec\u00e9m-criado &#8220;Conselho da Paz&#8221;. A iniciativa, apresentada como uma estrutura internacional de transi\u00e7\u00e3o para zonas de conflito, como a Faixa de Gaza, tem gerado intensas controv\u00e9rsias diplom\u00e1ticas devido \u00e0s suas exig\u00eancias financeiras e ao desenho institucional que desafia a soberania de \u00f3rg\u00e3os tradicionais como a Organiza\u00e7\u00e3o das Na\u00e7\u00f5es Unidas (ONU).<\/p>\n\n\n\n<h3 class=\"wp-block-heading\">\u200bO &#8220;pre\u00e7o&#8221; da paz e a presid\u00eancia vital\u00edcia<\/h3>\n\n\n\n<p class=\"wp-block-paragraph\">\u200bDe acordo com o rascunho do estatuto do conselho, revelado pela imprensa internacional e ag\u00eancias como Bloomberg e Reuters, os pa\u00edses que desejam uma &#8220;ades\u00e3o permanente&#8221; ao grupo devem realizar uma contribui\u00e7\u00e3o de <strong>US$ 1 bilh\u00e3o<\/strong> (cerca de R$ 5,7 bilh\u00f5es) no primeiro ano de vig\u00eancia. Para as na\u00e7\u00f5es que n\u00e3o desembolsarem essa quantia, o mandato no conselho seria tempor\u00e1rio, com dura\u00e7\u00e3o de apenas tr\u00eas anos.<\/p>\n\n\n\n<p class=\"wp-block-paragraph\">\u200bA Casa Branca reagiu \u00e0s cr\u00edticas classificando as reportagens sobre a taxa como &#8220;enganosas&#8221;, afirmando que n\u00e3o existe uma &#8220;taxa m\u00ednima obrigat\u00f3ria&#8221;, mas admitiu que o status de membro permanente seria concedido a pa\u00edses que demonstrarem um &#8220;profundo compromisso financeiro e de seguran\u00e7a&#8221;.<\/p>\n\n\n\n<p class=\"wp-block-paragraph\">\u200bAl\u00e9m do fator financeiro, o controle absoluto de Trump sobre o \u00f3rg\u00e3o \u00e9 um ponto de atrito. O estatuto prev\u00ea que Donald Trump seja o <strong>presidente vital\u00edcio<\/strong> do Conselho da Paz, detendo o poder final de veto sobre qualquer decis\u00e3o, al\u00e9m de ser o \u00fanico habilitado a convidar ou expulsar membros.<\/p>\n\n\n\n<h3 class=\"wp-block-heading\">\u200bLula e o dilema diplom\u00e1tico brasileiro<\/h3>\n\n\n\n<p class=\"wp-block-paragraph\">\u200bO convite chegou \u00e0 Embaixada do Brasil em Washington nos \u00faltimos dias. At\u00e9 o momento, o governo brasileiro mant\u00e9m uma postura cautelosa. O presidente Lula e o ministro das Rela\u00e7\u00f5es Exteriores, Mauro Vieira, iniciaram conversas nesta segunda-feira (19) para avaliar a participa\u00e7\u00e3o do pa\u00eds.<\/p>\n\n\n\n<p class=\"wp-block-paragraph\">\u200bFontes do Itamaraty indicam que h\u00e1 forte resist\u00eancia \u00e0 ideia por dois motivos principais:<\/p>\n\n\n\n<ol class=\"wp-block-list\">\n<li>\u200b<strong>Enfraquecimento da ONU:<\/strong> O Brasil \u00e9 historicamente um defensor do multilateralismo e das Na\u00e7\u00f5es Unidas. O Conselho da Paz de Trump \u00e9 visto por especialistas como uma &#8220;ONU paralela&#8221; que opera \u00e0 margem do Direito Internacional.<\/li>\n\n\n\n<li>\u200b<strong>Custo e Soberania:<\/strong> A exig\u00eancia de aportes bilion\u00e1rios e a concentra\u00e7\u00e3o de poder nas m\u00e3os do presidente americano colidem com a pol\u00edtica externa brasileira de autonomia e equil\u00edbrio fiscal.<\/li>\n<\/ol>\n\n\n\n<h3 class=\"wp-block-heading\">\u200bExpans\u00e3o e press\u00e3o sobre aliados<\/h3>\n\n\n\n<p class=\"wp-block-paragraph\">\u200bEmbora tenha sido concebido inicialmente para supervisionar a reconstru\u00e7\u00e3o de Gaza e a implementa\u00e7\u00e3o de um governo t\u00e9cnico palestino, o estatuto do Conselho da Paz n\u00e3o limita sua atua\u00e7\u00e3o ao Oriente M\u00e9dio. O texto fala em promover a &#8220;estabilidade e governan\u00e7a legal&#8221; em qualquer \u00e1rea amea\u00e7ada por conflitos.<\/p>\n\n\n\n<p class=\"wp-block-paragraph\">\u200bA press\u00e3o para ades\u00e3o j\u00e1 come\u00e7ou. Recentemente, Trump sugeriu publicamente a imposi\u00e7\u00e3o de tarifas de at\u00e9 200% sobre vinhos e produtos franceses caso o presidente Emmanuel Macron \u2014 que se mostrou reticente \u00e0 iniciativa \u2014 n\u00e3o aceite integrar o grupo. Al\u00e9m de Lula e Macron, l\u00edderes como Javier Milei (Argentina), que j\u00e1 sinalizou apoio, e o ex-primeiro-ministro brit\u00e2nico Tony Blair tamb\u00e9m foram citados como pe\u00e7as-chave no novo tabuleiro geopol\u00edtico de Trump.<\/p>\n\n\n\n<p class=\"wp-block-paragraph\">\u200bO mundo agora aguarda a resposta de Bras\u00edlia e de outras capitais europeias, que pesam o custo pol\u00edtico de se isolarem de uma nova ordem liderada pelos EUA contra a preserva\u00e7\u00e3o das institui\u00e7\u00f5es globais vigentes.<\/p>\n","protected":false},"excerpt":{"rendered":"<p>O presidente dos Estados Unidos, Donald Trump, enviou convites formais a dezenas de l\u00edderes mundiais, incluindo o presidente brasileiro Luiz In\u00e1cio Lula da Silva, para [&#8230;]<\/p>\n","protected":false},"author":1,"featured_media":2163,"comment_status":"open","ping_status":"open","sticky":false,"template":"","format":"standard","meta":{"_crdt_document":"","_jetpack_memberships_contains_paid_content":false,"footnotes":"","jetpack_publicize_message":"","jetpack_publicize_feature_enabled":true,"jetpack_social_post_already_shared":true,"jetpack_social_options":{"image_generator_settings":{"template":"highway","default_image_id":0,"font":"","enabled":false},"version":2}},"categories":[15],"tags":[],"class_list":["post-2162","post","type-post","status-publish","format-standard","has-post-thumbnail","hentry","category-internacional"],"jetpack_publicize_connections":[],"jetpack_featured_media_url":"https:\/\/i0.wp.com\/oexpressobr.com.br\/wp-content\/uploads\/2026\/01\/4aba8920-f546-11f0-a422-4ba8a094a8fa.jpg.webp?fit=800%2C450&ssl=1","jetpack_likes_enabled":true,"jetpack_sharing_enabled":true,"_links":{"self":[{"href":"https:\/\/oexpressobr.com.br\/index.php?rest_route=\/wp\/v2\/posts\/2162","targetHints":{"allow":["GET"]}}],"collection":[{"href":"https:\/\/oexpressobr.com.br\/index.php?rest_route=\/wp\/v2\/posts"}],"about":[{"href":"https:\/\/oexpressobr.com.br\/index.php?rest_route=\/wp\/v2\/types\/post"}],"author":[{"embeddable":true,"href":"https:\/\/oexpressobr.com.br\/index.php?rest_route=\/wp\/v2\/users\/1"}],"replies":[{"embeddable":true,"href":"https:\/\/oexpressobr.com.br\/index.php?rest_route=%2Fwp%2Fv2%2Fcomments&post=2162"}],"version-history":[{"count":1,"href":"https:\/\/oexpressobr.com.br\/index.php?rest_route=\/wp\/v2\/posts\/2162\/revisions"}],"predecessor-version":[{"id":2164,"href":"https:\/\/oexpressobr.com.br\/index.php?rest_route=\/wp\/v2\/posts\/2162\/revisions\/2164"}],"wp:featuredmedia":[{"embeddable":true,"href":"https:\/\/oexpressobr.com.br\/index.php?rest_route=\/wp\/v2\/media\/2163"}],"wp:attachment":[{"href":"https:\/\/oexpressobr.com.br\/index.php?rest_route=%2Fwp%2Fv2%2Fmedia&parent=2162"}],"wp:term":[{"taxonomy":"category","embeddable":true,"href":"https:\/\/oexpressobr.com.br\/index.php?rest_route=%2Fwp%2Fv2%2Fcategories&post=2162"},{"taxonomy":"post_tag","embeddable":true,"href":"https:\/\/oexpressobr.com.br\/index.php?rest_route=%2Fwp%2Fv2%2Ftags&post=2162"}],"curies":[{"name":"wp","href":"https:\/\/api.w.org\/{rel}","templated":true}]}}