{"id":2165,"date":"2026-01-20T14:52:15","date_gmt":"2026-01-20T17:52:15","guid":{"rendered":"https:\/\/oexpressobr.com.br\/?p=2165"},"modified":"2026-01-20T14:52:16","modified_gmt":"2026-01-20T17:52:16","slug":"stf-torna-re-enfermeira-maria-shirlei-por-ofensas-a-flavio-dino-em-voo-comercial","status":"publish","type":"post","link":"https:\/\/oexpressobr.com.br\/?p=2165","title":{"rendered":"STF torna r\u00e9 enfermeira Maria Shirlei por ofensas a Fl\u00e1vio Dino em voo comercial"},"content":{"rendered":"\n<p class=\"wp-block-paragraph\">\u200bA Primeira Turma do Supremo Tribunal Federal (STF) decidiu, por unanimidade, tornar r\u00e9 a enfermeira e servidora p\u00fablica Maria Shirlei Piontkievicz, de 57 anos, acusada de hostilizar o ministro Fl\u00e1vio Dino durante um voo comercial. A decis\u00e3o, que converte a den\u00fancia da Procuradoria-Geral da Rep\u00fablica (PGR) em a\u00e7\u00e3o penal, foi oficializada ap\u00f3s a publica\u00e7\u00e3o do ac\u00f3rd\u00e3o no Di\u00e1rio da Justi\u00e7a Eletr\u00f4nico na \u00faltima sexta-feira (16) e detalhada nesta ter\u00e7a-feira (20).<\/p>\n\n\n\n<p class=\"wp-block-paragraph\">\u200bO epis\u00f3dio ocorreu em setembro de 2025, no trecho entre S\u00e3o Lu\u00eds (MA) e Bras\u00edlia (DF). Segundo os autos do processo, a passageira teria abordado o ministro de forma &#8220;p\u00fablica e vexat\u00f3ria&#8221;, proferindo ofensas como &#8220;\u00e9 um lixo&#8221;, &#8220;n\u00e3o vou me calar para esse tipo de gente&#8221; e afirmando que a aeronave estaria &#8220;contaminada&#8221; pela presen\u00e7a do magistrado.<\/p>\n\n\n\n<p class=\"wp-block-paragraph\">\u200b<strong>As acusa\u00e7\u00f5es e o julgamento<\/strong><\/p>\n\n\n\n<p class=\"wp-block-paragraph\">A den\u00fancia aceita pelo STF imputa \u00e0 servidora tr\u00eas crimes:<\/p>\n\n\n\n<ol class=\"wp-block-list\">\n<li>\u200b<strong>Inj\u00faria qualificada<\/strong>;<\/li>\n\n\n\n<li>\u200b<strong>Incita\u00e7\u00e3o ao crime<\/strong> (por tentar estimular outros passageiros contra o ministro);<\/li>\n\n\n\n<li>\u200b<strong>Atentado contra a seguran\u00e7a de transporte a\u00e9reo<\/strong> (devido ao tumulto gerado a bordo).<\/li>\n<\/ol>\n\n\n\n<p class=\"wp-block-paragraph\">\u200bO relator do caso, ministro Alexandre de Moraes, destacou em seu voto que h\u00e1 &#8220;provas de materialidade e ind\u00edcios suficientes de autoria&#8221; para o prosseguimento da a\u00e7\u00e3o. Ele foi acompanhado pelos ministros C\u00e1rmen L\u00facia, Luiz Fux e Cristiano Zanin. O pr\u00f3prio Fl\u00e1vio Dino se declarou impedido de votar por ser o alvo das ofensas.<\/p>\n\n\n\n<p class=\"wp-block-paragraph\">\u200b<strong>Conex\u00e3o com atos golpistas<\/strong><\/p>\n\n\n\n<p class=\"wp-block-paragraph\">O tribunal manteve a compet\u00eancia para julgar o caso por entender que h\u00e1 conex\u00e3o entre o epis\u00f3dio e os inqu\u00e9ritos que investigam mil\u00edcias digitais e ataques \u00e0 democracia. Curiosamente, o incidente ocorreu apenas um dia antes do in\u00edcio do julgamento de r\u00e9us acusados de liderar o plano de golpe de Estado de janeiro de 2023, entre eles o ex-presidente Jair Bolsonaro.<\/p>\n\n\n\n<p class=\"wp-block-paragraph\">\u200b<strong>Posicionamento da defesa<\/strong><\/p>\n\n\n\n<p class=\"wp-block-paragraph\">Em manifesta\u00e7\u00f5es recentes nas redes sociais e por meio de seus advogados, Maria Shirlei nega ter tentado agredir fisicamente o ministro, argumentando que ele estava acompanhado por seguran\u00e7as. A defesa alega falta de provas para os crimes de incita\u00e7\u00e3o e risco \u00e0 aeronave, solicitando que a r\u00e9 respondesse apenas por inj\u00faria.<\/p>\n\n\n\n<p class=\"wp-block-paragraph\">\u200bCom a abertura da a\u00e7\u00e3o penal, o processo entra agora na fase de instru\u00e7\u00e3o, com a coleta de provas e depoimentos de testemunhas. Ainda n\u00e3o h\u00e1 uma data definida para o julgamento final que decidir\u00e1 pela condena\u00e7\u00e3o ou absolvi\u00e7\u00e3o da servidora.<\/p>\n","protected":false},"excerpt":{"rendered":"<p>\u200bA Primeira Turma do Supremo Tribunal Federal (STF) decidiu, por unanimidade, tornar r\u00e9 a enfermeira e servidora p\u00fablica Maria Shirlei Piontkievicz, de 57 anos, acusada [&#8230;]<\/p>\n","protected":false},"author":1,"featured_media":2166,"comment_status":"open","ping_status":"open","sticky":false,"template":"","format":"standard","meta":{"_crdt_document":"","_jetpack_memberships_contains_paid_content":false,"footnotes":"","jetpack_publicize_message":"","jetpack_publicize_feature_enabled":true,"jetpack_social_post_already_shared":true,"jetpack_social_options":{"image_generator_settings":{"template":"highway","default_image_id":0,"font":"","enabled":false},"version":2}},"categories":[8],"tags":[],"class_list":["post-2165","post","type-post","status-publish","format-standard","has-post-thumbnail","hentry","category-judiciario"],"jetpack_publicize_connections":[],"jetpack_featured_media_url":"https:\/\/i0.wp.com\/oexpressobr.com.br\/wp-content\/uploads\/2026\/01\/54776974910_27f774db1d_o.webp?fit=1170%2C700&ssl=1","jetpack_likes_enabled":true,"jetpack_sharing_enabled":true,"_links":{"self":[{"href":"https:\/\/oexpressobr.com.br\/index.php?rest_route=\/wp\/v2\/posts\/2165","targetHints":{"allow":["GET"]}}],"collection":[{"href":"https:\/\/oexpressobr.com.br\/index.php?rest_route=\/wp\/v2\/posts"}],"about":[{"href":"https:\/\/oexpressobr.com.br\/index.php?rest_route=\/wp\/v2\/types\/post"}],"author":[{"embeddable":true,"href":"https:\/\/oexpressobr.com.br\/index.php?rest_route=\/wp\/v2\/users\/1"}],"replies":[{"embeddable":true,"href":"https:\/\/oexpressobr.com.br\/index.php?rest_route=%2Fwp%2Fv2%2Fcomments&post=2165"}],"version-history":[{"count":1,"href":"https:\/\/oexpressobr.com.br\/index.php?rest_route=\/wp\/v2\/posts\/2165\/revisions"}],"predecessor-version":[{"id":2167,"href":"https:\/\/oexpressobr.com.br\/index.php?rest_route=\/wp\/v2\/posts\/2165\/revisions\/2167"}],"wp:featuredmedia":[{"embeddable":true,"href":"https:\/\/oexpressobr.com.br\/index.php?rest_route=\/wp\/v2\/media\/2166"}],"wp:attachment":[{"href":"https:\/\/oexpressobr.com.br\/index.php?rest_route=%2Fwp%2Fv2%2Fmedia&parent=2165"}],"wp:term":[{"taxonomy":"category","embeddable":true,"href":"https:\/\/oexpressobr.com.br\/index.php?rest_route=%2Fwp%2Fv2%2Fcategories&post=2165"},{"taxonomy":"post_tag","embeddable":true,"href":"https:\/\/oexpressobr.com.br\/index.php?rest_route=%2Fwp%2Fv2%2Ftags&post=2165"}],"curies":[{"name":"wp","href":"https:\/\/api.w.org\/{rel}","templated":true}]}}