{"id":2168,"date":"2026-01-20T14:58:13","date_gmt":"2026-01-20T17:58:13","guid":{"rendered":"https:\/\/oexpressobr.com.br\/?p=2168"},"modified":"2026-01-20T14:58:14","modified_gmt":"2026-01-20T17:58:14","slug":"tse-e-ministro-nunes-marques-abrem-consulta-para-novas-regras-das-eleicoes-de-2026","status":"publish","type":"post","link":"https:\/\/oexpressobr.com.br\/?p=2168","title":{"rendered":"TSE e ministro Nunes Marques abrem consulta para novas regras das elei\u00e7\u00f5es de 2026"},"content":{"rendered":"\n<p class=\"wp-block-paragraph\">O Tribunal Superior Eleitoral (TSE) deu o pontap\u00e9 inicial na regulamenta\u00e7\u00e3o das Elei\u00e7\u00f5es Gerais de 2026. Sob a coordena\u00e7\u00e3o do vice-presidente da Corte, ministro Nunes Marques, a institui\u00e7\u00e3o publicou 12 minutas de resolu\u00e7\u00e3o que servir\u00e3o como base para o pleito. Desde a \u00faltima segunda-feira (19), o tribunal est\u00e1 com canais abertos para receber sugest\u00f5es da sociedade civil, partidos pol\u00edticos e especialistas, visando aprimorar as normas que reger\u00e3o o processo eleitoral.<\/p>\n\n\n\n<p class=\"wp-block-paragraph\">\u200bAs propostas abrangem temas cr\u00edticos, desde o calend\u00e1rio oficial at\u00e9 o uso de tecnologias emergentes. Entre as principais inova\u00e7\u00f5es sugeridas nas minutas, destaca-se o endurecimento da responsabilidade das plataformas digitais. De acordo com os textos apresentados, as redes sociais poder\u00e3o ser obrigadas a remover conte\u00fados que ataquem a integridade do processo eleitoral ou incentivem atos antidemocr\u00e1ticos de forma imediata, inclusive sem a necessidade de uma ordem judicial pr\u00e9via em casos espec\u00edficos.<\/p>\n\n\n\n<h3 class=\"wp-block-heading\">\u200bPrincipais pontos em debate<\/h3>\n\n\n\n<p class=\"wp-block-paragraph\">\u200bAs 12 minutas publicadas pelo TSE detalham regras para:<\/p>\n\n\n\n<ul class=\"wp-block-list\">\n<li>\u200b<strong>Propaganda Eleitoral e IA:<\/strong> O tribunal mant\u00e9m o foco no combate \u00e0s <em>deepfakes<\/em> e na obrigatoriedade de identificar conte\u00fados gerados por intelig\u00eancia artificial, embora especialistas ainda debatam se as normas atuais s\u00e3o suficientes para o avan\u00e7o tecnol\u00f3gico esperado at\u00e9 2026.<\/li>\n\n\n\n<li>\u200b<strong>Redes Sociais:<\/strong> A proposta refor\u00e7a o &#8220;dever de cuidado&#8221; das <em>big techs<\/em>, prevendo san\u00e7\u00f5es para empresas que permitirem a circula\u00e7\u00e3o de desinforma\u00e7\u00e3o grave contra o sistema de vota\u00e7\u00e3o.<\/li>\n\n\n\n<li>\u200b<strong>Presta\u00e7\u00e3o de Contas e Fundo Eleitoral:<\/strong> Atualiza\u00e7\u00f5es sobre a distribui\u00e7\u00e3o e fiscaliza\u00e7\u00e3o dos recursos p\u00fablicos de campanha.<\/li>\n\n\n\n<li>\u200b<strong>Pesquisas Eleitorais:<\/strong> Novas diretrizes para o registro e divulga\u00e7\u00e3o de levantamentos de inten\u00e7\u00e3o de voto.<\/li>\n<\/ul>\n\n\n\n<h3 class=\"wp-block-heading\">\u200bCronograma de participa\u00e7\u00e3o<\/h3>\n\n\n\n<p class=\"wp-block-paragraph\">\u200bO processo de escuta ativa \u00e9 dividido em etapas fundamentais:<\/p>\n\n\n\n<ol class=\"wp-block-list\">\n<li>\u200b<strong>Envio de Sugest\u00f5es:<\/strong> Cidad\u00e3os e entidades podem enviar contribui\u00e7\u00f5es via formul\u00e1rio eletr\u00f4nico no portal do TSE at\u00e9 o dia <strong>30 de janeiro<\/strong>.<\/li>\n\n\n\n<li>\u200b<strong>Manifesta\u00e7\u00e3o Oral:<\/strong> Interessados em discursar nas audi\u00eancias devem se inscrever at\u00e9 <strong>27 de janeiro<\/strong>.<\/li>\n\n\n\n<li>\u200b<strong>Audi\u00eancias P\u00fablicas:<\/strong> Entre os dias <strong>3 e 5 de fevereiro<\/strong>, o TSE realizar\u00e1 encontros h\u00edbridos (presenciais e virtuais) para debater cada eixo tem\u00e1tico.<\/li>\n<\/ol>\n\n\n\n<p class=\"wp-block-paragraph\">\u200bO ministro Nunes Marques, que presidir\u00e1 o TSE durante as elei\u00e7\u00f5es de 2026, \u00e9 o relator de todas as instru\u00e7\u00f5es. A expectativa \u00e9 que, ap\u00f3s a an\u00e1lise das sugest\u00f5es colhidas nestas audi\u00eancias, o plen\u00e1rio do tribunal vote as resolu\u00e7\u00f5es finais at\u00e9 o dia 5 de mar\u00e7o de 2026, prazo limite estabelecido pela legisla\u00e7\u00e3o para que as regras entrem em vigor para o pr\u00f3ximo pleito.<\/p>\n\n\n\n<p class=\"wp-block-paragraph\">\u200bEm 2026, os brasileiros ir\u00e3o \u00e0s urnas para eleger presidente da Rep\u00fablica, governadores, senadores e deputados federais, estaduais e distritais. O primeiro turno est\u00e1 marcado para o dia 4 de outubro.<\/p>\n","protected":false},"excerpt":{"rendered":"<p>O Tribunal Superior Eleitoral (TSE) deu o pontap\u00e9 inicial na regulamenta\u00e7\u00e3o das Elei\u00e7\u00f5es Gerais de 2026. Sob a coordena\u00e7\u00e3o do vice-presidente da Corte, ministro Nunes [&#8230;]<\/p>\n","protected":false},"author":1,"featured_media":2169,"comment_status":"open","ping_status":"open","sticky":false,"template":"","format":"standard","meta":{"_crdt_document":"","_jetpack_memberships_contains_paid_content":false,"footnotes":"","jetpack_publicize_message":"","jetpack_publicize_feature_enabled":true,"jetpack_social_post_already_shared":true,"jetpack_social_options":{"image_generator_settings":{"template":"highway","default_image_id":0,"font":"","enabled":false},"version":2}},"categories":[8],"tags":[],"class_list":["post-2168","post","type-post","status-publish","format-standard","has-post-thumbnail","hentry","category-judiciario"],"jetpack_publicize_connections":[],"jetpack_featured_media_url":"https:\/\/i0.wp.com\/oexpressobr.com.br\/wp-content\/uploads\/2026\/01\/0g0a5390_0.webp?fit=1170%2C700&ssl=1","jetpack_likes_enabled":true,"jetpack_sharing_enabled":true,"_links":{"self":[{"href":"https:\/\/oexpressobr.com.br\/index.php?rest_route=\/wp\/v2\/posts\/2168","targetHints":{"allow":["GET"]}}],"collection":[{"href":"https:\/\/oexpressobr.com.br\/index.php?rest_route=\/wp\/v2\/posts"}],"about":[{"href":"https:\/\/oexpressobr.com.br\/index.php?rest_route=\/wp\/v2\/types\/post"}],"author":[{"embeddable":true,"href":"https:\/\/oexpressobr.com.br\/index.php?rest_route=\/wp\/v2\/users\/1"}],"replies":[{"embeddable":true,"href":"https:\/\/oexpressobr.com.br\/index.php?rest_route=%2Fwp%2Fv2%2Fcomments&post=2168"}],"version-history":[{"count":1,"href":"https:\/\/oexpressobr.com.br\/index.php?rest_route=\/wp\/v2\/posts\/2168\/revisions"}],"predecessor-version":[{"id":2170,"href":"https:\/\/oexpressobr.com.br\/index.php?rest_route=\/wp\/v2\/posts\/2168\/revisions\/2170"}],"wp:featuredmedia":[{"embeddable":true,"href":"https:\/\/oexpressobr.com.br\/index.php?rest_route=\/wp\/v2\/media\/2169"}],"wp:attachment":[{"href":"https:\/\/oexpressobr.com.br\/index.php?rest_route=%2Fwp%2Fv2%2Fmedia&parent=2168"}],"wp:term":[{"taxonomy":"category","embeddable":true,"href":"https:\/\/oexpressobr.com.br\/index.php?rest_route=%2Fwp%2Fv2%2Fcategories&post=2168"},{"taxonomy":"post_tag","embeddable":true,"href":"https:\/\/oexpressobr.com.br\/index.php?rest_route=%2Fwp%2Fv2%2Ftags&post=2168"}],"curies":[{"name":"wp","href":"https:\/\/api.w.org\/{rel}","templated":true}]}}