{"id":2176,"date":"2026-01-20T15:09:16","date_gmt":"2026-01-20T18:09:16","guid":{"rendered":"https:\/\/oexpressobr.com.br\/?p=2176"},"modified":"2026-01-20T15:09:17","modified_gmt":"2026-01-20T18:09:17","slug":"anatel-e-operadoras-iniciam-retirada-definitiva-de-orelhoes-no-brasil-com-prazo-final-para-2028","status":"publish","type":"post","link":"https:\/\/oexpressobr.com.br\/?p=2176","title":{"rendered":"Anatel e operadoras iniciam retirada definitiva de orelh\u00f5es no Brasil com prazo final para 2028"},"content":{"rendered":"\n<p class=\"wp-block-paragraph\">\u200bO cen\u00e1rio urbano brasileiro est\u00e1 prestes a perder um de seus \u00edcones mais nost\u00e1lgicos. A Ag\u00eancia Nacional de Telecomunica\u00e7\u00f5es (Anatel) oficializou, neste in\u00edcio de 2026, o cronograma para a extin\u00e7\u00e3o definitiva dos Telefones de Uso P\u00fablico (TUPs), os populares orelh\u00f5es. O processo de desmonte, que j\u00e1 come\u00e7ou a ser executado pelas operadoras em todo o pa\u00eds, deve ser conclu\u00eddo integralmente at\u00e9 31 de dezembro de 2028.<\/p>\n\n\n\n<h3 class=\"wp-block-heading\">\u200bO fim de uma era e a mudan\u00e7a nos contratos<\/h3>\n\n\n\n<p class=\"wp-block-paragraph\">\u200bA decis\u00e3o \u00e9 um reflexo direto do fim dos contratos de concess\u00e3o de telefonia fixa, que expiraram em dezembro de 2025. Com a transi\u00e7\u00e3o do regime de &#8220;concess\u00e3o&#8221; para &#8220;autoriza\u00e7\u00e3o&#8221; (regime privado), empresas como <strong>Oi, Vivo (Telef\u00f4nica), Claro, Algar e Sercomtel<\/strong> deixaram de ter a obriga\u00e7\u00e3o legal de manter os equipamentos em locais com ampla cobertura de sinal m\u00f3vel.<\/p>\n\n\n\n<p class=\"wp-block-paragraph\">\u200bAtualmente, restam cerca de <strong>38 mil aparelhos<\/strong> espalhados pelo territ\u00f3rio nacional \u2014 uma redu\u00e7\u00e3o dr\u00e1stica comparada ao auge do servi\u00e7o, quando o Brasil chegou a ter mais de 1,5 milh\u00e3o de terminais. S\u00f3 no estado de S\u00e3o Paulo, que concentra a maior parte do acervo restante, cerca de 28 mil unidades est\u00e3o na mira das equipes de remo\u00e7\u00e3o.<\/p>\n\n\n\n<h3 class=\"wp-block-heading\">\u200bExce\u00e7\u00f5es e o prazo de 2028<\/h3>\n\n\n\n<p class=\"wp-block-paragraph\">\u200bEmbora a &#8220;limpeza&#8221; das cal\u00e7adas e a remo\u00e7\u00e3o de carca\u00e7as vandalizadas j\u00e1 tenha come\u00e7ado em janeiro de 2026, a extin\u00e7\u00e3o n\u00e3o ser\u00e1 imediata em todos os pontos. A Anatel estabeleceu crit\u00e9rios de sobreviv\u00eancia tempor\u00e1ria para garantir o direito \u00e0 comunica\u00e7\u00e3o em \u00e1reas vulner\u00e1veis:<\/p>\n\n\n\n<ul class=\"wp-block-list\">\n<li>\u200b<strong>Zonas sem sinal m\u00f3vel:<\/strong> Cerca de <strong>9 mil aparelhos<\/strong> permanecer\u00e3o ativos em localidades onde ainda n\u00e3o h\u00e1 cobertura 4G ou superior.<\/li>\n\n\n\n<li>\u200b<strong>Gratuidade mantida:<\/strong> Nos orelh\u00f5es remanescentes, as liga\u00e7\u00f5es locais e nacionais para telefones fixos continuam gratuitas, uma medida adotada devido \u00e0 obsolesc\u00eancia dos cart\u00f5es telef\u00f4nicos e ao baixo tr\u00e1fego de chamadas.<\/li>\n\n\n\n<li>\u200b<strong>Prazo Final:<\/strong> At\u00e9 o fim de 2028, mesmo esses aparelhos residuais dever\u00e3o ser substitu\u00eddos por outras tecnologias de universaliza\u00e7\u00e3o do acesso, como a expans\u00e3o da banda larga e da rede celular rural.<\/li>\n<\/ul>\n\n\n\n<h3 class=\"wp-block-heading\">\u200bInvestimento em tecnologia moderna<\/h3>\n\n\n\n<p class=\"wp-block-paragraph\">\u200bA contrapartida para a desativa\u00e7\u00e3o dos orelh\u00f5es \u00e9 o redirecionamento dos recursos. O capital que as operadoras utilizavam na manuten\u00e7\u00e3o onerosa desses aparelhos \u2014 frequentemente alvo de vandalismo \u2014 dever\u00e1 ser investido na expans\u00e3o de redes de transporte de alta capacidade (backbone) e na melhoria do sinal de internet em regi\u00f5es remotas.<\/p>\n\n\n\n<p class=\"wp-block-paragraph\">\u200bCriados em 1972 pela arquiteta Chu Ming Silveira, os orelh\u00f5es foram, por d\u00e9cadas, a \u00fanica via de comunica\u00e7\u00e3o para milh\u00f5es de brasileiros. Agora, tornam-se pe\u00e7as de museu e mem\u00f3ria afetiva, cedendo espa\u00e7o para a conectividade digital plena que define o s\u00e9culo XXI.<\/p>\n","protected":false},"excerpt":{"rendered":"<p>\u200bO cen\u00e1rio urbano brasileiro est\u00e1 prestes a perder um de seus \u00edcones mais nost\u00e1lgicos. A Ag\u00eancia Nacional de Telecomunica\u00e7\u00f5es (Anatel) oficializou, neste in\u00edcio de 2026, [&#8230;]<\/p>\n","protected":false},"author":1,"featured_media":2177,"comment_status":"open","ping_status":"open","sticky":false,"template":"","format":"standard","meta":{"_crdt_document":"","_jetpack_memberships_contains_paid_content":false,"footnotes":"","jetpack_publicize_message":"","jetpack_publicize_feature_enabled":true,"jetpack_social_post_already_shared":true,"jetpack_social_options":{"image_generator_settings":{"template":"highway","default_image_id":0,"font":"","enabled":false},"version":2}},"categories":[3],"tags":[],"class_list":["post-2176","post","type-post","status-publish","format-standard","has-post-thumbnail","hentry","category-brasil"],"jetpack_publicize_connections":[],"jetpack_featured_media_url":"https:\/\/i0.wp.com\/oexpressobr.com.br\/wp-content\/uploads\/2026\/01\/telefonia-orelhao-rafaelneddermeyer-fotospublicas.webp?fit=1170%2C700&ssl=1","jetpack_likes_enabled":true,"jetpack_sharing_enabled":true,"_links":{"self":[{"href":"https:\/\/oexpressobr.com.br\/index.php?rest_route=\/wp\/v2\/posts\/2176","targetHints":{"allow":["GET"]}}],"collection":[{"href":"https:\/\/oexpressobr.com.br\/index.php?rest_route=\/wp\/v2\/posts"}],"about":[{"href":"https:\/\/oexpressobr.com.br\/index.php?rest_route=\/wp\/v2\/types\/post"}],"author":[{"embeddable":true,"href":"https:\/\/oexpressobr.com.br\/index.php?rest_route=\/wp\/v2\/users\/1"}],"replies":[{"embeddable":true,"href":"https:\/\/oexpressobr.com.br\/index.php?rest_route=%2Fwp%2Fv2%2Fcomments&post=2176"}],"version-history":[{"count":1,"href":"https:\/\/oexpressobr.com.br\/index.php?rest_route=\/wp\/v2\/posts\/2176\/revisions"}],"predecessor-version":[{"id":2178,"href":"https:\/\/oexpressobr.com.br\/index.php?rest_route=\/wp\/v2\/posts\/2176\/revisions\/2178"}],"wp:featuredmedia":[{"embeddable":true,"href":"https:\/\/oexpressobr.com.br\/index.php?rest_route=\/wp\/v2\/media\/2177"}],"wp:attachment":[{"href":"https:\/\/oexpressobr.com.br\/index.php?rest_route=%2Fwp%2Fv2%2Fmedia&parent=2176"}],"wp:term":[{"taxonomy":"category","embeddable":true,"href":"https:\/\/oexpressobr.com.br\/index.php?rest_route=%2Fwp%2Fv2%2Fcategories&post=2176"},{"taxonomy":"post_tag","embeddable":true,"href":"https:\/\/oexpressobr.com.br\/index.php?rest_route=%2Fwp%2Fv2%2Ftags&post=2176"}],"curies":[{"name":"wp","href":"https:\/\/api.w.org\/{rel}","templated":true}]}}