{"id":2179,"date":"2026-01-20T15:16:55","date_gmt":"2026-01-20T18:16:55","guid":{"rendered":"https:\/\/oexpressobr.com.br\/?p=2179"},"modified":"2026-01-20T15:16:56","modified_gmt":"2026-01-20T18:16:56","slug":"justica-condena-dinorah-santana-a-prestar-contas-de-patrimonio-de-daniel-alves","status":"publish","type":"post","link":"https:\/\/oexpressobr.com.br\/?p=2179","title":{"rendered":"Justi\u00e7a condena Dinorah Santana a prestar contas de patrim\u00f4nio de Daniel Alves"},"content":{"rendered":"\n<p class=\"wp-block-paragraph\">\u200bO ministro Alexandre de Moraes, do Supremo Tribunal Federal (STF), autorizou nesta ter\u00e7a-feira (20) que o coronel da reserva Marcelo C\u00e2mara, condenado por envolvimento em uma tentativa de golpe de Estado, utilize a leitura e o estudo para abater dias de sua condena\u00e7\u00e3o. C\u00e2mara, que foi assessor do ex-presidente Jair Bolsonaro, cumpre pena de 21 anos de pris\u00e3o no Batalh\u00e3o da Pol\u00edcia do Ex\u00e9rcito, em Bras\u00edlia.<\/p>\n\n\n\n<p class=\"wp-block-paragraph\">\u200bA decis\u00e3o de Moraes baseia-se na Lei de Execu\u00e7\u00e3o Penal (LEP), que permite a remi\u00e7\u00e3o de pena por meio de atividades educativas e produtivas. De acordo com o despacho, o militar poder\u00e1 participar do programa de leitura, onde cada obra lida e avaliada por meio de uma resenha pode reduzir quatro dias de deten\u00e7\u00e3o, respeitando o limite de 12 livros por ano. Al\u00e9m disso, o ministro permitiu que o coronel se matricule em cursos de ensino \u00e0 dist\u00e2ncia (EaD), como o curso t\u00e9cnico em agroneg\u00f3cios solicitado pela defesa.<\/p>\n\n\n\n<p class=\"wp-block-paragraph\">\u200b<strong>Novos desdobramentos e o &#8220;n\u00facleo crucial&#8221;<\/strong><\/p>\n\n\n\n<p class=\"wp-block-paragraph\">A autoriza\u00e7\u00e3o para Marcelo C\u00e2mara ocorre em um momento de diversas movimenta\u00e7\u00f5es judiciais envolvendo o chamado &#8220;n\u00facleo crucial&#8221; da trama golpista. Recentemente, Moraes tamb\u00e9m concedeu benef\u00edcios semelhantes a outros condenados de alta patente, como o ex-ministro da Defesa, general Paulo S\u00e9rgio Nogueira, que cumpre pena de 19 anos.<\/p>\n\n\n\n<p class=\"wp-block-paragraph\">\u200bAl\u00e9m dos militares, o pr\u00f3prio ex-presidente Jair Bolsonaro, condenado a 27 anos e 3 meses de pris\u00e3o, teve pedidos analisados pelo ministro nas \u00faltimas semanas. Bolsonaro recebeu autoriza\u00e7\u00e3o para leitura de livros e para realizar exames de sa\u00fade fora da unidade prisional, embora tenha tido negado o acesso a uma SmartTV em sua cela.<\/p>\n\n\n\n<p class=\"wp-block-paragraph\">\u200b<strong>Regras para a redu\u00e7\u00e3o de pena<\/strong><\/p>\n\n\n\n<p class=\"wp-block-paragraph\">Para garantir o cumprimento rigoroso da lei, Moraes determinou que o Comando do Batalh\u00e3o da Pol\u00edcia do Ex\u00e9rcito envie, no prazo de 48 horas, informa\u00e7\u00f5es detalhadas sobre as atividades que C\u00e2mara pretende exercer. A legisla\u00e7\u00e3o prev\u00ea:<\/p>\n\n\n\n<ul class=\"wp-block-list\">\n<li>\u200b<strong>Leitura:<\/strong> 4 dias a menos por livro lido (m\u00e1ximo de 48 dias\/ano).<\/li>\n\n\n\n<li>\u200b<strong>Estudo:<\/strong> 1 dia a menos para cada 12 horas de frequ\u00eancia escolar.<\/li>\n\n\n\n<li>\u200b<strong>Trabalho:<\/strong> 1 dia a menos para cada 3 dias trabalhados.<\/li>\n<\/ul>\n\n\n\n<p class=\"wp-block-paragraph\">\u200bMarcelo C\u00e2mara foi condenado por crimes como golpe de Estado, organiza\u00e7\u00e3o criminosa armada e tentativa de aboli\u00e7\u00e3o violenta do Estado Democr\u00e1tico de Direito. A investiga\u00e7\u00e3o apontou que ele teria, inclusive, monitorado o pr\u00f3prio ministro Alexandre de Moraes para conhecer sua rotina antes dos atos de janeiro de 2023.<\/p>\n","protected":false},"excerpt":{"rendered":"<p>\u200bO ministro Alexandre de Moraes, do Supremo Tribunal Federal (STF), autorizou nesta ter\u00e7a-feira (20) que o coronel da reserva Marcelo C\u00e2mara, condenado por envolvimento em [&#8230;]<\/p>\n","protected":false},"author":1,"featured_media":2180,"comment_status":"open","ping_status":"open","sticky":false,"template":"","format":"standard","meta":{"_crdt_document":"","_jetpack_memberships_contains_paid_content":false,"footnotes":"","jetpack_publicize_message":"","jetpack_publicize_feature_enabled":true,"jetpack_social_post_already_shared":true,"jetpack_social_options":{"image_generator_settings":{"template":"highway","default_image_id":0,"font":"","enabled":false},"version":2}},"categories":[16],"tags":[],"class_list":["post-2179","post","type-post","status-publish","format-standard","has-post-thumbnail","hentry","category-denuncia"],"jetpack_publicize_connections":[],"jetpack_featured_media_url":"https:\/\/i0.wp.com\/oexpressobr.com.br\/wp-content\/uploads\/2026\/01\/IMG-20260120-WA0265.jpg?fit=300%2C300&ssl=1","jetpack_likes_enabled":true,"jetpack_sharing_enabled":true,"_links":{"self":[{"href":"https:\/\/oexpressobr.com.br\/index.php?rest_route=\/wp\/v2\/posts\/2179","targetHints":{"allow":["GET"]}}],"collection":[{"href":"https:\/\/oexpressobr.com.br\/index.php?rest_route=\/wp\/v2\/posts"}],"about":[{"href":"https:\/\/oexpressobr.com.br\/index.php?rest_route=\/wp\/v2\/types\/post"}],"author":[{"embeddable":true,"href":"https:\/\/oexpressobr.com.br\/index.php?rest_route=\/wp\/v2\/users\/1"}],"replies":[{"embeddable":true,"href":"https:\/\/oexpressobr.com.br\/index.php?rest_route=%2Fwp%2Fv2%2Fcomments&post=2179"}],"version-history":[{"count":1,"href":"https:\/\/oexpressobr.com.br\/index.php?rest_route=\/wp\/v2\/posts\/2179\/revisions"}],"predecessor-version":[{"id":2181,"href":"https:\/\/oexpressobr.com.br\/index.php?rest_route=\/wp\/v2\/posts\/2179\/revisions\/2181"}],"wp:featuredmedia":[{"embeddable":true,"href":"https:\/\/oexpressobr.com.br\/index.php?rest_route=\/wp\/v2\/media\/2180"}],"wp:attachment":[{"href":"https:\/\/oexpressobr.com.br\/index.php?rest_route=%2Fwp%2Fv2%2Fmedia&parent=2179"}],"wp:term":[{"taxonomy":"category","embeddable":true,"href":"https:\/\/oexpressobr.com.br\/index.php?rest_route=%2Fwp%2Fv2%2Fcategories&post=2179"},{"taxonomy":"post_tag","embeddable":true,"href":"https:\/\/oexpressobr.com.br\/index.php?rest_route=%2Fwp%2Fv2%2Ftags&post=2179"}],"curies":[{"name":"wp","href":"https:\/\/api.w.org\/{rel}","templated":true}]}}