{"id":2193,"date":"2026-01-21T05:36:33","date_gmt":"2026-01-21T08:36:33","guid":{"rendered":"https:\/\/oexpressobr.com.br\/?p=2193"},"modified":"2026-01-21T05:36:34","modified_gmt":"2026-01-21T08:36:34","slug":"projeto-oncas-do-iguacu-celebra-recorde-reprodutivo-da-onca-pintada-janaina","status":"publish","type":"post","link":"https:\/\/oexpressobr.com.br\/?p=2193","title":{"rendered":"Projeto On\u00e7as do Igua\u00e7u celebra recorde reprodutivo da on\u00e7a-pintada Jana\u00edna"},"content":{"rendered":"\n<p class=\"wp-block-paragraph\">O Parque Nacional do Igua\u00e7u, no oeste do Paran\u00e1, confirmou nesta semana um marco hist\u00f3rico para a conserva\u00e7\u00e3o da fauna brasileira. A on\u00e7a-pintada Jana\u00edna, uma das f\u00eameas mais emblem\u00e1ticas monitoradas na regi\u00e3o, foi flagrada por armadilhas fotogr\u00e1ficas acompanhada de dois novos filhotes. Com este registro, Jana\u00edna torna-se a primeira on\u00e7a-pintada acompanhada pelo <strong>Projeto On\u00e7as do Igua\u00e7u<\/strong> a documentar cinco crias ao longo de sete anos de monitoramento.<\/p>\n\n\n\n<p class=\"wp-block-paragraph\">\u200bAs imagens, capturadas originalmente em dezembro de 2025 e divulgadas agora em janeiro de 2026, mostram os pequenos felinos caminhando sob a prote\u00e7\u00e3o da m\u00e3e. Segundo os bi\u00f3logos e pesquisadores do projeto, os filhotes aparentam ter entre quatro e cinco meses de idade e apresentam bom estado de sa\u00fade.<\/p>\n\n\n\n<h3 class=\"wp-block-heading\">\u200bUma trajet\u00f3ria de esperan\u00e7a<\/h3>\n\n\n\n<p class=\"wp-block-paragraph\">\u200bJana\u00edna \u00e9 monitorada desde 2018 e seu hist\u00f3rico reprodutivo \u00e9 um indicador vital da sa\u00fade do ecossistema local. Antes dos atuais filhotes, ela j\u00e1 havia registrado outras quatro ninhadas: em 2019 (dois filhotes), 2021 (um), 2023 (tr\u00eas) e 2024 (com a filhote Tain\u00e1). O nascimento sucessivo de novos indiv\u00edduos refor\u00e7a que o Parque Nacional do Igua\u00e7u permanece como um dos ref\u00fagios mais produtivos para a esp\u00e9cie, que \u00e9 considerada criticamente amea\u00e7ada na Mata Atl\u00e2ntica.<\/p>\n\n\n\n<p class=\"wp-block-paragraph\">\u200bO nome &#8220;Jana\u00edna&#8221;, que significa &#8220;senhora das \u00e1guas&#8221;, foi escolhido por moradores da regi\u00e3o (Serran\u00f3polis do Igua\u00e7u), simbolizando a conex\u00e3o entre a comunidade e os esfor\u00e7os de preserva\u00e7\u00e3o.<\/p>\n\n\n\n<h3 class=\"wp-block-heading\">\u200bO impacto para a biodiversidade<\/h3>\n\n\n\n<p class=\"wp-block-paragraph\">\u200bPara a bi\u00f3loga <strong>Yara Barros<\/strong>, coordenadora do Projeto On\u00e7as do Igua\u00e7u, a not\u00edcia \u00e9 motivo de comemora\u00e7\u00e3o internacional. &#8220;O registro de filhotes \u00e9 sempre uma alegria, pois indica que a mata est\u00e1 bem e comportando essa popula\u00e7\u00e3o. Ver uma f\u00eamea como a Jana\u00edna prosperar tanto tempo em vida livre \u00e9 a prova de que o trabalho de monitoramento e prote\u00e7\u00e3o est\u00e1 dando resultados&#8221;, afirmou em comunicado oficial.<\/p>\n\n\n\n<p class=\"wp-block-paragraph\">\u200bAtualmente, estima-se que existam cerca de <strong>25 on\u00e7as-pintadas<\/strong> vivendo nos 185 mil hectares do Parque Nacional do Igua\u00e7u. A unidade de conserva\u00e7\u00e3o \u00e9 hoje o \u00fanico local da Mata Atl\u00e2ntica onde a popula\u00e7\u00e3o da esp\u00e9cie est\u00e1 comprovadamente crescendo, contrastando com o decl\u00ednio observado em outros biomas.<\/p>\n\n\n\n<h3 class=\"wp-block-heading\">\u200bPr\u00f3ximos passos<\/h3>\n\n\n\n<p class=\"wp-block-paragraph\">\u200bA equipe t\u00e9cnica continuar\u00e1 o acompanhamento remoto da nova fam\u00edlia. Assim que for poss\u00edvel determinar o sexo dos filhotes, o projeto pretende realizar uma campanha para que o p\u00fablico ajude a escolher os nomes, buscando engajar a sociedade na prote\u00e7\u00e3o do maior felino das Am\u00e9ricas.<\/p>\n\n\n\n<p class=\"wp-block-paragraph\">\u200bO projeto conta com o apoio do <strong>ICMBio<\/strong> e da concession\u00e1ria <strong>Urbia+Cataratas<\/strong>, que recentemente refor\u00e7aram o investimento em tecnologias de monitoramento e programas de educa\u00e7\u00e3o ambiental nas comunidades vizinhas ao parque para garantir a coexist\u00eancia pac\u00edfica entre humanos e on\u00e7as.<\/p>\n","protected":false},"excerpt":{"rendered":"<p>O Parque Nacional do Igua\u00e7u, no oeste do Paran\u00e1, confirmou nesta semana um marco hist\u00f3rico para a conserva\u00e7\u00e3o da fauna brasileira. A on\u00e7a-pintada Jana\u00edna, uma [&#8230;]<\/p>\n","protected":false},"author":1,"featured_media":2194,"comment_status":"open","ping_status":"open","sticky":false,"template":"","format":"standard","meta":{"_crdt_document":"","_jetpack_memberships_contains_paid_content":false,"footnotes":"","jetpack_publicize_message":"","jetpack_publicize_feature_enabled":true,"jetpack_social_post_already_shared":true,"jetpack_social_options":{"image_generator_settings":{"template":"highway","default_image_id":0,"font":"","enabled":false},"version":2}},"categories":[5],"tags":[],"class_list":["post-2193","post","type-post","status-publish","format-standard","has-post-thumbnail","hentry","category-parana"],"jetpack_publicize_connections":[],"jetpack_featured_media_url":"https:\/\/oexpressobr.com.br\/wp-content\/uploads\/2026\/01\/g1-pr-5-.avif","jetpack_likes_enabled":true,"jetpack_sharing_enabled":true,"_links":{"self":[{"href":"https:\/\/oexpressobr.com.br\/index.php?rest_route=\/wp\/v2\/posts\/2193","targetHints":{"allow":["GET"]}}],"collection":[{"href":"https:\/\/oexpressobr.com.br\/index.php?rest_route=\/wp\/v2\/posts"}],"about":[{"href":"https:\/\/oexpressobr.com.br\/index.php?rest_route=\/wp\/v2\/types\/post"}],"author":[{"embeddable":true,"href":"https:\/\/oexpressobr.com.br\/index.php?rest_route=\/wp\/v2\/users\/1"}],"replies":[{"embeddable":true,"href":"https:\/\/oexpressobr.com.br\/index.php?rest_route=%2Fwp%2Fv2%2Fcomments&post=2193"}],"version-history":[{"count":1,"href":"https:\/\/oexpressobr.com.br\/index.php?rest_route=\/wp\/v2\/posts\/2193\/revisions"}],"predecessor-version":[{"id":2195,"href":"https:\/\/oexpressobr.com.br\/index.php?rest_route=\/wp\/v2\/posts\/2193\/revisions\/2195"}],"wp:featuredmedia":[{"embeddable":true,"href":"https:\/\/oexpressobr.com.br\/index.php?rest_route=\/wp\/v2\/media\/2194"}],"wp:attachment":[{"href":"https:\/\/oexpressobr.com.br\/index.php?rest_route=%2Fwp%2Fv2%2Fmedia&parent=2193"}],"wp:term":[{"taxonomy":"category","embeddable":true,"href":"https:\/\/oexpressobr.com.br\/index.php?rest_route=%2Fwp%2Fv2%2Fcategories&post=2193"},{"taxonomy":"post_tag","embeddable":true,"href":"https:\/\/oexpressobr.com.br\/index.php?rest_route=%2Fwp%2Fv2%2Ftags&post=2193"}],"curies":[{"name":"wp","href":"https:\/\/api.w.org\/{rel}","templated":true}]}}