{"id":2196,"date":"2026-01-21T05:41:57","date_gmt":"2026-01-21T08:41:57","guid":{"rendered":"https:\/\/oexpressobr.com.br\/?p=2196"},"modified":"2026-01-21T05:41:58","modified_gmt":"2026-01-21T08:41:58","slug":"homem-e-preso-por-perseguir-e-difamar-juiza-promotora-e-advogada-em-processo-de-guarda-no-rio","status":"publish","type":"post","link":"https:\/\/oexpressobr.com.br\/?p=2196","title":{"rendered":"Homem \u00e9 preso por perseguir e difamar ju\u00edza, promotora e advogada em processo de guarda no Rio"},"content":{"rendered":"\n<p class=\"wp-block-paragraph\">Um homem de 40 anos, identificado como <strong>Vin\u00edcius Guedes Sin<\/strong>, foi preso pela Pol\u00edcia Civil do Rio de Janeiro sob a acusa\u00e7\u00e3o de praticar crimes de persegui\u00e7\u00e3o (stalking) e difama\u00e7\u00e3o contra tr\u00eas operadoras do Direito. As v\u00edtimas s\u00e3o uma <strong>ju\u00edza<\/strong>, uma <strong>promotora de Justi\u00e7a<\/strong> e a sua pr\u00f3pria <strong>ex-advogada<\/strong>, todas atuantes em um processo de Direito de Fam\u00edlia que envolve a disputa pela guarda de seu filho.<\/p>\n\n\n\n<h3 class=\"wp-block-heading\">\u200bO esquema de ataques virtuais<\/h3>\n\n\n\n<p class=\"wp-block-paragraph\">\u200bDe acordo com as investiga\u00e7\u00f5es da 16\u00aa DP (Barra da Tijuca), Vin\u00edcius n\u00e3o aceitava as decis\u00f5es judiciais proferidas no processo de guarda. Como retalia\u00e7\u00e3o, ele passou a utilizar as redes sociais e canais de comunica\u00e7\u00e3o para proferir ofensas e ataques sistem\u00e1ticos \u00e0 honra das profissionais envolvidas.<\/p>\n\n\n\n<ul class=\"wp-block-list\">\n<li>\u200b<strong>As V\u00edtimas:<\/strong> Al\u00e9m da magistrada e da representante do Minist\u00e9rio P\u00fablico, o acusado mirou sua pr\u00f3pria defesa t\u00e9cnica, atacando a advogada que o representava anteriormente.<\/li>\n\n\n\n<li>\u200b<strong>O &#8220;Modus Operandi&#8221;:<\/strong> O investigado criava perfis e utilizava plataformas digitais para disseminar informa\u00e7\u00f5es falsas e discursos de \u00f3dio, tentando deslegitimar a atua\u00e7\u00e3o t\u00e9cnica das autoridades e da advogada.<\/li>\n\n\n\n<li>\u200b<strong>A Pris\u00e3o:<\/strong> A captura ocorreu ap\u00f3s o monitoramento das atividades digitais e a constata\u00e7\u00e3o do risco \u00e0 integridade psicol\u00f3gica e \u00e0 seguran\u00e7a das v\u00edtimas.<\/li>\n<\/ul>\n\n\n\n<h3 class=\"wp-block-heading\">\u200bContexto Jur\u00eddico e Stalking<\/h3>\n\n\n\n<p class=\"wp-block-paragraph\">\u200bO caso acende um alerta sobre a seguran\u00e7a de profissionais do Judici\u00e1rio em processos de alta voltagem emocional, como os de vara de fam\u00edlia. Desde 2021, o crime de <strong>persegui\u00e7\u00e3o (Art. 147-A do C\u00f3digo Penal)<\/strong> prev\u00ea reclus\u00e3o para quem invade a liberdade ou privacidade de outrem.<\/p>\n\n\n\n<blockquote class=\"wp-block-quote is-layout-flow wp-block-quote-is-layout-flow\">\n<p class=\"wp-block-paragraph\">\u200b&#8221;A atua\u00e7\u00e3o de magistrados e promotores \u00e9 pautada na lei, e tentativas de intimida\u00e7\u00e3o atrav\u00e9s de linchamentos virtuais configuram crime grave contra a administra\u00e7\u00e3o da Justi\u00e7a&#8221;, destacaram autoridades ligadas ao caso.<\/p>\n<\/blockquote>\n\n\n\n<h3 class=\"wp-block-heading\">\u200bDesdobramentos<\/h3>\n\n\n\n<p class=\"wp-block-paragraph\">\u200bVin\u00edcius Guedes Sin foi encaminhado ao sistema prisional e responder\u00e1 pelos crimes de persegui\u00e7\u00e3o e difama\u00e7\u00e3o. O processo de guarda do menor segue tramitando sob sigilo de Justi\u00e7a, visando preservar a crian\u00e7a envolvida no conflito.<\/p>\n","protected":false},"excerpt":{"rendered":"<p>Um homem de 40 anos, identificado como Vin\u00edcius Guedes Sin, foi preso pela Pol\u00edcia Civil do Rio de Janeiro sob a acusa\u00e7\u00e3o de praticar crimes [&#8230;]<\/p>\n","protected":false},"author":1,"featured_media":2197,"comment_status":"open","ping_status":"open","sticky":false,"template":"","format":"standard","meta":{"_crdt_document":"","_jetpack_memberships_contains_paid_content":false,"footnotes":"","jetpack_publicize_message":"","jetpack_publicize_feature_enabled":true,"jetpack_social_post_already_shared":true,"jetpack_social_options":{"image_generator_settings":{"template":"highway","default_image_id":0,"font":"","enabled":false},"version":2}},"categories":[9],"tags":[],"class_list":["post-2196","post","type-post","status-publish","format-standard","has-post-thumbnail","hentry","category-policia"],"jetpack_publicize_connections":[],"jetpack_featured_media_url":"https:\/\/i0.wp.com\/oexpressobr.com.br\/wp-content\/uploads\/2026\/01\/captura-de-tela-2026-01-19-085940.jpeg?fit=984%2C581&ssl=1","jetpack_likes_enabled":true,"jetpack_sharing_enabled":true,"_links":{"self":[{"href":"https:\/\/oexpressobr.com.br\/index.php?rest_route=\/wp\/v2\/posts\/2196","targetHints":{"allow":["GET"]}}],"collection":[{"href":"https:\/\/oexpressobr.com.br\/index.php?rest_route=\/wp\/v2\/posts"}],"about":[{"href":"https:\/\/oexpressobr.com.br\/index.php?rest_route=\/wp\/v2\/types\/post"}],"author":[{"embeddable":true,"href":"https:\/\/oexpressobr.com.br\/index.php?rest_route=\/wp\/v2\/users\/1"}],"replies":[{"embeddable":true,"href":"https:\/\/oexpressobr.com.br\/index.php?rest_route=%2Fwp%2Fv2%2Fcomments&post=2196"}],"version-history":[{"count":1,"href":"https:\/\/oexpressobr.com.br\/index.php?rest_route=\/wp\/v2\/posts\/2196\/revisions"}],"predecessor-version":[{"id":2198,"href":"https:\/\/oexpressobr.com.br\/index.php?rest_route=\/wp\/v2\/posts\/2196\/revisions\/2198"}],"wp:featuredmedia":[{"embeddable":true,"href":"https:\/\/oexpressobr.com.br\/index.php?rest_route=\/wp\/v2\/media\/2197"}],"wp:attachment":[{"href":"https:\/\/oexpressobr.com.br\/index.php?rest_route=%2Fwp%2Fv2%2Fmedia&parent=2196"}],"wp:term":[{"taxonomy":"category","embeddable":true,"href":"https:\/\/oexpressobr.com.br\/index.php?rest_route=%2Fwp%2Fv2%2Fcategories&post=2196"},{"taxonomy":"post_tag","embeddable":true,"href":"https:\/\/oexpressobr.com.br\/index.php?rest_route=%2Fwp%2Fv2%2Ftags&post=2196"}],"curies":[{"name":"wp","href":"https:\/\/api.w.org\/{rel}","templated":true}]}}