{"id":2201,"date":"2026-01-21T05:47:59","date_gmt":"2026-01-21T08:47:59","guid":{"rendered":"https:\/\/oexpressobr.com.br\/?p=2201"},"modified":"2026-01-21T05:48:00","modified_gmt":"2026-01-21T08:48:00","slug":"nikolas-ferreira-carlos-bolsonaro-e-aliados-avancam-em-marcha-rumo-a-capital-federal","status":"publish","type":"post","link":"https:\/\/oexpressobr.com.br\/?p=2201","title":{"rendered":"Nikolas Ferreira, Carlos Bolsonaro e aliados avan\u00e7am em marcha rumo \u00e0 capital federal"},"content":{"rendered":"\n<p class=\"wp-block-paragraph\">O cen\u00e1rio pol\u00edtico brasileiro ganha novos contornos nesta semana com a chamada \u201cCaminhada Patri\u00f3tica\u201d ou \u201cCaminhada pela Liberdade e Justi\u00e7a\u201d, liderada pelo deputado federal Nikolas Ferreira (PL-MG). Iniciada na \u00faltima segunda-feira, 19 de janeiro de 2026, a jornada de 240 quil\u00f4metros partiu de Paracatu, no noroeste de Minas Gerais, com destino \u00e0 capital federal. O ato \u00e9 um protesto direto contra a pris\u00e3o do ex-presidente Jair Bolsonaro \u2014 que cumpre pena no Complexo da Papuda \u2014 e as condena\u00e7\u00f5es relacionadas aos eventos de 8 de janeiro.<\/p>\n\n\n\n<p class=\"wp-block-paragraph\">\u200bAbaixo, detalhamos as principais curiosidades e as \u00faltimas atualiza\u00e7\u00f5es sobre o movimento que mobiliza a ala conservadora nas redes sociais.<\/p>\n\n\n\n<h3 class=\"wp-block-heading\">\u200b1. Camisa escrita com batom: o simbolismo de D\u00e9bora<\/h3>\n\n\n\n<p class=\"wp-block-paragraph\">\u200bUma das imagens mais marcantes da caminhada at\u00e9 agora \u00e9 a vestimenta de Nikolas Ferreira. O deputado utiliza uma camiseta branca com a frase &#8220;Acorda Brasil&#8221; escrita \u00e0 m\u00e3o. Ele revelou que o texto foi feito com batom, em uma refer\u00eancia direta a D\u00e9bora Rodrigues dos Santos, manifestante que foi presa ap\u00f3s escrever a frase &#8220;Perdeu, man\u00e9&#8221; na est\u00e1tua da Justi\u00e7a, em frente ao STF, durante os atos de 8 de janeiro. Nikolas descreve o gesto como uma homenagem aos que considera &#8220;presos injustamente&#8221;.<\/p>\n\n\n\n<h3 class=\"wp-block-heading\">\u200b2. A ades\u00e3o de peso de Carlos Bolsonaro<\/h3>\n\n\n\n<p class=\"wp-block-paragraph\">\u200bO movimento, que come\u00e7ou focado na figura do parlamentar mineiro, ganhou novo f\u00f4lego pol\u00edtico na ter\u00e7a-feira (20) com a chegada de Carlos Bolsonaro (PL-RJ). O vereador carioca e filho &#8220;02&#8221; do ex-presidente se juntou ao grupo na BR-040. Ao encontr\u00e1-lo, Nikolas declarou: \u201c\u00c9 pelo teu pai e pelos presos do 8 de Janeiro\u201d. A presen\u00e7a de Carlos sinaliza o apoio total da fam\u00edlia Bolsonaro \u00e0 iniciativa.<\/p>\n\n\n\n<h3 class=\"wp-block-heading\">\u200b3. Log\u00edstica e pernoite em &#8220;postinhos&#8221;<\/h3>\n\n\n\n<p class=\"wp-block-paragraph\">\u200bA rotina dos caminhantes tem sido acompanhada em tempo real nas redes sociais. Al\u00e9m de Nikolas e Carlos Bolsonaro, outros nomes da direita como Gustavo Gayer (PL-GO) e Andr\u00e9 Fernandes (PL-CE) integram a comitiva. Gayer relatou que o grupo tem dormido em locais improvisados, como postos de gasolina \u00e0 beira da estrada, enfrentando o desgaste f\u00edsico e dores musculares. A meta \u00e9 percorrer cerca de 40 quil\u00f4metros por dia para chegar a Bras\u00edlia no domingo, 25 de janeiro.<\/p>\n\n\n\n<h3 class=\"wp-block-heading\">\u200b4. Chamadas de v\u00eddeo e apoio institucional<\/h3>\n\n\n\n<p class=\"wp-block-paragraph\">\u200bMesmo na estrada, a articula\u00e7\u00e3o pol\u00edtica continua. Nikolas tem recebido liga\u00e7\u00f5es de apoio de importantes figuras do Partido Liberal, incluindo o senador Fl\u00e1vio Bolsonaro (PL-RJ), atual pr\u00e9-candidato \u00e0 Presid\u00eancia da Rep\u00fablica para o pleito de 2026. A caminhada serve como um term\u00f4metro para medir a fidelidade e a capacidade de mobiliza\u00e7\u00e3o da base bolsonarista em um momento de press\u00e3o institucional.<\/p>\n\n\n\n<h3 class=\"wp-block-heading\">\u200b5. Regras de engajamento: fotos, mas sem parar o passo<\/h3>\n\n\n\n<p class=\"wp-block-paragraph\">\u200bPara manter o cronograma e evitar atrasos, a equipe de Nikolas estabeleceu uma regra informal para os apoiadores que encontram o grupo na estrada: selfies e v\u00eddeos s\u00e3o permitidos, mas os simpatizantes devem acompanhar o passo do deputado. O parlamentar tem compartilhado registros de motoristas buzinando em apoio e pedestres que se juntam ao trajeto por alguns quil\u00f4metros antes de retornar.<\/p>\n\n\n\n<p class=\"wp-block-paragraph\">\u200b<strong>O que esperar nos pr\u00f3ximos dias?<\/strong><\/p>\n\n\n\n<p class=\"wp-block-paragraph\">A chegada a Bras\u00edlia est\u00e1 prevista para este domingo (25), onde manifesta\u00e7\u00f5es de apoio j\u00e1 est\u00e3o sendo convocadas para ocorrer em frente \u00e0 Esplanada dos Minist\u00e9rios e pr\u00f3ximo ao local onde Jair Bolsonaro est\u00e1 detido. O ex-presidente, condenado a 27 anos de pris\u00e3o por tentativa de golpe de Estado, permanece no 19\u00ba Batalh\u00e3o da PMDF, a chamada &#8220;Papudinha&#8221;, e ainda n\u00e3o se manifestou oficialmente sobre o ato dos aliados.<\/p>\n\n\n\n<p class=\"wp-block-paragraph\"><\/p>\n","protected":false},"excerpt":{"rendered":"<p>O cen\u00e1rio pol\u00edtico brasileiro ganha novos contornos nesta semana com a chamada \u201cCaminhada Patri\u00f3tica\u201d ou \u201cCaminhada pela Liberdade e Justi\u00e7a\u201d, liderada pelo deputado federal Nikolas [&#8230;]<\/p>\n","protected":false},"author":1,"featured_media":2202,"comment_status":"open","ping_status":"open","sticky":false,"template":"","format":"standard","meta":{"_crdt_document":"","_jetpack_memberships_contains_paid_content":false,"footnotes":"","jetpack_publicize_message":"","jetpack_publicize_feature_enabled":true,"jetpack_social_post_already_shared":true,"jetpack_social_options":{"image_generator_settings":{"template":"highway","default_image_id":0,"font":"","enabled":false},"version":2}},"categories":[7],"tags":[],"class_list":["post-2201","post","type-post","status-publish","format-standard","has-post-thumbnail","hentry","category-politica"],"jetpack_publicize_connections":[],"jetpack_featured_media_url":"https:\/\/i0.wp.com\/oexpressobr.com.br\/wp-content\/uploads\/2026\/01\/6453345435.jpg?fit=414%2C280&ssl=1","jetpack_likes_enabled":true,"jetpack_sharing_enabled":true,"_links":{"self":[{"href":"https:\/\/oexpressobr.com.br\/index.php?rest_route=\/wp\/v2\/posts\/2201","targetHints":{"allow":["GET"]}}],"collection":[{"href":"https:\/\/oexpressobr.com.br\/index.php?rest_route=\/wp\/v2\/posts"}],"about":[{"href":"https:\/\/oexpressobr.com.br\/index.php?rest_route=\/wp\/v2\/types\/post"}],"author":[{"embeddable":true,"href":"https:\/\/oexpressobr.com.br\/index.php?rest_route=\/wp\/v2\/users\/1"}],"replies":[{"embeddable":true,"href":"https:\/\/oexpressobr.com.br\/index.php?rest_route=%2Fwp%2Fv2%2Fcomments&post=2201"}],"version-history":[{"count":1,"href":"https:\/\/oexpressobr.com.br\/index.php?rest_route=\/wp\/v2\/posts\/2201\/revisions"}],"predecessor-version":[{"id":2203,"href":"https:\/\/oexpressobr.com.br\/index.php?rest_route=\/wp\/v2\/posts\/2201\/revisions\/2203"}],"wp:featuredmedia":[{"embeddable":true,"href":"https:\/\/oexpressobr.com.br\/index.php?rest_route=\/wp\/v2\/media\/2202"}],"wp:attachment":[{"href":"https:\/\/oexpressobr.com.br\/index.php?rest_route=%2Fwp%2Fv2%2Fmedia&parent=2201"}],"wp:term":[{"taxonomy":"category","embeddable":true,"href":"https:\/\/oexpressobr.com.br\/index.php?rest_route=%2Fwp%2Fv2%2Fcategories&post=2201"},{"taxonomy":"post_tag","embeddable":true,"href":"https:\/\/oexpressobr.com.br\/index.php?rest_route=%2Fwp%2Fv2%2Ftags&post=2201"}],"curies":[{"name":"wp","href":"https:\/\/api.w.org\/{rel}","templated":true}]}}