{"id":2211,"date":"2026-01-21T06:07:10","date_gmt":"2026-01-21T09:07:10","guid":{"rendered":"https:\/\/oexpressobr.com.br\/?p=2211"},"modified":"2026-01-21T06:07:11","modified_gmt":"2026-01-21T09:07:11","slug":"samu-afasta-medica-apos-jovem-ser-declarada-morta-por-engano-em-bauru-e-reanimada-em-rodovia","status":"publish","type":"post","link":"https:\/\/oexpressobr.com.br\/?p=2211","title":{"rendered":"Samu afasta m\u00e9dica ap\u00f3s jovem ser declarada morta por engano em Bauru e reanimada em rodovia"},"content":{"rendered":"\n<p class=\"wp-block-paragraph\">Um erro grav\u00edssimo durante um atendimento de emerg\u00eancia chocou a cidade de Bauru, no interior de S\u00e3o Paulo, nesta semana. <strong>Fernanda Cristina Policarpo<\/strong>, de 29 anos, foi declarada morta por uma equipe do <strong>Samu (Servi\u00e7o de Atendimento M\u00f3vel de Urg\u00eancia)<\/strong> ap\u00f3s ser atropelada na Rodovia Comandante Jo\u00e3o Ribeiro de Barros (SP-294). No entanto, minutos depois, enquanto o corpo era coberto, testemunhas e um socorrista de outra unidade perceberam que a jovem ainda respirava.<\/p>\n\n\n\n<h3 class=\"wp-block-heading\">\u200bO erro e o desespero da fam\u00edlia<\/h3>\n\n\n\n<p class=\"wp-block-paragraph\">\u200bO acidente ocorreu na tarde de segunda-feira (19\/01\/2026). Fernanda foi atingida por um ve\u00edculo e, ao chegar ao local, a m\u00e9dica da unidade avan\u00e7ada do Samu atestou o \u00f3bito imediatamente. V\u00eddeos registrados por pessoas que passavam pela rodovia mostram o momento em que a equipe do Samu coloca uma manta t\u00e9rmica sobre a jovem, tratando-a como um cad\u00e1ver.<\/p>\n\n\n\n<p class=\"wp-block-paragraph\">\u200bNas imagens, \u00e9 poss\u00edvel ouvir uma testemunha confrontando os profissionais: <strong>&#8220;A mo\u00e7a t\u00e1 respirando, eu estou vendo!&#8221;<\/strong>. Enquanto isso, a m\u00e3e de Fernanda, em estado de choque, tentava se aproximar da filha e era impedida pelos socorristas, que reafirmavam a morte.<\/p>\n\n\n\n<h3 class=\"wp-block-heading\">\u200bA reviravolta no asfalto<\/h3>\n\n\n\n<p class=\"wp-block-paragraph\">\u200bA situa\u00e7\u00e3o mudou quando uma equipe de socorro da concession\u00e1ria <strong>Eixo SP<\/strong>, que administra a via, chegou para prestar apoio. Ao analisar o corpo que j\u00e1 estava sendo isolado para a per\u00edcia, um socorrista da concession\u00e1ria identificou sinais vitais e iniciou manobras de reanima\u00e7\u00e3o.<\/p>\n\n\n\n<p class=\"wp-block-paragraph\">\u200bAp\u00f3s a constata\u00e7\u00e3o de que Fernanda estava viva, ela foi levada \u00e0s pressas para o <strong>Pronto-Socorro Central de Bauru<\/strong> e, posteriormente, transferida para a <strong>UTI do Hospital de Base<\/strong>.<\/p>\n\n\n\n<h3 class=\"wp-block-heading\">\u200bDesdobramentos e provid\u00eancias<\/h3>\n\n\n\n<p class=\"wp-block-paragraph\">\u200bO caso gerou revolta e j\u00e1 provoca consequ\u00eancias administrativas e jur\u00eddicas:<\/p>\n\n\n\n<ul class=\"wp-block-list\">\n<li>\u200b<strong>Afastamento Profissional:<\/strong> A Prefeitura de Bauru confirmou que a m\u00e9dica que assinou o \u00f3bito prematuro foi afastada de suas fun\u00e7\u00f5es.<\/li>\n\n\n\n<li>\u200b<strong>Sindic\u00e2ncia:<\/strong> Uma investiga\u00e7\u00e3o interna foi aberta pelo Samu para apurar por que os protocolos de verifica\u00e7\u00e3o de sinais vitais falharam.<\/li>\n\n\n\n<li>\u200b<strong>Estado de Sa\u00fade:<\/strong> At\u00e9 a manh\u00e3 desta quarta-feira (21), Fernanda permanece internada em estado grave. A fam\u00edlia acredita que a demora no atendimento real, causada pelo erro inicial, pode ter agravado as sequelas.<\/li>\n<\/ul>\n","protected":false},"excerpt":{"rendered":"<p>Um erro grav\u00edssimo durante um atendimento de emerg\u00eancia chocou a cidade de Bauru, no interior de S\u00e3o Paulo, nesta semana. Fernanda Cristina Policarpo, de 29 [&#8230;]<\/p>\n","protected":false},"author":1,"featured_media":2212,"comment_status":"open","ping_status":"open","sticky":false,"template":"","format":"standard","meta":{"_crdt_document":"","_jetpack_memberships_contains_paid_content":false,"footnotes":"","jetpack_publicize_message":"","jetpack_publicize_feature_enabled":true,"jetpack_social_post_already_shared":true,"jetpack_social_options":{"image_generator_settings":{"template":"highway","default_image_id":0,"font":"","enabled":false},"version":2}},"categories":[3],"tags":[],"class_list":["post-2211","post","type-post","status-publish","format-standard","has-post-thumbnail","hentry","category-brasil"],"jetpack_publicize_connections":[],"jetpack_featured_media_url":"https:\/\/i0.wp.com\/oexpressobr.com.br\/wp-content\/uploads\/2026\/01\/IMG-20260121-WA0078.jpg?fit=1270%2C800&ssl=1","jetpack_likes_enabled":true,"jetpack_sharing_enabled":true,"_links":{"self":[{"href":"https:\/\/oexpressobr.com.br\/index.php?rest_route=\/wp\/v2\/posts\/2211","targetHints":{"allow":["GET"]}}],"collection":[{"href":"https:\/\/oexpressobr.com.br\/index.php?rest_route=\/wp\/v2\/posts"}],"about":[{"href":"https:\/\/oexpressobr.com.br\/index.php?rest_route=\/wp\/v2\/types\/post"}],"author":[{"embeddable":true,"href":"https:\/\/oexpressobr.com.br\/index.php?rest_route=\/wp\/v2\/users\/1"}],"replies":[{"embeddable":true,"href":"https:\/\/oexpressobr.com.br\/index.php?rest_route=%2Fwp%2Fv2%2Fcomments&post=2211"}],"version-history":[{"count":1,"href":"https:\/\/oexpressobr.com.br\/index.php?rest_route=\/wp\/v2\/posts\/2211\/revisions"}],"predecessor-version":[{"id":2213,"href":"https:\/\/oexpressobr.com.br\/index.php?rest_route=\/wp\/v2\/posts\/2211\/revisions\/2213"}],"wp:featuredmedia":[{"embeddable":true,"href":"https:\/\/oexpressobr.com.br\/index.php?rest_route=\/wp\/v2\/media\/2212"}],"wp:attachment":[{"href":"https:\/\/oexpressobr.com.br\/index.php?rest_route=%2Fwp%2Fv2%2Fmedia&parent=2211"}],"wp:term":[{"taxonomy":"category","embeddable":true,"href":"https:\/\/oexpressobr.com.br\/index.php?rest_route=%2Fwp%2Fv2%2Fcategories&post=2211"},{"taxonomy":"post_tag","embeddable":true,"href":"https:\/\/oexpressobr.com.br\/index.php?rest_route=%2Fwp%2Fv2%2Ftags&post=2211"}],"curies":[{"name":"wp","href":"https:\/\/api.w.org\/{rel}","templated":true}]}}