{"id":2214,"date":"2026-01-21T06:12:49","date_gmt":"2026-01-21T09:12:49","guid":{"rendered":"https:\/\/oexpressobr.com.br\/?p=2214"},"modified":"2026-01-21T06:12:50","modified_gmt":"2026-01-21T09:12:50","slug":"kim-jong-un-demite-vice-premie-yang-sung-ho-e-o-compara-a-uma-cabra-puxando-carroca-de-bois","status":"publish","type":"post","link":"https:\/\/oexpressobr.com.br\/?p=2214","title":{"rendered":"Kim Jong-un demite vice-premi\u00ea Yang Sung-ho e o compara a uma \u2018cabra puxando carro\u00e7a de bois\u2019"},"content":{"rendered":"\n<p class=\"wp-block-paragraph\">Em um gesto raro de exposi\u00e7\u00e3o p\u00fablica de falhas administrativas, o l\u00edder da Coreia do Norte, Kim Jong-un, demitiu sumariamente o vice-primeiro-ministro Yang Sung-ho. O an\u00fancio foi feito durante uma inspe\u00e7\u00e3o ao Complexo de M\u00e1quinas de Ryongsong, onde o ditador utilizou met\u00e1foras contundentes para justificar a sa\u00edda do oficial por &#8220;extrema incompet\u00eancia&#8221;.<\/p>\n\n\n\n<p class=\"wp-block-paragraph\">\u200b<strong>O &#8220;erro incidental&#8221; de Pyongyang<\/strong><\/p>\n\n\n\n<p class=\"wp-block-paragraph\">Durante seu discurso, proferido diante de trabalhadores e c\u00fapula do governo, Kim Jong-un afirmou que a nomea\u00e7\u00e3o de Yang foi um &#8220;erro incidental&#8221; no processo de sele\u00e7\u00e3o de pessoal do regime. Ao descrever a atua\u00e7\u00e3o do vice-premi\u00ea no projeto de moderniza\u00e7\u00e3o industrial, Kim disparou: &#8220;Para usar uma linguagem mais simples e figurativa, ele era como uma cabra puxando uma carro\u00e7a de bois. Poder\u00edamos esperar que uma cabra puxasse uma carro\u00e7a feita para um boi?&#8221;.<\/p>\n\n\n\n<p class=\"wp-block-paragraph\">\u200bSegundo a ag\u00eancia estatal KCNA, Yang Sung-ho \u2014 que era o respons\u00e1vel pela ind\u00fastria de constru\u00e7\u00e3o de m\u00e1quinas \u2014 foi acusado de causar &#8220;confus\u00e3o artificial desnecess\u00e1ria&#8221; e preju\u00edzos econ\u00f4micos significativos durante as obras de renova\u00e7\u00e3o do complexo fabril em Hamgyong.<\/p>\n\n\n\n<p class=\"wp-block-paragraph\">\u200b<strong>Contexto pol\u00edtico: Purgas e o 9\u00ba Congresso do Partido<\/strong><\/p>\n\n\n\n<p class=\"wp-block-paragraph\">Especialistas em geopol\u00edtica asi\u00e1tica indicam que a demiss\u00e3o p\u00fablica n\u00e3o \u00e9 apenas uma quest\u00e3o de efici\u00eancia t\u00e9cnica. A a\u00e7\u00e3o ocorre em um momento de prepara\u00e7\u00e3o para o <strong>9\u00ba Congresso do Partido dos Trabalhadores<\/strong>, previsto para as pr\u00f3ximas semanas.<\/p>\n\n\n\n<p class=\"wp-block-paragraph\">\u200bAnalistas sugerem que Kim Jong-un est\u00e1 utilizando Yang como um &#8220;bode expiat\u00f3rio&#8221; para transferir a responsabilidade pelos problemas econ\u00f4micos cr\u00f4nicos do pa\u00eds, agravados por san\u00e7\u00f5es internacionais e pelo foco desproporcional em armamentos. O l\u00edder norte-coreano tem endurecido o tom contra o &#8220;derrotismo e a passividade&#8221; da burocracia estatal, sinalizando que novas reformas e purgas no gabinete podem ocorrer para &#8220;limpar o mal&#8221; da m\u00e1quina p\u00fablica antes do grande evento partid\u00e1rio.<\/p>\n\n\n\n<p class=\"wp-block-paragraph\">\u200b<strong>Repercuss\u00e3o internacional<\/strong><\/p>\n\n\n\n<p class=\"wp-block-paragraph\">Enquanto a Coreia do Norte refor\u00e7a sua disciplina interna, o cen\u00e1rio externo permanece tenso. Relatos recentes indicam que o pa\u00eds continua priorizando seu programa nuclear e o desenvolvimento de submarinos de propuls\u00e3o at\u00f4mica, apesar das dificuldades econ\u00f4micas citadas pelo pr\u00f3prio Kim durante suas visitas a f\u00e1bricas civis.<\/p>\n\n\n\n<p class=\"wp-block-paragraph\">\u200bA sa\u00edda de Yang Sung-ho, ordenada &#8220;no ato&#8221; por Kim, serve como um aviso severo aos demais oficiais: no atual regime, a falha na execu\u00e7\u00e3o das metas econ\u00f4micas pode resultar em humilha\u00e7\u00e3o p\u00fablica e destitui\u00e7\u00e3o imediata.<\/p>\n","protected":false},"excerpt":{"rendered":"<p>Em um gesto raro de exposi\u00e7\u00e3o p\u00fablica de falhas administrativas, o l\u00edder da Coreia do Norte, Kim Jong-un, demitiu sumariamente o vice-primeiro-ministro Yang Sung-ho. O [&#8230;]<\/p>\n","protected":false},"author":1,"featured_media":2215,"comment_status":"open","ping_status":"open","sticky":false,"template":"","format":"standard","meta":{"_crdt_document":"","_jetpack_memberships_contains_paid_content":false,"footnotes":"","jetpack_publicize_message":"","jetpack_publicize_feature_enabled":true,"jetpack_social_post_already_shared":true,"jetpack_social_options":{"image_generator_settings":{"template":"highway","default_image_id":0,"font":"","enabled":false},"version":2}},"categories":[15],"tags":[],"class_list":["post-2214","post","type-post","status-publish","format-standard","has-post-thumbnail","hentry","category-internacional"],"jetpack_publicize_connections":[],"jetpack_featured_media_url":"https:\/\/i0.wp.com\/oexpressobr.com.br\/wp-content\/uploads\/2026\/01\/000_738W96B.jpg?fit=414%2C280&ssl=1","jetpack_likes_enabled":true,"jetpack_sharing_enabled":true,"_links":{"self":[{"href":"https:\/\/oexpressobr.com.br\/index.php?rest_route=\/wp\/v2\/posts\/2214","targetHints":{"allow":["GET"]}}],"collection":[{"href":"https:\/\/oexpressobr.com.br\/index.php?rest_route=\/wp\/v2\/posts"}],"about":[{"href":"https:\/\/oexpressobr.com.br\/index.php?rest_route=\/wp\/v2\/types\/post"}],"author":[{"embeddable":true,"href":"https:\/\/oexpressobr.com.br\/index.php?rest_route=\/wp\/v2\/users\/1"}],"replies":[{"embeddable":true,"href":"https:\/\/oexpressobr.com.br\/index.php?rest_route=%2Fwp%2Fv2%2Fcomments&post=2214"}],"version-history":[{"count":1,"href":"https:\/\/oexpressobr.com.br\/index.php?rest_route=\/wp\/v2\/posts\/2214\/revisions"}],"predecessor-version":[{"id":2216,"href":"https:\/\/oexpressobr.com.br\/index.php?rest_route=\/wp\/v2\/posts\/2214\/revisions\/2216"}],"wp:featuredmedia":[{"embeddable":true,"href":"https:\/\/oexpressobr.com.br\/index.php?rest_route=\/wp\/v2\/media\/2215"}],"wp:attachment":[{"href":"https:\/\/oexpressobr.com.br\/index.php?rest_route=%2Fwp%2Fv2%2Fmedia&parent=2214"}],"wp:term":[{"taxonomy":"category","embeddable":true,"href":"https:\/\/oexpressobr.com.br\/index.php?rest_route=%2Fwp%2Fv2%2Fcategories&post=2214"},{"taxonomy":"post_tag","embeddable":true,"href":"https:\/\/oexpressobr.com.br\/index.php?rest_route=%2Fwp%2Fv2%2Ftags&post=2214"}],"curies":[{"name":"wp","href":"https:\/\/api.w.org\/{rel}","templated":true}]}}