{"id":2217,"date":"2026-01-21T06:18:51","date_gmt":"2026-01-21T09:18:51","guid":{"rendered":"https:\/\/oexpressobr.com.br\/?p=2217"},"modified":"2026-01-21T06:18:52","modified_gmt":"2026-01-21T09:18:52","slug":"trump-retorna-a-davos-sob-clima-de-tensao-comercial-e-ambicoes-territoriais","status":"publish","type":"post","link":"https:\/\/oexpressobr.com.br\/?p=2217","title":{"rendered":"Trump retorna a Davos sob clima de tens\u00e3o comercial e ambi\u00e7\u00f5es territoriais"},"content":{"rendered":"\n<p class=\"wp-block-paragraph\">O retorno de <strong>Donald Trump<\/strong> ao F\u00f3rum Econ\u00f4mico Mundial, em Davos, marca um ponto de inflex\u00e3o nas discuss\u00f5es sobre a estabilidade geopol\u00edtica global. Ap\u00f3s uma aus\u00eancia f\u00edsica no \u00faltimo ano, quando participou apenas via videoconfer\u00eancia, o presidente americano desembarca nos Alpes su\u00ed\u00e7os carregando uma agenda que mistura <strong>protecionismo econ\u00f4mico agressivo<\/strong> e uma vis\u00e3o peculiar de expans\u00e3o territorial que continua a intrigar \u2014 e preocupar \u2014 a comunidade internacional.<\/p>\n\n\n\n<h3 class=\"wp-block-heading\">\u200bO &#8220;Terremoto&#8221; de Davos: Tarifas e Groenl\u00e2ndia<\/h3>\n\n\n\n<p class=\"wp-block-paragraph\">\u200bA presen\u00e7a de Trump \u00e9 vista como um &#8220;terremoto&#8221; por delegados e CEOs. O desconforto remonta \u00e0s suas declara\u00e7\u00f5es do ano anterior, quando sugeriu abertamente o interesse dos EUA na <strong>Groenl\u00e2ndia<\/strong> e mencionou ambi\u00e7\u00f5es territoriais que afetariam at\u00e9 o <strong>Canad\u00e1<\/strong>.<\/p>\n\n\n\n<p class=\"wp-block-paragraph\">\u200bMais do que a geografia, o que realmente assombra os corredores do F\u00f3rum \u00e9 a sua pol\u00edtica de &#8220;oferta irrecus\u00e1vel&#8221;:<\/p>\n\n\n\n<ul class=\"wp-block-list\">\n<li>\u200b<strong>Ultimato Industrial:<\/strong> Incentivo direto para que empresas globais migrem suas f\u00e1bricas para solo americano.<\/li>\n\n\n\n<li>\u200b<strong>Barreiras Alfandeg\u00e1rias:<\/strong> A amea\u00e7a de tarifas trilion\u00e1rias para quem optar por produzir fora e exportar para os EUA.<\/li>\n\n\n\n<li>\u200b<strong>Soberania Energ\u00e9tica:<\/strong> O foco na explora\u00e7\u00e3o de recursos em regi\u00f5es \u00e1rticas, justificando o interesse estrat\u00e9gico na Groenl\u00e2ndia.<\/li>\n<\/ul>\n\n\n\n<h3 class=\"wp-block-heading\">\u200bO Contexto Geopol\u00edtico Atual<\/h3>\n\n\n\n<p class=\"wp-block-paragraph\">\u200bDiferente do tom diplom\u00e1tico tradicional de Davos, Trump utiliza o palco para refor\u00e7ar o nacionalismo econ\u00f4mico. Especialistas apontam que o interesse na Groenl\u00e2ndia n\u00e3o \u00e9 apenas uma excentricidade, mas uma jogada de mestre no tabuleiro da <strong>seguran\u00e7a nacional<\/strong>, visando:<\/p>\n\n\n\n<ol class=\"wp-block-list\">\n<li>\u200b<strong>Controle de Minerais Cr\u00edticos:<\/strong> Essenciais para a transi\u00e7\u00e3o tecnol\u00f3gica e militar.<\/li>\n\n\n\n<li>\u200b<strong>Rotas Mar\u00edtimas:<\/strong> Com o degelo do \u00c1rtico, novas rotas comerciais se tornam vi\u00e1veis.<\/li>\n\n\n\n<li>\u200b<strong>Contraponto \u00e0 China e R\u00fassia:<\/strong> Ambos os pa\u00edses t\u00eam aumentado significativamente a presen\u00e7a na regi\u00e3o polar.<\/li>\n<\/ol>\n\n\n\n<h3 class=\"wp-block-heading\">\u200bRea\u00e7\u00f5es Internacionais<\/h3>\n\n\n\n<p class=\"wp-block-paragraph\">\u200bL\u00edderes europeus e representantes da Dinamarca (a quem a Groenl\u00e2ndia \u00e9 vinculada) mant\u00eam uma postura de resist\u00eancia firme. A primeira-ministra dinamarquesa j\u00e1 classificou discuss\u00f5es sobre a venda da ilha como &#8220;absurdas&#8221;, mas o governo Trump insiste que a proposta \u00e9 baseada em realidades geoecon\u00f4micas do s\u00e9culo XXI.<\/p>\n\n\n\n<blockquote class=\"wp-block-quote is-layout-flow wp-block-quote-is-layout-flow\">\n<p class=\"wp-block-paragraph\">\u200b&#8221;Trump n\u00e3o vem a Davos para integrar-se ao consenso globalista, mas para ditar as regras de um novo mercado onde os EUA s\u00e3o o centro gravitacional&#8221;, afirma um analista de risco pol\u00edtico presente no evento.<\/p>\n<\/blockquote>\n\n\n\n<h3 class=\"wp-block-heading\">\u200bPerspectivas para a Semana<\/h3>\n\n\n\n<p class=\"wp-block-paragraph\">\u200bEnquanto a neve cobre a vila su\u00ed\u00e7a, o clima dentro do Centro de Congressos \u00e9 de expectativa. Trump prometeu que estaria presente este ano e cumpre a promessa, trazendo consigo a press\u00e3o de um ano eleitoral e a necessidade de mostrar resultados econ\u00f4micos robustos para sua base.<\/p>\n\n\n\n<p class=\"wp-block-paragraph\">\u200b<strong>O que observar nos pr\u00f3ximos dias:<\/strong><\/p>\n\n\n\n<ul class=\"wp-block-list\">\n<li>\u200bEncontros bilaterais com l\u00edderes da Uni\u00e3o Europeia.<\/li>\n\n\n\n<li>\u200bNovos an\u00fancios sobre taxas de importa\u00e7\u00e3o de ve\u00edculos e tecnologia.<\/li>\n\n\n\n<li>\u200bO tom dos discursos sobre as mudan\u00e7as clim\u00e1ticas \u2014 tema central de Davos que colide diretamente com a agenda de Trump.<\/li>\n<\/ul>\n","protected":false},"excerpt":{"rendered":"<p>O retorno de Donald Trump ao F\u00f3rum Econ\u00f4mico Mundial, em Davos, marca um ponto de inflex\u00e3o nas discuss\u00f5es sobre a estabilidade geopol\u00edtica global. Ap\u00f3s uma [&#8230;]<\/p>\n","protected":false},"author":1,"featured_media":2218,"comment_status":"open","ping_status":"open","sticky":false,"template":"","format":"standard","meta":{"_crdt_document":"","_jetpack_memberships_contains_paid_content":false,"footnotes":"","jetpack_publicize_message":"","jetpack_publicize_feature_enabled":true,"jetpack_social_post_already_shared":true,"jetpack_social_options":{"image_generator_settings":{"template":"highway","default_image_id":0,"font":"","enabled":false},"version":2}},"categories":[15],"tags":[],"class_list":["post-2217","post","type-post","status-publish","format-standard","has-post-thumbnail","hentry","category-internacional"],"jetpack_publicize_connections":[],"jetpack_featured_media_url":"https:\/\/i0.wp.com\/oexpressobr.com.br\/wp-content\/uploads\/2026\/01\/4cd58080-f4af-11f0-b385-5f48925de19a.jpg.webp?fit=800%2C449&ssl=1","jetpack_likes_enabled":true,"jetpack_sharing_enabled":true,"_links":{"self":[{"href":"https:\/\/oexpressobr.com.br\/index.php?rest_route=\/wp\/v2\/posts\/2217","targetHints":{"allow":["GET"]}}],"collection":[{"href":"https:\/\/oexpressobr.com.br\/index.php?rest_route=\/wp\/v2\/posts"}],"about":[{"href":"https:\/\/oexpressobr.com.br\/index.php?rest_route=\/wp\/v2\/types\/post"}],"author":[{"embeddable":true,"href":"https:\/\/oexpressobr.com.br\/index.php?rest_route=\/wp\/v2\/users\/1"}],"replies":[{"embeddable":true,"href":"https:\/\/oexpressobr.com.br\/index.php?rest_route=%2Fwp%2Fv2%2Fcomments&post=2217"}],"version-history":[{"count":1,"href":"https:\/\/oexpressobr.com.br\/index.php?rest_route=\/wp\/v2\/posts\/2217\/revisions"}],"predecessor-version":[{"id":2219,"href":"https:\/\/oexpressobr.com.br\/index.php?rest_route=\/wp\/v2\/posts\/2217\/revisions\/2219"}],"wp:featuredmedia":[{"embeddable":true,"href":"https:\/\/oexpressobr.com.br\/index.php?rest_route=\/wp\/v2\/media\/2218"}],"wp:attachment":[{"href":"https:\/\/oexpressobr.com.br\/index.php?rest_route=%2Fwp%2Fv2%2Fmedia&parent=2217"}],"wp:term":[{"taxonomy":"category","embeddable":true,"href":"https:\/\/oexpressobr.com.br\/index.php?rest_route=%2Fwp%2Fv2%2Fcategories&post=2217"},{"taxonomy":"post_tag","embeddable":true,"href":"https:\/\/oexpressobr.com.br\/index.php?rest_route=%2Fwp%2Fv2%2Ftags&post=2217"}],"curies":[{"name":"wp","href":"https:\/\/api.w.org\/{rel}","templated":true}]}}