{"id":2228,"date":"2026-01-21T06:38:11","date_gmt":"2026-01-21T09:38:11","guid":{"rendered":"https:\/\/oexpressobr.com.br\/?p=2228"},"modified":"2026-01-21T06:38:12","modified_gmt":"2026-01-21T09:38:12","slug":"justica-torna-re-influenciadora-acusada-de-agredir-a-propria-mae-no-rio-de-janeiro","status":"publish","type":"post","link":"https:\/\/oexpressobr.com.br\/?p=2228","title":{"rendered":"Justi\u00e7a torna r\u00e9 influenciadora acusada de agredir a pr\u00f3pria m\u00e3e no Rio de Janeiro"},"content":{"rendered":"\n<p class=\"wp-block-paragraph\">influenciadora digital <strong>Vit\u00f3ria Guarizo Demito<\/strong> tornou-se r\u00e9 ap\u00f3s o Minist\u00e9rio P\u00fablico do Rio de Janeiro (MPRJ) apresentar den\u00fancia por les\u00e3o corporal praticada contra sua m\u00e3e. O incidente, ocorrido em outubro de 2024, ganhou novos cap\u00edtulos com a decis\u00e3o da Justi\u00e7a, que agendou a primeira audi\u00eancia de instru\u00e7\u00e3o e julgamento para <strong>mar\u00e7o de 2026<\/strong>.<\/p>\n\n\n\n<h3 class=\"wp-block-heading\">\u200bO desdobramento do caso<\/h3>\n\n\n\n<p class=\"wp-block-paragraph\">\u200bDe acordo com os autos do processo, a den\u00fancia foi aceita ap\u00f3s a an\u00e1lise de laudos periciais e depoimentos que corroboram a acusa\u00e7\u00e3o de agress\u00e3o no \u00e2mbito dom\u00e9stico. O epis\u00f3dio teria ocorrido na resid\u00eancia da fam\u00edlia, resultando em ferimentos f\u00edsicos na genitora da influenciadora.<\/p>\n\n\n\n<ul class=\"wp-block-list\">\n<li>\u200b<strong>A acusa\u00e7\u00e3o:<\/strong> Les\u00e3o corporal qualificada (viol\u00eancia dom\u00e9stica).<\/li>\n\n\n\n<li>\u200b<strong>A defesa:<\/strong> At\u00e9 o momento, a equipe jur\u00eddica da influenciadora mant\u00e9m a postura de que os fatos ser\u00e3o esclarecidos durante o processo, alegando que houve um desentendimento familiar pontual.<\/li>\n\n\n\n<li>\u200b<strong>Pr\u00f3ximo passo:<\/strong> A audi\u00eancia marcada para mar\u00e7o servir\u00e1 para ouvir as testemunhas de acusa\u00e7\u00e3o, defesa e o interrogat\u00f3rio da r\u00e9.<\/li>\n<\/ul>\n\n\n\n<h3 class=\"wp-block-heading\">\u200bHist\u00f3rico de pol\u00eamicas<\/h3>\n\n\n\n<p class=\"wp-block-paragraph\">\u200bVit\u00f3ria Guarizo j\u00e1 havia sido alvo de investiga\u00e7\u00f5es anteriores. Em 2023, ela chegou a ser presa temporariamente sob suspeita de envolvimento em um caso de &#8220;Boa Noite, Cinderela&#8221;, no qual um modelo teria sido dopado e roubado. Embora esse caso tenha dado visibilidade negativa \u00e0 influenciadora, a atual a\u00e7\u00e3o judicial foca estritamente na rela\u00e7\u00e3o familiar e na Lei Maria da Penha, que tamb\u00e9m protege ascendentes em casos de viol\u00eancia dom\u00e9stica.<\/p>\n\n\n\n<h3 class=\"wp-block-heading\">\u200bO que diz a lei<\/h3>\n\n\n\n<p class=\"wp-block-paragraph\">\u200bO crime de les\u00e3o corporal no \u00e2mbito dom\u00e9stico prev\u00ea penas que podem variar de deten\u00e7\u00e3o a restri\u00e7\u00f5es de direitos, dependendo da gravidade das les\u00f5es comprovadas pelo Instituto M\u00e9dico Legal (IML). Por se tratar de um caso envolvendo rela\u00e7\u00f5es familiares, o processo tramita com rigor espec\u00edfico para garantir a prote\u00e7\u00e3o da v\u00edtima.<\/p>\n\n\n\n<blockquote class=\"wp-block-quote is-layout-flow wp-block-quote-is-layout-flow\">\n<p class=\"wp-block-paragraph\">\u200b<strong>Nota do Redator:<\/strong> A audi\u00eancia de mar\u00e7o ser\u00e1 decisiva para definir se haver\u00e1 condena\u00e7\u00e3o ou se medidas protetivas ser\u00e3o mantidas de forma permanente.<\/p>\n<\/blockquote>\n","protected":false},"excerpt":{"rendered":"<p>influenciadora digital Vit\u00f3ria Guarizo Demito tornou-se r\u00e9 ap\u00f3s o Minist\u00e9rio P\u00fablico do Rio de Janeiro (MPRJ) apresentar den\u00fancia por les\u00e3o corporal praticada contra sua m\u00e3e. [&#8230;]<\/p>\n","protected":false},"author":1,"featured_media":2229,"comment_status":"open","ping_status":"open","sticky":false,"template":"","format":"standard","meta":{"_crdt_document":"","_jetpack_memberships_contains_paid_content":false,"footnotes":"","jetpack_publicize_message":"","jetpack_publicize_feature_enabled":true,"jetpack_social_post_already_shared":true,"jetpack_social_options":{"image_generator_settings":{"template":"highway","default_image_id":0,"font":"","enabled":false},"version":2}},"categories":[9],"tags":[],"class_list":["post-2228","post","type-post","status-publish","format-standard","has-post-thumbnail","hentry","category-policia"],"jetpack_publicize_connections":[],"jetpack_featured_media_url":"https:\/\/i0.wp.com\/oexpressobr.com.br\/wp-content\/uploads\/2026\/01\/httpsportalnorte.com_.brwp-adminpost.phppost-292629-action-edit-60-.jpg?fit=984%2C656&ssl=1","jetpack_likes_enabled":true,"jetpack_sharing_enabled":true,"_links":{"self":[{"href":"https:\/\/oexpressobr.com.br\/index.php?rest_route=\/wp\/v2\/posts\/2228","targetHints":{"allow":["GET"]}}],"collection":[{"href":"https:\/\/oexpressobr.com.br\/index.php?rest_route=\/wp\/v2\/posts"}],"about":[{"href":"https:\/\/oexpressobr.com.br\/index.php?rest_route=\/wp\/v2\/types\/post"}],"author":[{"embeddable":true,"href":"https:\/\/oexpressobr.com.br\/index.php?rest_route=\/wp\/v2\/users\/1"}],"replies":[{"embeddable":true,"href":"https:\/\/oexpressobr.com.br\/index.php?rest_route=%2Fwp%2Fv2%2Fcomments&post=2228"}],"version-history":[{"count":1,"href":"https:\/\/oexpressobr.com.br\/index.php?rest_route=\/wp\/v2\/posts\/2228\/revisions"}],"predecessor-version":[{"id":2230,"href":"https:\/\/oexpressobr.com.br\/index.php?rest_route=\/wp\/v2\/posts\/2228\/revisions\/2230"}],"wp:featuredmedia":[{"embeddable":true,"href":"https:\/\/oexpressobr.com.br\/index.php?rest_route=\/wp\/v2\/media\/2229"}],"wp:attachment":[{"href":"https:\/\/oexpressobr.com.br\/index.php?rest_route=%2Fwp%2Fv2%2Fmedia&parent=2228"}],"wp:term":[{"taxonomy":"category","embeddable":true,"href":"https:\/\/oexpressobr.com.br\/index.php?rest_route=%2Fwp%2Fv2%2Fcategories&post=2228"},{"taxonomy":"post_tag","embeddable":true,"href":"https:\/\/oexpressobr.com.br\/index.php?rest_route=%2Fwp%2Fv2%2Ftags&post=2228"}],"curies":[{"name":"wp","href":"https:\/\/api.w.org\/{rel}","templated":true}]}}