{"id":2232,"date":"2026-01-21T06:44:03","date_gmt":"2026-01-21T09:44:03","guid":{"rendered":"https:\/\/oexpressobr.com.br\/?p=2232"},"modified":"2026-01-21T06:44:04","modified_gmt":"2026-01-21T09:44:04","slug":"eduardo-leite-e-vaiado-em-evento-com-lula-e-rebate-manifestantes-e-esse-amor-que-venceu","status":"publish","type":"post","link":"https:\/\/oexpressobr.com.br\/?p=2232","title":{"rendered":"Eduardo Leite \u00e9 vaiado em evento com Lula e rebate manifestantes: &#8220;\u00c9 esse amor que venceu?&#8221;"},"content":{"rendered":"\n<p class=\"wp-block-paragraph\">A cerim\u00f4nia de an\u00fancio da retomada da constru\u00e7\u00e3o de navios da Petrobras no Polo Naval de Rio Grande (RS), realizada nesta semana, foi marcada por um clima de forte polariza\u00e7\u00e3o pol\u00edtica. O governador do Rio Grande do Sul, <strong>Eduardo Leite (PSDB)<\/strong>, enfrentou uma s\u00e9rie de vaias e gritos hostis vindos da plateia \u2014 composta majoritariamente por apoiadores do governo federal \u2014 e n\u00e3o hesitou em responder diretamente do p\u00falpito.<\/p>\n\n\n\n<h3 class=\"wp-block-heading\">\u200bO embate no palanque<\/h3>\n\n\n\n<p class=\"wp-block-paragraph\">\u200bEnquanto discursava ao lado do presidente <strong>Luiz In\u00e1cio Lula da Silva<\/strong>, Leite foi interrompido por manifestantes. Em tom de desabafo e ironia, o governador interrompeu sua fala oficial para questionar o comportamento do p\u00fablico, fazendo refer\u00eancia direta ao slogan utilizado pela campanha petista em 2022.<\/p>\n\n\n\n<blockquote class=\"wp-block-quote is-layout-flow wp-block-quote-is-layout-flow\">\n<p class=\"wp-block-paragraph\">\u200b&#8221;Eu quero perguntar para voc\u00eas que est\u00e3o vaiando: \u00e9 esse o amor que venceu o \u00f3dio? \u00c9 essa a uni\u00e3o que voc\u00eas querem para o Brasil?&#8221;, disparou o governador.<\/p>\n<\/blockquote>\n\n\n\n<p class=\"wp-block-paragraph\">\u200bLeite enfatizou que, apesar das diverg\u00eancias ideol\u00f3gicas, o momento deveria ser de celebra\u00e7\u00e3o institucional, visto que o investimento na ind\u00fastria naval beneficia a economia ga\u00facha como um todo. O governador refor\u00e7ou que a cortesia e o respeito institucional deveriam prevalecer em eventos de Estado.<\/p>\n\n\n\n<h3 class=\"wp-block-heading\">\u200bO contexto do an\u00fancio<\/h3>\n\n\n\n<p class=\"wp-block-paragraph\">\u200bO evento oficializou a contrata\u00e7\u00e3o de novas embarca\u00e7\u00f5es pela <strong>Petrobras<\/strong>, uma medida que visa revitalizar o setor naval brasileiro, duramente atingido nos \u00faltimos anos. Para o Rio Grande do Sul, a retomada do estaleiro representa a gera\u00e7\u00e3o de milhares de empregos diretos e indiretos, motivo pelo qual a presen\u00e7a do governador era protocolar.<\/p>\n\n\n\n<h3 class=\"wp-block-heading\">\u200bRepercuss\u00f5es e desdobramentos<\/h3>\n\n\n\n<p class=\"wp-block-paragraph\">\u200bAp\u00f3s o epis\u00f3dio, as redes sociais tornaram-se campo de batalha entre aliados de Leite, que classificaram as vaias como &#8220;intoler\u00e2ncia pol\u00edtica&#8221;, e opositores, que criticam a gest\u00e3o estadual em \u00e1reas como a educa\u00e7\u00e3o e a seguran\u00e7a p\u00fablica.<\/p>\n\n\n\n<ul class=\"wp-block-list\">\n<li>\u200b<strong>Lula e o Governo Federal:<\/strong> O presidente, embora tenha mantido um tom diplom\u00e1tico durante seu discurso, refor\u00e7ou a import\u00e2ncia da parceria entre estados e Uni\u00e3o, independentemente de partidos.<\/li>\n\n\n\n<li>\u200b<strong>Cen\u00e1rio local:<\/strong> O embate ocorre em um momento em que Eduardo Leite tenta equilibrar sua posi\u00e7\u00e3o de oposi\u00e7\u00e3o moderada ao governo federal com a necessidade de recursos da Uni\u00e3o para a reconstru\u00e7\u00e3o do estado ap\u00f3s as enchentes hist\u00f3ricas de 2024.<\/li>\n<\/ul>\n\n\n\n<p class=\"wp-block-paragraph\">\u200bA tens\u00e3o evidenciada no evento de Rio Grande demonstra que, embora a reconstru\u00e7\u00e3o f\u00edsica do estado avance, a polariza\u00e7\u00e3o pol\u00edtica continua sendo um desafio para o di\u00e1logo institucional no Rio Grande do Sul.<\/p>\n\n\n\n<p class=\"wp-block-paragraph\"><\/p>\n","protected":false},"excerpt":{"rendered":"<p>A cerim\u00f4nia de an\u00fancio da retomada da constru\u00e7\u00e3o de navios da Petrobras no Polo Naval de Rio Grande (RS), realizada nesta semana, foi marcada por [&#8230;]<\/p>\n","protected":false},"author":1,"featured_media":2233,"comment_status":"open","ping_status":"open","sticky":false,"template":"","format":"standard","meta":{"_crdt_document":"","_jetpack_memberships_contains_paid_content":false,"footnotes":"","jetpack_publicize_message":"","jetpack_publicize_feature_enabled":true,"jetpack_social_post_already_shared":true,"jetpack_social_options":{"image_generator_settings":{"template":"highway","default_image_id":0,"font":"","enabled":false},"version":2}},"categories":[3],"tags":[],"class_list":["post-2232","post","type-post","status-publish","format-standard","has-post-thumbnail","hentry","category-brasil"],"jetpack_publicize_connections":[],"jetpack_featured_media_url":"https:\/\/i0.wp.com\/oexpressobr.com.br\/wp-content\/uploads\/2026\/01\/IMG-20260121-WA0095.jpg?fit=607%2C588&ssl=1","jetpack_likes_enabled":true,"jetpack_sharing_enabled":true,"_links":{"self":[{"href":"https:\/\/oexpressobr.com.br\/index.php?rest_route=\/wp\/v2\/posts\/2232","targetHints":{"allow":["GET"]}}],"collection":[{"href":"https:\/\/oexpressobr.com.br\/index.php?rest_route=\/wp\/v2\/posts"}],"about":[{"href":"https:\/\/oexpressobr.com.br\/index.php?rest_route=\/wp\/v2\/types\/post"}],"author":[{"embeddable":true,"href":"https:\/\/oexpressobr.com.br\/index.php?rest_route=\/wp\/v2\/users\/1"}],"replies":[{"embeddable":true,"href":"https:\/\/oexpressobr.com.br\/index.php?rest_route=%2Fwp%2Fv2%2Fcomments&post=2232"}],"version-history":[{"count":1,"href":"https:\/\/oexpressobr.com.br\/index.php?rest_route=\/wp\/v2\/posts\/2232\/revisions"}],"predecessor-version":[{"id":2234,"href":"https:\/\/oexpressobr.com.br\/index.php?rest_route=\/wp\/v2\/posts\/2232\/revisions\/2234"}],"wp:featuredmedia":[{"embeddable":true,"href":"https:\/\/oexpressobr.com.br\/index.php?rest_route=\/wp\/v2\/media\/2233"}],"wp:attachment":[{"href":"https:\/\/oexpressobr.com.br\/index.php?rest_route=%2Fwp%2Fv2%2Fmedia&parent=2232"}],"wp:term":[{"taxonomy":"category","embeddable":true,"href":"https:\/\/oexpressobr.com.br\/index.php?rest_route=%2Fwp%2Fv2%2Fcategories&post=2232"},{"taxonomy":"post_tag","embeddable":true,"href":"https:\/\/oexpressobr.com.br\/index.php?rest_route=%2Fwp%2Fv2%2Ftags&post=2232"}],"curies":[{"name":"wp","href":"https:\/\/api.w.org\/{rel}","templated":true}]}}