{"id":2239,"date":"2026-01-21T13:17:25","date_gmt":"2026-01-21T16:17:25","guid":{"rendered":"https:\/\/oexpressobr.com.br\/?p=2239"},"modified":"2026-01-21T13:17:26","modified_gmt":"2026-01-21T16:17:26","slug":"pf-e-influenciadores-digitais-operacao-narco-azimut-desarticula-esquema-de-lavagem-de-r-39-milhoes-com-criptomoedas","status":"publish","type":"post","link":"https:\/\/oexpressobr.com.br\/?p=2239","title":{"rendered":"PF e influenciadores digitais: opera\u00e7\u00e3o Narco Azimut desarticula esquema de lavagem de R$ 39 milh\u00f5es com criptomoedas"},"content":{"rendered":"\n<p class=\"wp-block-paragraph\">Em uma ofensiva coordenada contra o crime financeiro moderno, a Pol\u00edcia Federal (PF) deflagrou nesta quarta-feira (21 de janeiro de 2026) a <strong>Opera\u00e7\u00e3o Narco Azimut<\/strong>. A a\u00e7\u00e3o mira uma organiza\u00e7\u00e3o criminosa sofisticada, suspeita de movimentar mais de R$ 39 milh\u00f5es em um esquema que utilizava criptoativos para ocultar a origem il\u00edcita de recursos, com conex\u00f5es que envolvem desde o tr\u00e1fico de drogas at\u00e9 influenciadores digitais.<\/p>\n\n\n\n<h3 class=\"wp-block-heading\">\u200bDetalhes da Opera\u00e7\u00e3o e Envolvidos<\/h3>\n\n\n\n<p class=\"wp-block-paragraph\">\u200bDe acordo com as investiga\u00e7\u00f5es, o grupo operava uma estrutura complexa para converter dinheiro em esp\u00e9cie e transfer\u00eancias banc\u00e1rias em criptomoedas, facilitando a evas\u00e3o de divisas e a dissimula\u00e7\u00e3o patrimonial tanto no Brasil quanto no exterior.<\/p>\n\n\n\n<p class=\"wp-block-paragraph\">\u200bA opera\u00e7\u00e3o \u00e9 um desdobramento de investiga\u00e7\u00f5es anteriores que levaram \u00e0 pris\u00e3o do influenciador <strong>Bruno Alexssander Souza Silva<\/strong>, conhecido como <strong>Buzeira<\/strong>, e do empres\u00e1rio <strong>Rodrigo Morgado<\/strong> em outubro de 2025. A PF aponta que os novos alvos desta fase mantinham a engrenagem financeira do grupo funcionando, utilizando empresas de fachada e contas em nome de terceiros (laranjas) sem lastro cont\u00e1bil.<\/p>\n\n\n\n<h3 class=\"wp-block-heading\">\u200bMandados e Apreens\u00f5es<\/h3>\n\n\n\n<p class=\"wp-block-paragraph\">\u200bA Justi\u00e7a Federal expediu sete mandados de pris\u00e3o tempor\u00e1ria e diversos mandados de busca e apreens\u00e3o, que est\u00e3o sendo cumpridos nas seguintes localidades:<\/p>\n\n\n\n<ul class=\"wp-block-list\">\n<li>\u200b<strong>S\u00e3o Paulo:<\/strong> Santos, Ferraz de Vasconcelos, S\u00e3o Bernardo do Campo e S\u00e3o Jos\u00e9 dos Campos;<\/li>\n\n\n\n<li>\u200b<strong>Goi\u00e1s:<\/strong> Goi\u00e2nia;<\/li>\n\n\n\n<li>\u200b<strong>Rio de Janeiro:<\/strong> Arma\u00e7\u00e3o de B\u00fazios.<\/li>\n<\/ul>\n\n\n\n<p class=\"wp-block-paragraph\">\u200bAl\u00e9m das pris\u00f5es, o Poder Judici\u00e1rio determinou o sequestro de bens e o bloqueio de ativos financeiros que ultrapassam a marca de <strong>R$ 670 milh\u00f5es<\/strong>, visando descapitalizar a estrutura da organiza\u00e7\u00e3o. Durante as buscas de hoje, os agentes j\u00e1 apreenderam ve\u00edculos de luxo, dinheiro em esp\u00e9cie e documentos que refor\u00e7am os ind\u00edcios de lavagem de capitais.<\/p>\n\n\n\n<h3 class=\"wp-block-heading\">\u200bConex\u00f5es com o Crime Organizado<\/h3>\n\n\n\n<p class=\"wp-block-paragraph\">\u200bUm dos pontos mais sens\u00edveis da investiga\u00e7\u00e3o \u00e9 a liga\u00e7\u00e3o do esquema com o chamado &#8220;contador do PCC&#8221;. Segundo a Pol\u00edcia Federal, a rede de lavagem de dinheiro servia como suporte log\u00edstico-financeiro para fac\u00e7\u00f5es criminosas, permitindo que o lucro do tr\u00e1fico de entorpecentes fosse &#8220;limpo&#8221; por meio da volatilidade e do relativo anonimato das corretoras de ativos digitais.<\/p>\n\n\n\n<h3 class=\"wp-block-heading\">\u200bContexto Recente<\/h3>\n\n\n\n<p class=\"wp-block-paragraph\">\u200bEsta a\u00e7\u00e3o ocorre apenas um m\u00eas ap\u00f3s a <strong>Opera\u00e7\u00e3o Krypto Laundry<\/strong>, que em dezembro de 2025 revelou um esquema ainda maior, com movimenta\u00e7\u00f5es de R$ 3,8 bilh\u00f5es e ramifica\u00e7\u00f5es na Espanha. O diretor-geral da PF, Andrei Rodrigues, reiterou em comunicados recentes que a institui\u00e7\u00e3o tem investido em tecnologia de rastreio de <em>blockchain<\/em> para combater a falsa sensa\u00e7\u00e3o de impunidade no mercado de criptoativos.<\/p>\n\n\n\n<p class=\"wp-block-paragraph\">\u200bOs investigados poder\u00e3o responder por crimes de <strong>lavagem de dinheiro, evas\u00e3o de divisas e organiza\u00e7\u00e3o criminosa<\/strong>, cujas penas somadas podem ultrapassar 30 anos de reclus\u00e3o. A Pol\u00edcia Federal continua a an\u00e1lise dos materiais apreendidos para identificar outros membros da rede e novos fluxos financeiros il\u00edcitos.<\/p>\n","protected":false},"excerpt":{"rendered":"<p>Em uma ofensiva coordenada contra o crime financeiro moderno, a Pol\u00edcia Federal (PF) deflagrou nesta quarta-feira (21 de janeiro de 2026) a Opera\u00e7\u00e3o Narco Azimut. [&#8230;]<\/p>\n","protected":false},"author":1,"featured_media":2240,"comment_status":"open","ping_status":"open","sticky":false,"template":"","format":"standard","meta":{"_crdt_document":"","_jetpack_memberships_contains_paid_content":false,"footnotes":"","jetpack_publicize_message":"","jetpack_publicize_feature_enabled":true,"jetpack_social_post_already_shared":true,"jetpack_social_options":{"image_generator_settings":{"template":"highway","default_image_id":0,"font":"","enabled":false},"version":2}},"categories":[9],"tags":[],"class_list":["post-2239","post","type-post","status-publish","format-standard","has-post-thumbnail","hentry","category-policia"],"jetpack_publicize_connections":[],"jetpack_featured_media_url":"https:\/\/i0.wp.com\/oexpressobr.com.br\/wp-content\/uploads\/2026\/01\/b3a76751-1964-41d3-9282-d328352a6e15.webp?fit=1170%2C700&ssl=1","jetpack_likes_enabled":true,"jetpack_sharing_enabled":true,"_links":{"self":[{"href":"https:\/\/oexpressobr.com.br\/index.php?rest_route=\/wp\/v2\/posts\/2239","targetHints":{"allow":["GET"]}}],"collection":[{"href":"https:\/\/oexpressobr.com.br\/index.php?rest_route=\/wp\/v2\/posts"}],"about":[{"href":"https:\/\/oexpressobr.com.br\/index.php?rest_route=\/wp\/v2\/types\/post"}],"author":[{"embeddable":true,"href":"https:\/\/oexpressobr.com.br\/index.php?rest_route=\/wp\/v2\/users\/1"}],"replies":[{"embeddable":true,"href":"https:\/\/oexpressobr.com.br\/index.php?rest_route=%2Fwp%2Fv2%2Fcomments&post=2239"}],"version-history":[{"count":1,"href":"https:\/\/oexpressobr.com.br\/index.php?rest_route=\/wp\/v2\/posts\/2239\/revisions"}],"predecessor-version":[{"id":2241,"href":"https:\/\/oexpressobr.com.br\/index.php?rest_route=\/wp\/v2\/posts\/2239\/revisions\/2241"}],"wp:featuredmedia":[{"embeddable":true,"href":"https:\/\/oexpressobr.com.br\/index.php?rest_route=\/wp\/v2\/media\/2240"}],"wp:attachment":[{"href":"https:\/\/oexpressobr.com.br\/index.php?rest_route=%2Fwp%2Fv2%2Fmedia&parent=2239"}],"wp:term":[{"taxonomy":"category","embeddable":true,"href":"https:\/\/oexpressobr.com.br\/index.php?rest_route=%2Fwp%2Fv2%2Fcategories&post=2239"},{"taxonomy":"post_tag","embeddable":true,"href":"https:\/\/oexpressobr.com.br\/index.php?rest_route=%2Fwp%2Fv2%2Ftags&post=2239"}],"curies":[{"name":"wp","href":"https:\/\/api.w.org\/{rel}","templated":true}]}}