{"id":224,"date":"2025-12-02T11:48:25","date_gmt":"2025-12-02T14:48:25","guid":{"rendered":"https:\/\/oexpressobr.com.br\/?p=224"},"modified":"2025-12-02T11:48:25","modified_gmt":"2025-12-02T14:48:25","slug":"caso-benicio-medica-assume-erro-fatal-na-prescricao-de-adrenalina-e-mae-denuncia-uso-de-celular-no-atendimento","status":"publish","type":"post","link":"https:\/\/oexpressobr.com.br\/?p=224","title":{"rendered":"Caso Ben\u00edcio: M\u00e9dica Assume Erro Fatal na Prescri\u00e7\u00e3o de Adrenalina, e M\u00e3e Denuncia Uso de Celular no Atendimento"},"content":{"rendered":"\n<p class=\"wp-block-paragraph\">\u200bA morte tr\u00e1gica de Ben\u00edcio Xavier Freitas, de apenas 6 anos, em um hospital particular de Manaus, chocou o pa\u00eds e ganhou novos e preocupantes desdobramentos. O menino, que buscava atendimento para uma suspeita de faringite, veio a \u00f3bito ap\u00f3s receber uma dose de adrenalina por via endovenosa (EV) \u2014 uma aplica\u00e7\u00e3o fatal, visto que o medicamento, segundo a prescri\u00e7\u00e3o original, era para ser inalado.<\/p>\n\n\n\n<p class=\"wp-block-paragraph\">\u200bA m\u00e9dica respons\u00e1vel pelo atendimento de Ben\u00edcio admitiu o erro na prescri\u00e7\u00e3o. Em prints de conversas com um diretor de plant\u00e3o, ela teria confessado: <strong>\u201cEu errei a prescri\u00e7\u00e3o. Prescrevi inala\u00e7\u00e3o com adrenalina e acabaram fazendo &#8216;ev&#8217;. O paciente est\u00e1 passando mal, ficou todo amarelo. Pede para algu\u00e9m da UTI descer. Urgente\u201d<\/strong>. A crian\u00e7a sofreu m\u00faltiplas paradas card\u00edacas logo ap\u00f3s a aplica\u00e7\u00e3o equivocada.<\/p>\n\n\n\n<h3 class=\"wp-block-heading\">\u200bAcusa\u00e7\u00f5es de Neglig\u00eancia e Celular no Atendimento<\/h3>\n\n\n\n<p class=\"wp-block-paragraph\">\u200bEm meio \u00e0 dor e \u00e0 busca por justi\u00e7a, a m\u00e3e de Ben\u00edcio, Alany Xaxier, fez uma grave den\u00fancia que aumenta a como\u00e7\u00e3o e a revolta do p\u00fablico. Segundo seu relato \u00e0 imprensa, a m\u00e9dica demonstrou despreparo e pouca aten\u00e7\u00e3o durante os momentos cr\u00edticos em que seu filho sofria.<\/p>\n\n\n\n<blockquote class=\"wp-block-quote is-layout-flow wp-block-quote-is-layout-flow\">\n<p class=\"wp-block-paragraph\">\u200b\u201cEla n\u00e3o sabia o que fazer, n\u00e3o sa\u00eda do telefone. A impress\u00e3o que passava para a gente \u00e9 que algu\u00e9m estava a orientando pelo telefone, porque ela n\u00e3o sabia como agir\u201d, disse a m\u00e3e.<\/p>\n<\/blockquote>\n\n\n\n<p class=\"wp-block-paragraph\">\u200bA acusa\u00e7\u00e3o de que a m\u00e9dica estava no celular enquanto Ben\u00edcio passava mal, possivelmente buscando orienta\u00e7\u00e3o externa, refor\u00e7a a alega\u00e7\u00e3o de neglig\u00eancia e se soma ao erro de prescri\u00e7\u00e3o j\u00e1 admitido.<\/p>\n\n\n\n<h3 class=\"wp-block-heading\">\u200bInvestiga\u00e7\u00e3o e Desdobramentos Atuais<\/h3>\n\n\n\n<p class=\"wp-block-paragraph\">\u200bO caso est\u00e1 sendo investigado pela Pol\u00edcia Civil do Amazonas. A m\u00e9dica e outros profissionais envolvidos j\u00e1 prestaram depoimento, mas as autoridades indicam que h\u00e1 incongru\u00eancias nas vers\u00f5es apresentadas. A fam\u00edlia, por meio do pai de Ben\u00edcio, Bruno Freitas, manifestou o desejo de que a verdade seja estabelecida e que os respons\u00e1veis sejam devidamente punidos.<\/p>\n\n\n\n<p class=\"wp-block-paragraph\">\u200bEm resposta \u00e0 repercuss\u00e3o do caso, o Minist\u00e9rio P\u00fablico do Amazonas (MP-AM) agiu prontamente e solicitou a suspens\u00e3o do registro profissional da m\u00e9dica. A institui\u00e7\u00e3o hospitalar onde o fato ocorreu reconheceu a gravidade e sensibilidade do caso, mas a investiga\u00e7\u00e3o segue para determinar todas as responsabilidades, tanto da profissional quanto do hospital.<\/p>\n\n\n\n<h3 class=\"wp-block-heading\">\u200bO Perigo da Adrenalina Endovenosa<\/h3>\n\n\n\n<p class=\"wp-block-paragraph\">\u200bA adrenalina \u00e9 um potente horm\u00f4nio e neurotransmissor, usado em sua forma sint\u00e9tica para emerg\u00eancias como choque anafil\u00e1tico ou parada card\u00edaca, mas sua administra\u00e7\u00e3o exige extremo cuidado. Quando injetada diretamente na veia em dose inadequada ou fora da indica\u00e7\u00e3o correta, seus efeitos cardiovasculares s\u00e3o imediatos e potencialmente letais, podendo levar rapidamente a arritmias graves e m\u00faltiplas paradas card\u00edacas, como lamentavelmente ocorreu com o pequeno Ben\u00edcio.<\/p>\n","protected":false},"excerpt":{"rendered":"<p>\u200bA morte tr\u00e1gica de Ben\u00edcio Xavier Freitas, de apenas 6 anos, em um hospital particular de Manaus, chocou o pa\u00eds e ganhou novos e preocupantes [&#8230;]<\/p>\n","protected":false},"author":1,"featured_media":225,"comment_status":"open","ping_status":"open","sticky":false,"template":"","format":"standard","meta":{"_crdt_document":"","_jetpack_memberships_contains_paid_content":false,"footnotes":"","jetpack_publicize_message":"","jetpack_publicize_feature_enabled":true,"jetpack_social_post_already_shared":false,"jetpack_social_options":{"image_generator_settings":{"template":"highway","default_image_id":0,"font":"","enabled":false},"version":2}},"categories":[9],"tags":[],"class_list":["post-224","post","type-post","status-publish","format-standard","has-post-thumbnail","hentry","category-policia"],"jetpack_publicize_connections":[],"jetpack_featured_media_url":"https:\/\/i0.wp.com\/oexpressobr.com.br\/wp-content\/uploads\/2025\/12\/IMG-20251202-WA0078.jpg?fit=1200%2C632&ssl=1","jetpack_likes_enabled":true,"jetpack_sharing_enabled":true,"_links":{"self":[{"href":"https:\/\/oexpressobr.com.br\/index.php?rest_route=\/wp\/v2\/posts\/224","targetHints":{"allow":["GET"]}}],"collection":[{"href":"https:\/\/oexpressobr.com.br\/index.php?rest_route=\/wp\/v2\/posts"}],"about":[{"href":"https:\/\/oexpressobr.com.br\/index.php?rest_route=\/wp\/v2\/types\/post"}],"author":[{"embeddable":true,"href":"https:\/\/oexpressobr.com.br\/index.php?rest_route=\/wp\/v2\/users\/1"}],"replies":[{"embeddable":true,"href":"https:\/\/oexpressobr.com.br\/index.php?rest_route=%2Fwp%2Fv2%2Fcomments&post=224"}],"version-history":[{"count":0,"href":"https:\/\/oexpressobr.com.br\/index.php?rest_route=\/wp\/v2\/posts\/224\/revisions"}],"wp:featuredmedia":[{"embeddable":true,"href":"https:\/\/oexpressobr.com.br\/index.php?rest_route=\/wp\/v2\/media\/225"}],"wp:attachment":[{"href":"https:\/\/oexpressobr.com.br\/index.php?rest_route=%2Fwp%2Fv2%2Fmedia&parent=224"}],"wp:term":[{"taxonomy":"category","embeddable":true,"href":"https:\/\/oexpressobr.com.br\/index.php?rest_route=%2Fwp%2Fv2%2Fcategories&post=224"},{"taxonomy":"post_tag","embeddable":true,"href":"https:\/\/oexpressobr.com.br\/index.php?rest_route=%2Fwp%2Fv2%2Ftags&post=224"}],"curies":[{"name":"wp","href":"https:\/\/api.w.org\/{rel}","templated":true}]}}